{"id":1117,"date":"2013-08-15T18:19:43","date_gmt":"2013-08-15T18:19:43","guid":{"rendered":"http:\/\/patchworkperlesetbroderies.wordpress.com\/?p=1117"},"modified":"2015-10-20T18:24:30","modified_gmt":"2015-10-20T17:24:30","slug":"la-fete-du-fil-a-labastide-rouairoux","status":"publish","type":"post","link":"https:\/\/www.patchwork-perles-broderies.com\/blog\/2013\/08\/15\/la-fete-du-fil-a-labastide-rouairoux\/","title":{"rendered":"La f\u00eate du fil \u00e0 Labastide Rouairoux"},"content":{"rendered":"<p style=\"text-align: justify;\">Un temps radieux pour cette journ\u00e9e du 15 Aout qui a \u00e9t\u00e9 le compl\u00e9ment agr\u00e9able d&rsquo;une journ\u00e9e bien sympathique. Les puces des couturi\u00e8res s&rsquo;\u00e9taient install\u00e9es en plein air et l&rsquo;immense jardin permettait une visite facile et sans bousculade. Nous avons ensuite \u00e9t\u00e9 revoir le mus\u00e9e du fil. H\u00e9las l&rsquo;usine a ferm\u00e9 et il ne reste plus que le mus\u00e9e et ses extraordinaires et tr\u00e8s complexes machines soigneusement pr\u00e9serv\u00e9es et entretenues. J&rsquo;adore ces machines impressionnantes \u00a0de robustesse et qui effectuaient \u00a0magnifiquement des t\u00e2ches compliqu\u00e9es sans le secours du moindre ordinateur.<!--more--><\/p>\n<p><a href=\"http:\/\/www.patchwork-perles-broderies.com\/blog\/wp-content\/uploads\/2013\/08\/la-cueillette-du-coco.jpg\"><img loading=\"lazy\" decoding=\"async\" class=\"wp-image-1120 size-full alignleft\" title=\"La cueillette du coco\" src=\"http:\/\/www.patchwork-perles-broderies.com\/blog\/wp-content\/uploads\/2013\/08\/la-cueillette-du-coco.jpg\" alt=\"\" width=\"221\" height=\"600\" srcset=\"https:\/\/www.patchwork-perles-broderies.com\/blog\/wp-content\/uploads\/2013\/08\/la-cueillette-du-coco.jpg 221w, https:\/\/www.patchwork-perles-broderies.com\/blog\/wp-content\/uploads\/2013\/08\/la-cueillette-du-coco-111x300.jpg 111w\" sizes=\"auto, (max-width: 221px) 100vw, 221px\" \/><\/a><\/p>\n<p style=\"text-align: justify;\">Mais ce soir j&rsquo;aimerais vous parler surtout de l&rsquo;\u00e9merveillement que j&rsquo;ai ressenti en contemplant l&rsquo;exposition de l&rsquo;<em>atelier Indra.<\/em><\/p>\n<p style=\"text-align: justify;\">Au d\u00e9part de cet atelier une histoire d&rsquo;amour entre un couple de fran\u00e7ais et l&rsquo;Inde. Ils ont voulu donner du travail aux femmes de Pondich\u00e9ry et petit \u00e0 petit le petit atelier de brodeuses du d\u00e9part a grandi \u00a0et actuellement il assure du travail \u00e0 265 femmes. Leur histoire, les b\u00e9n\u00e9voles qui encadrent les expositions vous la raconteront. On ressent leur amour pour ces femmes, pour leurs oeuvres. Un monsieur m&rsquo;a gravement expliqu\u00e9 la technique d&rsquo;application&#8230;. une technique que je comprenais bien mieux que lui \u00e9tant donn\u00e9 mon go\u00fbt de l&rsquo;appliqu\u00e9- \u00a0naturellement je ne le lui ai pas dit.<\/p>\n<p style=\"text-align: justify;\">Mais j&rsquo;ai \u00e9t\u00e9 attendrie par son d\u00e9sir de nous faire comprendre \u00e0 la fois la nature du travail et l&rsquo;histoire qui se cachait derri\u00e8re chaque tableau, l\u00e9gendes, traditions.<\/p>\n<p style=\"text-align: justify;\">Naturellement nous avons de l&rsquo;Inde une image qui est peut \u00eatre simplement une image d&rsquo;Epinal: \u00a0des \u00e9l\u00e9phants surmont\u00e9s de palanquins \u00a0dans lesquels se pr\u00e9lassent des radjah couverts de bijoux . Et dans la jungle touffue \u00a0vol\u00e8tent des oiseaux multicolores.<br \/>\nEh bien les broderies de l&rsquo;atelier indra m&rsquo;ont donn\u00e9 \u00a0cela.<\/p>\n<p><a href=\"http:\/\/www.patchwork-perles-broderies.com\/blog\/wp-content\/uploads\/2013\/08\/c3a9lc3a9phant-de-la-reine.jpg\"><img loading=\"lazy\" decoding=\"async\" class=\"  alignright wp-image-1118 size-medium\" title=\"l'\u00e9l\u00e9phant de la reine\" src=\"http:\/\/www.patchwork-perles-broderies.com\/blog\/wp-content\/uploads\/2013\/08\/c3a9lc3a9phant-de-la-reine-300x231.jpg\" alt=\"\u00e9l\u00e9phant de la reine\" width=\"300\" height=\"231\" srcset=\"https:\/\/www.patchwork-perles-broderies.com\/blog\/wp-content\/uploads\/2013\/08\/c3a9lc3a9phant-de-la-reine-300x231.jpg 300w, https:\/\/www.patchwork-perles-broderies.com\/blog\/wp-content\/uploads\/2013\/08\/c3a9lc3a9phant-de-la-reine-624x479.jpg 624w, https:\/\/www.patchwork-perles-broderies.com\/blog\/wp-content\/uploads\/2013\/08\/c3a9lc3a9phant-de-la-reine.jpg 790w\" sizes=\"auto, (max-width: 300px) 100vw, 300px\" \/><\/a><\/p>\n<p style=\"text-align: justify;\">Je voudrais vous dire \u00e0 quel point j&rsquo;ai \u00e9t\u00e9 \u00e9merveill\u00e9e de la perfection et de la finesse de ce travail. Les tableaux sont r\u00e9alis\u00e9s avec une combinaison d&rsquo;applications en broderie perse et de broderies. Le point d&rsquo;application fait \u00e0 peine 1mm de large ce qui permet de mettre garder tout le relief et l&rsquo;expressivit\u00e9 du dessin. Les oiseaux volent, les fleurs vivent, les personnages semblent r\u00e9els. Toute la gr\u00e2ce, la po\u00e9sie et la fantaisie de l&rsquo;\u00e2me indienne se retrouvent l\u00e0. J&rsquo;ai pr\u00e9f\u00e9r\u00e9 les oiseaux et les fleurs, probablement parce que j&rsquo;adore les oiseaux et les fleurs, mais les sc\u00e8nes de la vie quotidienne, sont superbes aussi.<\/p>\n<p style=\"text-align: justify;\">Naturellement un travail d&rsquo;une telle finesse, m\u00eame r\u00e9alis\u00e9e par des mains agiles et entra\u00een\u00e9es demande beaucoup de temps&#8230;. plus d&rsquo;une ann\u00e9e \u00a0dans certains cas, un nombre d&rsquo;heures de travail qui donne le vertige.<\/p>\n<p><a href=\"http:\/\/www.patchwork-perles-broderies.com\/blog\/wp-content\/uploads\/2013\/08\/gazouillements-du-soir.jpg\"><img loading=\"lazy\" decoding=\"async\" class=\"alignleft wp-image-1119 size-full\" title=\"gazouillements du soir\" src=\"http:\/\/www.patchwork-perles-broderies.com\/blog\/wp-content\/uploads\/2013\/08\/gazouillements-du-soir.jpg\" alt=\"gazouillements du soirf\" width=\"207\" height=\"800\" srcset=\"https:\/\/www.patchwork-perles-broderies.com\/blog\/wp-content\/uploads\/2013\/08\/gazouillements-du-soir.jpg 207w, https:\/\/www.patchwork-perles-broderies.com\/blog\/wp-content\/uploads\/2013\/08\/gazouillements-du-soir-78x300.jpg 78w\" sizes=\"auto, (max-width: 207px) 100vw, 207px\" \/><\/a><\/p>\n<p style=\"text-align: justify;\">Tout est vendu au profit des femmes de Pondich\u00e9ry. Et les prix demand\u00e9s sont plus que raisonnables si on consid\u00e8re l&rsquo;investissement des brodeuses.<\/p>\n<p style=\"text-align: justify;\">Nous n&rsquo;avions pas le droit de photographier, mais une bonne partie des oeuvres propos\u00e9es sont sur le site \u00a0http:\/\/www.atelier-indra.org\/fr\/Indra.<\/p>\n<p style=\"text-align: justify;\">J&rsquo;en reproduis deux ou trois, mais n&rsquo;h\u00e9sitez pas \u00e0 aller voir les autres.<br \/>\nEt si une des expositions propos\u00e9es a lieu pr\u00e8s de chez vous n&rsquo;h\u00e9sitez pas \u00e0 aller les voir \u00ab\u00a0en vrai\u00a0\u00bb. Cela vaut le d\u00e9placement.<\/p>\n","protected":false},"excerpt":{"rendered":"<p>Un temps radieux pour cette journ\u00e9e du 15 Aout qui a \u00e9t\u00e9 le compl\u00e9ment agr\u00e9able d&rsquo;une journ\u00e9e bien sympathique. Les puces des couturi\u00e8res s&rsquo;\u00e9taient install\u00e9es en plein air et l&rsquo;immense jardin permettait une visite facile et sans bousculade. Nous avons ensuite \u00e9t\u00e9 revoir le mus\u00e9e du fil. H\u00e9las l&rsquo;usine a ferm\u00e9 et il ne reste [&hellip;]<\/p>\n","protected":false},"author":1,"featured_media":0,"comment_status":"open","ping_status":"open","sticky":false,"template":"","format":"standard","meta":{"footnotes":""},"categories":[2,5,226],"tags":[34,101,171],"class_list":["post-1117","post","type-post","status-publish","format-standard","hentry","category-applique","category-broderie","category-expositions","tag-atelier-indra","tag-inde","tag-pondichery"],"aioseo_notices":[],"_links":{"self":[{"href":"https:\/\/www.patchwork-perles-broderies.com\/blog\/wp-json\/wp\/v2\/posts\/1117","targetHints":{"allow":["GET"]}}],"collection":[{"href":"https:\/\/www.patchwork-perles-broderies.com\/blog\/wp-json\/wp\/v2\/posts"}],"about":[{"href":"https:\/\/www.patchwork-perles-broderies.com\/blog\/wp-json\/wp\/v2\/types\/post"}],"author":[{"embeddable":true,"href":"https:\/\/www.patchwork-perles-broderies.com\/blog\/wp-json\/wp\/v2\/users\/1"}],"replies":[{"embeddable":true,"href":"https:\/\/www.patchwork-perles-broderies.com\/blog\/wp-json\/wp\/v2\/comments?post=1117"}],"version-history":[{"count":2,"href":"https:\/\/www.patchwork-perles-broderies.com\/blog\/wp-json\/wp\/v2\/posts\/1117\/revisions"}],"predecessor-version":[{"id":2756,"href":"https:\/\/www.patchwork-perles-broderies.com\/blog\/wp-json\/wp\/v2\/posts\/1117\/revisions\/2756"}],"wp:attachment":[{"href":"https:\/\/www.patchwork-perles-broderies.com\/blog\/wp-json\/wp\/v2\/media?parent=1117"}],"wp:term":[{"taxonomy":"category","embeddable":true,"href":"https:\/\/www.patchwork-perles-broderies.com\/blog\/wp-json\/wp\/v2\/categories?post=1117"},{"taxonomy":"post_tag","embeddable":true,"href":"https:\/\/www.patchwork-perles-broderies.com\/blog\/wp-json\/wp\/v2\/tags?post=1117"}],"curies":[{"name":"wp","href":"https:\/\/api.w.org\/{rel}","templated":true}]}}