{"id":1123,"date":"2013-08-28T17:21:13","date_gmt":"2013-08-28T17:21:13","guid":{"rendered":"http:\/\/patchworkperlesetbroderies.wordpress.com\/?p=1123"},"modified":"2015-10-20T18:13:46","modified_gmt":"2015-10-20T17:13:46","slug":"bal-masque-a-la-fete-du-fil","status":"publish","type":"post","link":"https:\/\/www.patchwork-perles-broderies.com\/blog\/2013\/08\/28\/bal-masque-a-la-fete-du-fil\/","title":{"rendered":"Bal masqu\u00e9 \u00e0 la f\u00eate du fil"},"content":{"rendered":"<p>L&rsquo;autre jour je vous ai parl\u00e9 des broderies indiennes.<\/p>\n<p style=\"text-align: justify;\">Autre source d&rsquo;\u00e9merveillement: les masques fabuleux pr\u00e9sent\u00e9s par les dentelli\u00e8res. Une technique superbement ma\u00eetris\u00e9e au service d&rsquo;une cr\u00e9ativit\u00e9 et d&rsquo;une fantaisie qui m&rsquo;ont enchant\u00e9es. J&rsquo;avais pris leurs coordonn\u00e9es &#8230; mais j&rsquo;ai \u00e9gar\u00e9 le papier et ne peut donc donner le nom des dentelli\u00e8res ni m\u00eame celui du club! J&rsquo;esp\u00e8re qu&rsquo;elles m&rsquo;excuseront et que nous nous reverrons l&rsquo;an prochain.<\/p>\n<p>Quelques exemples&#8230;. on aurait voulu tout photographier!<\/p>\n<table>\n<tbody>\n<tr>\n<td><img loading=\"lazy\" decoding=\"async\" class=\"wp-image-1124 size-medium alignleft\" src=\"http:\/\/www.patchwork-perles-broderies.com\/blog\/wp-content\/uploads\/2013\/08\/masque1-278x300.jpg\" alt=\"\" width=\"278\" height=\"300\" srcset=\"https:\/\/www.patchwork-perles-broderies.com\/blog\/wp-content\/uploads\/2013\/08\/masque1-278x300.jpg 278w, https:\/\/www.patchwork-perles-broderies.com\/blog\/wp-content\/uploads\/2013\/08\/masque1-624x673.jpg 624w, https:\/\/www.patchwork-perles-broderies.com\/blog\/wp-content\/uploads\/2013\/08\/masque1.jpg 709w\" sizes=\"auto, (max-width: 278px) 100vw, 278px\" \/><\/td>\n<td><img loading=\"lazy\" decoding=\"async\" class=\"wp-image-1125 size-medium alignright\" src=\"http:\/\/www.patchwork-perles-broderies.com\/blog\/wp-content\/uploads\/2013\/08\/masque-265x300.jpg\" alt=\"\" width=\"265\" height=\"300\" srcset=\"https:\/\/www.patchwork-perles-broderies.com\/blog\/wp-content\/uploads\/2013\/08\/masque-265x300.jpg 265w, https:\/\/www.patchwork-perles-broderies.com\/blog\/wp-content\/uploads\/2013\/08\/masque-624x708.jpg 624w, https:\/\/www.patchwork-perles-broderies.com\/blog\/wp-content\/uploads\/2013\/08\/masque.jpg 709w\" sizes=\"auto, (max-width: 265px) 100vw, 265px\" \/><\/td>\n<\/tr>\n<\/tbody>\n<\/table>\n<p>&nbsp;<\/p>\n<p><a href=\"http:\/\/www.patchwork-perles-broderies.com\/blog\/wp-content\/uploads\/2013\/08\/masque3.jpg\"><img loading=\"lazy\" decoding=\"async\" class=\"aligncenter wp-image-1126 size-medium\" src=\"http:\/\/www.patchwork-perles-broderies.com\/blog\/wp-content\/uploads\/2013\/08\/masque3-300x259.jpg\" alt=\"\" width=\"300\" height=\"259\" srcset=\"https:\/\/www.patchwork-perles-broderies.com\/blog\/wp-content\/uploads\/2013\/08\/masque3-300x259.jpg 300w, https:\/\/www.patchwork-perles-broderies.com\/blog\/wp-content\/uploads\/2013\/08\/masque3-1024x885.jpg 1024w, https:\/\/www.patchwork-perles-broderies.com\/blog\/wp-content\/uploads\/2013\/08\/masque3-624x539.jpg 624w, https:\/\/www.patchwork-perles-broderies.com\/blog\/wp-content\/uploads\/2013\/08\/masque3.jpg 1276w\" sizes=\"auto, (max-width: 300px) 100vw, 300px\" \/><\/a><\/p>\n","protected":false},"excerpt":{"rendered":"<p>L&rsquo;autre jour je vous ai parl\u00e9 des broderies indiennes. Autre source d&rsquo;\u00e9merveillement: les masques fabuleux pr\u00e9sent\u00e9s par les dentelli\u00e8res. Une technique superbement ma\u00eetris\u00e9e au service d&rsquo;une cr\u00e9ativit\u00e9 et d&rsquo;une fantaisie qui m&rsquo;ont enchant\u00e9es. J&rsquo;avais pris leurs coordonn\u00e9es &#8230; mais j&rsquo;ai \u00e9gar\u00e9 le papier et ne peut donc donner le nom des dentelli\u00e8res ni m\u00eame celui [&hellip;]<\/p>\n","protected":false},"author":1,"featured_media":0,"comment_status":"open","ping_status":"open","sticky":false,"template":"","format":"standard","meta":{"footnotes":""},"categories":[8],"tags":[],"class_list":["post-1123","post","type-post","status-publish","format-standard","hentry","category-dentelles"],"aioseo_notices":[],"_links":{"self":[{"href":"https:\/\/www.patchwork-perles-broderies.com\/blog\/wp-json\/wp\/v2\/posts\/1123","targetHints":{"allow":["GET"]}}],"collection":[{"href":"https:\/\/www.patchwork-perles-broderies.com\/blog\/wp-json\/wp\/v2\/posts"}],"about":[{"href":"https:\/\/www.patchwork-perles-broderies.com\/blog\/wp-json\/wp\/v2\/types\/post"}],"author":[{"embeddable":true,"href":"https:\/\/www.patchwork-perles-broderies.com\/blog\/wp-json\/wp\/v2\/users\/1"}],"replies":[{"embeddable":true,"href":"https:\/\/www.patchwork-perles-broderies.com\/blog\/wp-json\/wp\/v2\/comments?post=1123"}],"version-history":[{"count":2,"href":"https:\/\/www.patchwork-perles-broderies.com\/blog\/wp-json\/wp\/v2\/posts\/1123\/revisions"}],"predecessor-version":[{"id":2754,"href":"https:\/\/www.patchwork-perles-broderies.com\/blog\/wp-json\/wp\/v2\/posts\/1123\/revisions\/2754"}],"wp:attachment":[{"href":"https:\/\/www.patchwork-perles-broderies.com\/blog\/wp-json\/wp\/v2\/media?parent=1123"}],"wp:term":[{"taxonomy":"category","embeddable":true,"href":"https:\/\/www.patchwork-perles-broderies.com\/blog\/wp-json\/wp\/v2\/categories?post=1123"},{"taxonomy":"post_tag","embeddable":true,"href":"https:\/\/www.patchwork-perles-broderies.com\/blog\/wp-json\/wp\/v2\/tags?post=1123"}],"curies":[{"name":"wp","href":"https:\/\/api.w.org\/{rel}","templated":true}]}}