{"id":1129,"date":"2013-09-22T17:21:32","date_gmt":"2013-09-22T17:21:32","guid":{"rendered":"http:\/\/patchworkperlesetbroderies.wordpress.com\/?p=1129"},"modified":"2015-10-20T18:09:30","modified_gmt":"2015-10-20T17:09:30","slug":"des-carres-des-carres","status":"publish","type":"post","link":"https:\/\/www.patchwork-perles-broderies.com\/blog\/2013\/09\/22\/des-carres-des-carres\/","title":{"rendered":"des carr\u00e9s, des carr\u00e9s.."},"content":{"rendered":"<p style=\"text-align: justify;\">J&rsquo;avais toute une s\u00e9rie de bandes d&rsquo;\u00e9chantillons donn\u00e9es par ma merci\u00e8re favorite (h\u00e9las \u00e0 la retraite maintenant et non remplac\u00e9e). J&rsquo;ai profit\u00e9 du temps pourri du mois de Juin qui interdisait les promenades pour les couper tous \u00e0 la m\u00eame dimension. Puis j&rsquo;ai fait le top. Au d\u00e9but je voulais mettre le petit carr\u00e9 au milieu du grand et puis \u00a0j&rsquo;ai vu \u00a0des tas de quilts qui employaient ce proc\u00e9d\u00e9 et j&rsquo;ai cherch\u00e9 une autre id\u00e9e. Apr\u00e8s plusieurs essais j&rsquo;ai d\u00e9cid\u00e9 de mettre le petit carr\u00e9 dans l&rsquo;angle du grand. Ca me semblait manquer un peu d&rsquo;animation et j&rsquo;ai donc rajout\u00e9 les silhouettes de chat&#8230; J&rsquo;avais commenc\u00e9 par faire une maquette avec du papier noir et \u00e7a m&rsquo;a bien pl\u00fb.<\/p>\n<p style=\"text-align: justify;\">Et maintenant cela attend l&rsquo;hiver pour le matelassage. Je crains de devoir m&rsquo;y mettre tr\u00e8s vite d&rsquo;ailleurs!<\/p>\n<p><a href=\"http:\/\/www.patchwork-perles-broderies.com\/blog\/wp-content\/uploads\/2013\/09\/maquette-c3a9chantillons.gif\"><img loading=\"lazy\" decoding=\"async\" class=\"aligncenter wp-image-1130 size-full\" src=\"http:\/\/www.patchwork-perles-broderies.com\/blog\/wp-content\/uploads\/2013\/09\/maquette-c3a9chantillons.gif\" alt=\"maquette-\u00e9chantillons\" width=\"567\" height=\"565\" \/><\/a><\/p>\n","protected":false},"excerpt":{"rendered":"<p>J&rsquo;avais toute une s\u00e9rie de bandes d&rsquo;\u00e9chantillons donn\u00e9es par ma merci\u00e8re favorite (h\u00e9las \u00e0 la retraite maintenant et non remplac\u00e9e). J&rsquo;ai profit\u00e9 du temps pourri du mois de Juin qui interdisait les promenades pour les couper tous \u00e0 la m\u00eame dimension. Puis j&rsquo;ai fait le top. Au d\u00e9but je voulais mettre le petit carr\u00e9 au [&hellip;]<\/p>\n","protected":false},"author":1,"featured_media":0,"comment_status":"open","ping_status":"open","sticky":false,"template":"","format":"standard","meta":{"footnotes":""},"categories":[13],"tags":[52,36,192],"class_list":["post-1129","post","type-post","status-publish","format-standard","hentry","category-technique-patch","tag-carres","tag-echantillons","tag-silhouettes"],"aioseo_notices":[],"_links":{"self":[{"href":"https:\/\/www.patchwork-perles-broderies.com\/blog\/wp-json\/wp\/v2\/posts\/1129","targetHints":{"allow":["GET"]}}],"collection":[{"href":"https:\/\/www.patchwork-perles-broderies.com\/blog\/wp-json\/wp\/v2\/posts"}],"about":[{"href":"https:\/\/www.patchwork-perles-broderies.com\/blog\/wp-json\/wp\/v2\/types\/post"}],"author":[{"embeddable":true,"href":"https:\/\/www.patchwork-perles-broderies.com\/blog\/wp-json\/wp\/v2\/users\/1"}],"replies":[{"embeddable":true,"href":"https:\/\/www.patchwork-perles-broderies.com\/blog\/wp-json\/wp\/v2\/comments?post=1129"}],"version-history":[{"count":2,"href":"https:\/\/www.patchwork-perles-broderies.com\/blog\/wp-json\/wp\/v2\/posts\/1129\/revisions"}],"predecessor-version":[{"id":2752,"href":"https:\/\/www.patchwork-perles-broderies.com\/blog\/wp-json\/wp\/v2\/posts\/1129\/revisions\/2752"}],"wp:attachment":[{"href":"https:\/\/www.patchwork-perles-broderies.com\/blog\/wp-json\/wp\/v2\/media?parent=1129"}],"wp:term":[{"taxonomy":"category","embeddable":true,"href":"https:\/\/www.patchwork-perles-broderies.com\/blog\/wp-json\/wp\/v2\/categories?post=1129"},{"taxonomy":"post_tag","embeddable":true,"href":"https:\/\/www.patchwork-perles-broderies.com\/blog\/wp-json\/wp\/v2\/tags?post=1129"}],"curies":[{"name":"wp","href":"https:\/\/api.w.org\/{rel}","templated":true}]}}