{"id":1149,"date":"2013-11-23T18:27:59","date_gmt":"2013-11-23T18:27:59","guid":{"rendered":"http:\/\/patchworkperlesetbroderies.wordpress.com\/?p=1149"},"modified":"2015-10-30T19:53:50","modified_gmt":"2015-10-30T18:53:50","slug":"lindispensable-log-cabin","status":"publish","type":"post","link":"https:\/\/www.patchwork-perles-broderies.com\/blog\/2013\/11\/23\/lindispensable-log-cabin\/","title":{"rendered":"L&rsquo;indispensable Log Cabin"},"content":{"rendered":"<p style=\"text-align: justify;\">Eh bien, ce qui devait \u00eatre une petite plaquette r\u00e9capitulative apr\u00e8s le travail du club sur le Log cabin, s&rsquo;est transform\u00e9 en un vrai livre. Des centaines de sch\u00e9mas \u00e0 faire, \u00e7a prend un temps fou m\u00eame si je commence \u00e0 \u00eatre bien rod\u00e9e. Mon \u00a0amie Sally m&rsquo;a cr\u00e9\u00e9 \u00a0une jolie couverture parce que mes premiers essais n&rsquo;\u00e9taient vraiment pas inspir\u00e9s.<\/p>\n<p style=\"text-align: justify;\">Et pour couronner le tout des probl\u00e8mes informatiques. Le fichier ne voulait pas se laisser imprimer et il a fallu tout contr\u00f4ler .<\/p>\n<p style=\"text-align: justify;\">Mais en principe c&rsquo;est bon, j&rsquo;attend le premier exemplaire dans quelques jours et j&rsquo;esp\u00e8re pouvoir ensuite me consacrer tranquillement \u00e0 la r\u00e9\u00e9dition du livre sur l&rsquo;Appliqu\u00e9 qu&rsquo;on me demande sans arr\u00eat.<\/p>\n<p><a href=\"http:\/\/www.patchwork-perles-broderies.com\/blog\/wp-content\/uploads\/2013\/11\/lindisp.jpg\"><img loading=\"lazy\" decoding=\"async\" class=\"aligncenter wp-image-1150 size-medium\" src=\"http:\/\/www.patchwork-perles-broderies.com\/blog\/wp-content\/uploads\/2013\/11\/lindisp-230x300.jpg\" alt=\"\" width=\"230\" height=\"300\" \/><\/a><\/p>\n","protected":false},"excerpt":{"rendered":"<p>Eh bien, ce qui devait \u00eatre une petite plaquette r\u00e9capitulative apr\u00e8s le travail du club sur le Log cabin, s&rsquo;est transform\u00e9 en un vrai livre. Des centaines de sch\u00e9mas \u00e0 faire, \u00e7a prend un temps fou m\u00eame si je commence \u00e0 \u00eatre bien rod\u00e9e. Mon \u00a0amie Sally m&rsquo;a cr\u00e9\u00e9 \u00a0une jolie couverture parce que mes [&hellip;]<\/p>\n","protected":false},"author":1,"featured_media":0,"comment_status":"open","ping_status":"open","sticky":false,"template":"","format":"standard","meta":{"footnotes":""},"categories":[10,13],"tags":[],"class_list":["post-1149","post","type-post","status-publish","format-standard","hentry","category-livres","category-technique-patch"],"aioseo_notices":[],"_links":{"self":[{"href":"https:\/\/www.patchwork-perles-broderies.com\/blog\/wp-json\/wp\/v2\/posts\/1149","targetHints":{"allow":["GET"]}}],"collection":[{"href":"https:\/\/www.patchwork-perles-broderies.com\/blog\/wp-json\/wp\/v2\/posts"}],"about":[{"href":"https:\/\/www.patchwork-perles-broderies.com\/blog\/wp-json\/wp\/v2\/types\/post"}],"author":[{"embeddable":true,"href":"https:\/\/www.patchwork-perles-broderies.com\/blog\/wp-json\/wp\/v2\/users\/1"}],"replies":[{"embeddable":true,"href":"https:\/\/www.patchwork-perles-broderies.com\/blog\/wp-json\/wp\/v2\/comments?post=1149"}],"version-history":[{"count":2,"href":"https:\/\/www.patchwork-perles-broderies.com\/blog\/wp-json\/wp\/v2\/posts\/1149\/revisions"}],"predecessor-version":[{"id":2742,"href":"https:\/\/www.patchwork-perles-broderies.com\/blog\/wp-json\/wp\/v2\/posts\/1149\/revisions\/2742"}],"wp:attachment":[{"href":"https:\/\/www.patchwork-perles-broderies.com\/blog\/wp-json\/wp\/v2\/media?parent=1149"}],"wp:term":[{"taxonomy":"category","embeddable":true,"href":"https:\/\/www.patchwork-perles-broderies.com\/blog\/wp-json\/wp\/v2\/categories?post=1149"},{"taxonomy":"post_tag","embeddable":true,"href":"https:\/\/www.patchwork-perles-broderies.com\/blog\/wp-json\/wp\/v2\/tags?post=1149"}],"curies":[{"name":"wp","href":"https:\/\/api.w.org\/{rel}","templated":true}]}}