{"id":1421,"date":"2015-01-23T17:19:10","date_gmt":"2015-01-23T17:19:10","guid":{"rendered":"https:\/\/patchworkperlesetbroderies.wordpress.com\/?p=1421"},"modified":"2015-10-19T18:28:14","modified_gmt":"2015-10-19T17:28:14","slug":"le-crazy-quilt-americain-necessite-et-creation","status":"publish","type":"post","link":"https:\/\/www.patchwork-perles-broderies.com\/blog\/2015\/01\/23\/le-crazy-quilt-americain-necessite-et-creation\/","title":{"rendered":"Le crazy quilt am\u00e9ricain, n\u00e9cessit\u00e9 et cr\u00e9ation"},"content":{"rendered":"<p><i>J&rsquo;APPREND CE MATIN QUE SI VOUS \u00a0VOULEZ ASSISTER \u00c0 LA CONF\u00c9RENCE VOUS DEVEZ VOUS INSCRIRE \u00a0. Mais je pense que si vous venez impromptu vous serez bienvenues&#8230;.\u00a0<\/i><\/p>\n<div id=\"blocCorps\">\n<div class=\"blocPetit texteCourant\">\n<div class=\"actu_image_grande\"><img decoding=\"async\" src=\"http:\/\/www.archives.cg31.fr\/images\/actualite\/crazy-quilt.jpg\" alt=\"\" \/><\/div>\n<div class=\"actu_texte\"><b>Conf\u00e9renci\u00e8re :<\/b>\u00a0Denise Saint-Arroman, artiste brodeuse<br \/>\n<b>Date :<\/b>\u00a026 f\u00e9vrier 2015, de 17h30 \u00e0 19h00<br \/>\n<b>Lieu :<\/b>\u00a0Archives d\u00e9partementales &#8211; Toulouse<b>Renseignements :<\/b>\u00a0Conseil g\u00e9n\u00e9ral &#8211; Archives d\u00e9partementales &#8211; 11 bd Griffoul Dorval 31400 Toulouse. T\u00e9l : 05 34 31 19 70<b>Entr\u00e9e libre et gratuite<\/b><\/p>\n<hr \/>\n<p style=\"text-align: justify;\">Depuis des si\u00e8cles les femmes am\u00e9ricaines cousent des quilts (patchworks). Cette technique dont l&rsquo;origine se perd dans la nuit des temps est devenue le symbole de l&rsquo;Am\u00e9rique et un art \u00e0 part enti\u00e8re accueilli par les mus\u00e9es.<\/p>\n<p style=\"text-align: justify;\">Mais il t\u00e9moigne aussi de la vie des femmes qui les ont r\u00e9alis\u00e9s. Simples ou sophistiqu\u00e9s, maladroits ou inspir\u00e9s , il se sont transmis de g\u00e9n\u00e9ration en g\u00e9n\u00e9ration. C&rsquo;est un art vivant qui nous \u00e9meut justement parce qu&rsquo;il \u00e9voque la vie familiale, la chaleur du foyer.<\/p>\n<p style=\"text-align: justify;\">A travers quelques exemples de \u00ab\u00a0crazy\u00a0\u00bb victorien nous allons plonger dans l&rsquo;histoire de ces femmes , ressentir comment elles ont exprim\u00e9 leur besoin de cr\u00e9ation et d&rsquo;\u00e9vasion en r\u00e9alisant ces objets utilitaires indispensables \u00e0 la survie de leur famille.<\/p>\n<\/div>\n<\/div>\n<\/div>\n<p>&nbsp;<\/p>\n","protected":false},"excerpt":{"rendered":"<p>J&rsquo;APPREND CE MATIN QUE SI VOUS \u00a0VOULEZ ASSISTER \u00c0 LA CONF\u00c9RENCE VOUS DEVEZ VOUS INSCRIRE \u00a0. Mais je pense que si vous venez impromptu vous serez bienvenues&#8230;.\u00a0 Conf\u00e9renci\u00e8re :\u00a0Denise Saint-Arroman, artiste brodeuse Date :\u00a026 f\u00e9vrier 2015, de 17h30 \u00e0 19h00 Lieu :\u00a0Archives d\u00e9partementales &#8211; ToulouseRenseignements :\u00a0Conseil g\u00e9n\u00e9ral &#8211; Archives d\u00e9partementales &#8211; 11 bd Griffoul Dorval [&hellip;]<\/p>\n","protected":false},"author":1,"featured_media":0,"comment_status":"open","ping_status":"open","sticky":false,"template":"","format":"standard","meta":{"footnotes":""},"categories":[6,7],"tags":[],"class_list":["post-1421","post","type-post","status-publish","format-standard","hentry","category-conference","category-crazy"],"aioseo_notices":[],"aioseo_head":"\n\t\t<!-- All in One SEO 5.0.1.1 - aioseo.com -->\n\t<meta name=\"description\" content=\"J&#039;APPREND CE MATIN QUE SI VOUS VOULEZ ASSISTER \u00c0 LA CONF\u00c9RENCE VOUS DEVEZ VOUS INSCRIRE . Mais je pense que si vous venez impromptu vous serez bienvenues.... Conf\u00e9renci\u00e8re : Denise Saint-Arroman, artiste brodeuse Date : 26 f\u00e9vrier 2015, de 17h30 \u00e0 19h00 Lieu : Archives d\u00e9partementales - ToulouseRenseignements : Conseil g\u00e9n\u00e9ral - Archives d\u00e9partementales - 11 bd Griffoul Dorval\" \/>\n\t<meta name=\"robots\" content=\"max-image-preview:large\" \/>\n\t<meta name=\"author\" content=\"admin\"\/>\n\t<link rel=\"canonical\" href=\"https:\/\/www.patchwork-perles-broderies.com\/blog\/2015\/01\/23\/le-crazy-quilt-americain-necessite-et-creation\/\" \/>\n\t<meta name=\"generator\" content=\"All in One SEO (AIOSEO) 5.0.1.1\" \/>\n\t\t<meta property=\"og:locale\" content=\"fr_FR\" \/>\n\t\t<meta property=\"og:site_name\" content=\"Patchwork Perles et Broderies - Le Blog |  La Passion du Patch Orn\u00e9 ( Website : patchwork-perles-broderies.com )\" \/>\n\t\t<meta property=\"og:type\" content=\"article\" \/>\n\t\t<meta property=\"og:title\" content=\"Le crazy quilt am\u00e9ricain | Patchwork Perles et Broderies - Le Blog\" \/>\n\t\t<meta property=\"og:description\" content=\"J&#039;APPREND CE MATIN QUE SI VOUS VOULEZ ASSISTER \u00c0 LA CONF\u00c9RENCE VOUS DEVEZ VOUS INSCRIRE . Mais je pense que si vous venez impromptu vous serez bienvenues.... Conf\u00e9renci\u00e8re : Denise Saint-Arroman, artiste brodeuse Date : 26 f\u00e9vrier 2015, de 17h30 \u00e0 19h00 Lieu : Archives d\u00e9partementales - ToulouseRenseignements : Conseil g\u00e9n\u00e9ral - Archives d\u00e9partementales - 11 bd Griffoul Dorval\" \/>\n\t\t<meta property=\"og:url\" content=\"https:\/\/www.patchwork-perles-broderies.com\/blog\/2015\/01\/23\/le-crazy-quilt-americain-necessite-et-creation\/\" \/>\n\t\t<meta property=\"article:published_time\" content=\"2015-01-23T17:19:10+00:00\" \/>\n\t\t<meta property=\"article:modified_time\" content=\"2015-10-19T17:28:14+00:00\" \/>\n\t\t<meta name=\"twitter:card\" content=\"summary\" \/>\n\t\t<meta name=\"twitter:title\" content=\"Le crazy quilt am\u00e9ricain | Patchwork Perles et Broderies - Le Blog\" \/>\n\t\t<meta name=\"twitter:description\" content=\"J&#039;APPREND CE MATIN QUE SI VOUS VOULEZ ASSISTER \u00c0 LA CONF\u00c9RENCE VOUS DEVEZ VOUS INSCRIRE . Mais je pense que si vous venez impromptu vous serez bienvenues.... Conf\u00e9renci\u00e8re : Denise Saint-Arroman, artiste brodeuse Date : 26 f\u00e9vrier 2015, de 17h30 \u00e0 19h00 Lieu : Archives d\u00e9partementales - ToulouseRenseignements : Conseil g\u00e9n\u00e9ral - Archives d\u00e9partementales - 11 bd Griffoul Dorval\" \/>\n\t\t<script type=\"application\/ld+json\" class=\"aioseo-schema\">\n\t\t\t{\"@context\":\"https:\\\/\\\/schema.org\",\"@graph\":[{\"@type\":\"Article\",\"@id\":\"https:\\\/\\\/www.patchwork-perles-broderies.com\\\/blog\\\/2015\\\/01\\\/23\\\/le-crazy-quilt-americain-necessite-et-creation\\\/#article\",\"name\":\"Le crazy quilt am\\u00e9ricain | Patchwork Perles et Broderies - Le Blog\",\"headline\":\"Le crazy quilt am\\u00e9ricain, n\\u00e9cessit\\u00e9 et cr\\u00e9ation\",\"author\":{\"@id\":\"https:\\\/\\\/www.patchwork-perles-broderies.com\\\/blog\\\/author\\\/admin\\\/#author\"},\"publisher\":{\"@id\":\"https:\\\/\\\/www.patchwork-perles-broderies.com\\\/blog\\\/#person\"},\"image\":{\"@type\":\"ImageObject\",\"url\":\"http:\\\/\\\/www.archives.cg31.fr\\\/images\\\/actualite\\\/crazy-quilt.jpg\",\"@id\":\"https:\\\/\\\/www.patchwork-perles-broderies.com\\\/blog\\\/2015\\\/01\\\/23\\\/le-crazy-quilt-americain-necessite-et-creation\\\/#articleImage\"},\"datePublished\":\"2015-01-23T17:19:10+01:00\",\"dateModified\":\"2015-10-19T18:28:14+01:00\",\"inLanguage\":\"fr-FR\",\"commentCount\":2,\"mainEntityOfPage\":{\"@id\":\"https:\\\/\\\/www.patchwork-perles-broderies.com\\\/blog\\\/2015\\\/01\\\/23\\\/le-crazy-quilt-americain-necessite-et-creation\\\/#webpage\"},\"isPartOf\":{\"@id\":\"https:\\\/\\\/www.patchwork-perles-broderies.com\\\/blog\\\/2015\\\/01\\\/23\\\/le-crazy-quilt-americain-necessite-et-creation\\\/#webpage\"},\"articleSection\":\"Conf\\u00e9rence, Crazy\"},{\"@type\":\"BreadcrumbList\",\"@id\":\"https:\\\/\\\/www.patchwork-perles-broderies.com\\\/blog\\\/2015\\\/01\\\/23\\\/le-crazy-quilt-americain-necessite-et-creation\\\/#breadcrumblist\",\"itemListElement\":[{\"@type\":\"ListItem\",\"@id\":\"https:\\\/\\\/www.patchwork-perles-broderies.com\\\/blog#listItem\",\"position\":1,\"name\":\"Accueil\",\"item\":\"https:\\\/\\\/www.patchwork-perles-broderies.com\\\/blog\",\"nextItem\":{\"@type\":\"ListItem\",\"@id\":\"https:\\\/\\\/www.patchwork-perles-broderies.com\\\/blog\\\/category\\\/conference\\\/#listItem\",\"name\":\"Conf\\u00e9rence\"}},{\"@type\":\"ListItem\",\"@id\":\"https:\\\/\\\/www.patchwork-perles-broderies.com\\\/blog\\\/category\\\/conference\\\/#listItem\",\"position\":2,\"name\":\"Conf\\u00e9rence\",\"item\":\"https:\\\/\\\/www.patchwork-perles-broderies.com\\\/blog\\\/category\\\/conference\\\/\",\"nextItem\":{\"@type\":\"ListItem\",\"@id\":\"https:\\\/\\\/www.patchwork-perles-broderies.com\\\/blog\\\/2015\\\/01\\\/23\\\/le-crazy-quilt-americain-necessite-et-creation\\\/#listItem\",\"name\":\"Le crazy quilt am\\u00e9ricain, n\\u00e9cessit\\u00e9 et cr\\u00e9ation\"},\"previousItem\":{\"@type\":\"ListItem\",\"@id\":\"https:\\\/\\\/www.patchwork-perles-broderies.com\\\/blog#listItem\",\"name\":\"Accueil\"}},{\"@type\":\"ListItem\",\"@id\":\"https:\\\/\\\/www.patchwork-perles-broderies.com\\\/blog\\\/2015\\\/01\\\/23\\\/le-crazy-quilt-americain-necessite-et-creation\\\/#listItem\",\"position\":3,\"name\":\"Le crazy quilt am\\u00e9ricain, n\\u00e9cessit\\u00e9 et cr\\u00e9ation\",\"previousItem\":{\"@type\":\"ListItem\",\"@id\":\"https:\\\/\\\/www.patchwork-perles-broderies.com\\\/blog\\\/category\\\/conference\\\/#listItem\",\"name\":\"Conf\\u00e9rence\"}}]},{\"@type\":\"Person\",\"@id\":\"https:\\\/\\\/www.patchwork-perles-broderies.com\\\/blog\\\/#person\",\"name\":\"admin\",\"image\":{\"@type\":\"ImageObject\",\"@id\":\"https:\\\/\\\/www.patchwork-perles-broderies.com\\\/blog\\\/2015\\\/01\\\/23\\\/le-crazy-quilt-americain-necessite-et-creation\\\/#personImage\",\"url\":\"https:\\\/\\\/secure.gravatar.com\\\/avatar\\\/f8283cc8f0bd73ad8d4a00aade7fefd9b739f96e8a9e5f8fa202319c0962314e?s=96&d=identicon&r=g\",\"width\":96,\"height\":96,\"caption\":\"admin\"}},{\"@type\":\"Person\",\"@id\":\"https:\\\/\\\/www.patchwork-perles-broderies.com\\\/blog\\\/author\\\/admin\\\/#author\",\"url\":\"https:\\\/\\\/www.patchwork-perles-broderies.com\\\/blog\\\/author\\\/admin\\\/\",\"name\":\"admin\",\"image\":{\"@type\":\"ImageObject\",\"@id\":\"https:\\\/\\\/www.patchwork-perles-broderies.com\\\/blog\\\/2015\\\/01\\\/23\\\/le-crazy-quilt-americain-necessite-et-creation\\\/#authorImage\",\"url\":\"https:\\\/\\\/secure.gravatar.com\\\/avatar\\\/f8283cc8f0bd73ad8d4a00aade7fefd9b739f96e8a9e5f8fa202319c0962314e?s=96&d=identicon&r=g\",\"width\":96,\"height\":96,\"caption\":\"admin\"}},{\"@type\":\"WebPage\",\"@id\":\"https:\\\/\\\/www.patchwork-perles-broderies.com\\\/blog\\\/2015\\\/01\\\/23\\\/le-crazy-quilt-americain-necessite-et-creation\\\/#webpage\",\"url\":\"https:\\\/\\\/www.patchwork-perles-broderies.com\\\/blog\\\/2015\\\/01\\\/23\\\/le-crazy-quilt-americain-necessite-et-creation\\\/\",\"name\":\"Le crazy quilt am\\u00e9ricain | Patchwork Perles et Broderies - Le Blog\",\"description\":\"J'APPREND CE MATIN QUE SI VOUS VOULEZ ASSISTER \\u00c0 LA CONF\\u00c9RENCE VOUS DEVEZ VOUS INSCRIRE . Mais je pense que si vous venez impromptu vous serez bienvenues.... Conf\\u00e9renci\\u00e8re : Denise Saint-Arroman, artiste brodeuse Date : 26 f\\u00e9vrier 2015, de 17h30 \\u00e0 19h00 Lieu : Archives d\\u00e9partementales - ToulouseRenseignements : Conseil g\\u00e9n\\u00e9ral - Archives d\\u00e9partementales - 11 bd Griffoul Dorval\",\"inLanguage\":\"fr-FR\",\"isPartOf\":{\"@id\":\"https:\\\/\\\/www.patchwork-perles-broderies.com\\\/blog\\\/#website\"},\"breadcrumb\":{\"@id\":\"https:\\\/\\\/www.patchwork-perles-broderies.com\\\/blog\\\/2015\\\/01\\\/23\\\/le-crazy-quilt-americain-necessite-et-creation\\\/#breadcrumblist\"},\"author\":{\"@id\":\"https:\\\/\\\/www.patchwork-perles-broderies.com\\\/blog\\\/author\\\/admin\\\/#author\"},\"creator\":{\"@id\":\"https:\\\/\\\/www.patchwork-perles-broderies.com\\\/blog\\\/author\\\/admin\\\/#author\"},\"datePublished\":\"2015-01-23T17:19:10+01:00\",\"dateModified\":\"2015-10-19T18:28:14+01:00\"},{\"@type\":\"WebSite\",\"@id\":\"https:\\\/\\\/www.patchwork-perles-broderies.com\\\/blog\\\/#website\",\"url\":\"https:\\\/\\\/www.patchwork-perles-broderies.com\\\/blog\\\/\",\"name\":\"Patchwork Perles et Broderies\",\"description\":\"La Passion du Patch Orn\\u00e9 ( Website : patchwork-perles-broderies.com )\",\"inLanguage\":\"fr-FR\",\"publisher\":{\"@id\":\"https:\\\/\\\/www.patchwork-perles-broderies.com\\\/blog\\\/#person\"}}]}\n\t\t<\/script>\n\t\t<!-- All in One SEO -->\n\n","aioseo_head_json":{"title":"Le crazy quilt am\u00e9ricain | Patchwork Perles et Broderies - Le Blog","description":"J'APPREND CE MATIN QUE SI VOUS VOULEZ ASSISTER \u00c0 LA CONF\u00c9RENCE VOUS DEVEZ VOUS INSCRIRE . Mais je pense que si vous venez impromptu vous serez bienvenues.... Conf\u00e9renci\u00e8re : Denise Saint-Arroman, artiste brodeuse Date : 26 f\u00e9vrier 2015, de 17h30 \u00e0 19h00 Lieu : Archives d\u00e9partementales - ToulouseRenseignements : Conseil g\u00e9n\u00e9ral - Archives d\u00e9partementales - 11 bd Griffoul Dorval","canonical_url":"https:\/\/www.patchwork-perles-broderies.com\/blog\/2015\/01\/23\/le-crazy-quilt-americain-necessite-et-creation\/","robots":"max-image-preview:large","keywords":"","webmasterTools":{"miscellaneous":""},"schema":{"@context":"https:\/\/schema.org","@graph":[{"@type":"Article","@id":"https:\/\/www.patchwork-perles-broderies.com\/blog\/2015\/01\/23\/le-crazy-quilt-americain-necessite-et-creation\/#article","name":"Le crazy quilt am\u00e9ricain | Patchwork Perles et Broderies - Le Blog","headline":"Le crazy quilt am\u00e9ricain, n\u00e9cessit\u00e9 et cr\u00e9ation","author":{"@id":"https:\/\/www.patchwork-perles-broderies.com\/blog\/author\/admin\/#author"},"publisher":{"@id":"https:\/\/www.patchwork-perles-broderies.com\/blog\/#person"},"image":{"@type":"ImageObject","url":"http:\/\/www.archives.cg31.fr\/images\/actualite\/crazy-quilt.jpg","@id":"https:\/\/www.patchwork-perles-broderies.com\/blog\/2015\/01\/23\/le-crazy-quilt-americain-necessite-et-creation\/#articleImage"},"datePublished":"2015-01-23T17:19:10+01:00","dateModified":"2015-10-19T18:28:14+01:00","inLanguage":"fr-FR","commentCount":2,"mainEntityOfPage":{"@id":"https:\/\/www.patchwork-perles-broderies.com\/blog\/2015\/01\/23\/le-crazy-quilt-americain-necessite-et-creation\/#webpage"},"isPartOf":{"@id":"https:\/\/www.patchwork-perles-broderies.com\/blog\/2015\/01\/23\/le-crazy-quilt-americain-necessite-et-creation\/#webpage"},"articleSection":"Conf\u00e9rence, Crazy"},{"@type":"BreadcrumbList","@id":"https:\/\/www.patchwork-perles-broderies.com\/blog\/2015\/01\/23\/le-crazy-quilt-americain-necessite-et-creation\/#breadcrumblist","itemListElement":[{"@type":"ListItem","@id":"https:\/\/www.patchwork-perles-broderies.com\/blog#listItem","position":1,"name":"Accueil","item":"https:\/\/www.patchwork-perles-broderies.com\/blog","nextItem":{"@type":"ListItem","@id":"https:\/\/www.patchwork-perles-broderies.com\/blog\/category\/conference\/#listItem","name":"Conf\u00e9rence"}},{"@type":"ListItem","@id":"https:\/\/www.patchwork-perles-broderies.com\/blog\/category\/conference\/#listItem","position":2,"name":"Conf\u00e9rence","item":"https:\/\/www.patchwork-perles-broderies.com\/blog\/category\/conference\/","nextItem":{"@type":"ListItem","@id":"https:\/\/www.patchwork-perles-broderies.com\/blog\/2015\/01\/23\/le-crazy-quilt-americain-necessite-et-creation\/#listItem","name":"Le crazy quilt am\u00e9ricain, n\u00e9cessit\u00e9 et cr\u00e9ation"},"previousItem":{"@type":"ListItem","@id":"https:\/\/www.patchwork-perles-broderies.com\/blog#listItem","name":"Accueil"}},{"@type":"ListItem","@id":"https:\/\/www.patchwork-perles-broderies.com\/blog\/2015\/01\/23\/le-crazy-quilt-americain-necessite-et-creation\/#listItem","position":3,"name":"Le crazy quilt am\u00e9ricain, n\u00e9cessit\u00e9 et cr\u00e9ation","previousItem":{"@type":"ListItem","@id":"https:\/\/www.patchwork-perles-broderies.com\/blog\/category\/conference\/#listItem","name":"Conf\u00e9rence"}}]},{"@type":"Person","@id":"https:\/\/www.patchwork-perles-broderies.com\/blog\/#person","name":"admin","image":{"@type":"ImageObject","@id":"https:\/\/www.patchwork-perles-broderies.com\/blog\/2015\/01\/23\/le-crazy-quilt-americain-necessite-et-creation\/#personImage","url":"https:\/\/secure.gravatar.com\/avatar\/f8283cc8f0bd73ad8d4a00aade7fefd9b739f96e8a9e5f8fa202319c0962314e?s=96&d=identicon&r=g","width":96,"height":96,"caption":"admin"}},{"@type":"Person","@id":"https:\/\/www.patchwork-perles-broderies.com\/blog\/author\/admin\/#author","url":"https:\/\/www.patchwork-perles-broderies.com\/blog\/author\/admin\/","name":"admin","image":{"@type":"ImageObject","@id":"https:\/\/www.patchwork-perles-broderies.com\/blog\/2015\/01\/23\/le-crazy-quilt-americain-necessite-et-creation\/#authorImage","url":"https:\/\/secure.gravatar.com\/avatar\/f8283cc8f0bd73ad8d4a00aade7fefd9b739f96e8a9e5f8fa202319c0962314e?s=96&d=identicon&r=g","width":96,"height":96,"caption":"admin"}},{"@type":"WebPage","@id":"https:\/\/www.patchwork-perles-broderies.com\/blog\/2015\/01\/23\/le-crazy-quilt-americain-necessite-et-creation\/#webpage","url":"https:\/\/www.patchwork-perles-broderies.com\/blog\/2015\/01\/23\/le-crazy-quilt-americain-necessite-et-creation\/","name":"Le crazy quilt am\u00e9ricain | Patchwork Perles et Broderies - Le Blog","description":"J'APPREND CE MATIN QUE SI VOUS VOULEZ ASSISTER \u00c0 LA CONF\u00c9RENCE VOUS DEVEZ VOUS INSCRIRE . Mais je pense que si vous venez impromptu vous serez bienvenues.... Conf\u00e9renci\u00e8re : Denise Saint-Arroman, artiste brodeuse Date : 26 f\u00e9vrier 2015, de 17h30 \u00e0 19h00 Lieu : Archives d\u00e9partementales - ToulouseRenseignements : Conseil g\u00e9n\u00e9ral - Archives d\u00e9partementales - 11 bd Griffoul Dorval","inLanguage":"fr-FR","isPartOf":{"@id":"https:\/\/www.patchwork-perles-broderies.com\/blog\/#website"},"breadcrumb":{"@id":"https:\/\/www.patchwork-perles-broderies.com\/blog\/2015\/01\/23\/le-crazy-quilt-americain-necessite-et-creation\/#breadcrumblist"},"author":{"@id":"https:\/\/www.patchwork-perles-broderies.com\/blog\/author\/admin\/#author"},"creator":{"@id":"https:\/\/www.patchwork-perles-broderies.com\/blog\/author\/admin\/#author"},"datePublished":"2015-01-23T17:19:10+01:00","dateModified":"2015-10-19T18:28:14+01:00"},{"@type":"WebSite","@id":"https:\/\/www.patchwork-perles-broderies.com\/blog\/#website","url":"https:\/\/www.patchwork-perles-broderies.com\/blog\/","name":"Patchwork Perles et Broderies","description":"La Passion du Patch Orn\u00e9 ( Website : patchwork-perles-broderies.com )","inLanguage":"fr-FR","publisher":{"@id":"https:\/\/www.patchwork-perles-broderies.com\/blog\/#person"}}]},"og:locale":"fr_FR","og:site_name":"Patchwork Perles et Broderies - Le Blog |  La Passion du Patch Orn\u00e9 ( Website : patchwork-perles-broderies.com )","og:type":"article","og:title":"Le crazy quilt am\u00e9ricain | Patchwork Perles et Broderies - Le Blog","og:description":"J'APPREND CE MATIN QUE SI VOUS VOULEZ ASSISTER \u00c0 LA CONF\u00c9RENCE VOUS DEVEZ VOUS INSCRIRE . Mais je pense que si vous venez impromptu vous serez bienvenues.... Conf\u00e9renci\u00e8re : Denise Saint-Arroman, artiste brodeuse Date : 26 f\u00e9vrier 2015, de 17h30 \u00e0 19h00 Lieu : Archives d\u00e9partementales - ToulouseRenseignements : Conseil g\u00e9n\u00e9ral - Archives d\u00e9partementales - 11 bd Griffoul Dorval","og:url":"https:\/\/www.patchwork-perles-broderies.com\/blog\/2015\/01\/23\/le-crazy-quilt-americain-necessite-et-creation\/","article:published_time":"2015-01-23T17:19:10+00:00","article:modified_time":"2015-10-19T17:28:14+00:00","twitter:card":"summary","twitter:title":"Le crazy quilt am\u00e9ricain | Patchwork Perles et Broderies - Le Blog","twitter:description":"J'APPREND CE MATIN QUE SI VOUS VOULEZ ASSISTER \u00c0 LA CONF\u00c9RENCE VOUS DEVEZ VOUS INSCRIRE . Mais je pense que si vous venez impromptu vous serez bienvenues.... Conf\u00e9renci\u00e8re : Denise Saint-Arroman, artiste brodeuse Date : 26 f\u00e9vrier 2015, de 17h30 \u00e0 19h00 Lieu : Archives d\u00e9partementales - ToulouseRenseignements : Conseil g\u00e9n\u00e9ral - Archives d\u00e9partementales - 11 bd Griffoul Dorval"},"aioseo_meta_data":{"post_id":"1421","title":"Le crazy quilt am\u00e9ricain | #site_title","description":null,"keywords":null,"keyphrases":null,"primary_term":null,"canonical_url":null,"og_title":null,"og_description":null,"og_object_type":"default","og_image_type":"default","og_image_url":null,"og_image_width":null,"og_image_height":null,"og_image_custom_url":null,"og_image_custom_fields":null,"og_video":null,"og_custom_url":null,"og_article_section":null,"og_article_tags":null,"twitter_use_og":false,"twitter_card":"default","twitter_image_type":"default","twitter_image_url":null,"twitter_image_custom_url":null,"twitter_image_custom_fields":null,"twitter_title":null,"twitter_description":null,"schema":{"blockGraphs":[],"customGraphs":[],"default":{"data":{"Article":[],"Course":[],"Dataset":[],"FAQPage":[],"Movie":[],"Person":[],"Product":[],"ProductReview":[],"Car":[],"Recipe":[],"Service":[],"SoftwareApplication":[],"WebPage":[]},"graphName":"","isEnabled":true},"graphs":[],"defaultGraph":"","defaultPostTypeGraph":""},"schema_type":null,"schema_type_options":null,"pillar_content":false,"robots_default":true,"robots_noindex":false,"robots_noarchive":false,"robots_nosnippet":false,"robots_nofollow":false,"robots_noimageindex":false,"robots_noodp":false,"robots_notranslate":false,"robots_max_snippet":null,"robots_max_videopreview":null,"robots_max_imagepreview":"large","priority":null,"frequency":null,"location":null,"local_seo":null,"breadcrumb_settings":null,"limit_modified_date":false,"ai":null,"created":"2021-01-22 11:16:50","updated":"2025-06-28 22:05:00","focus_keyword":null,"additional_keywords":null,"truseo_locale":null,"seo_analyzer_scan_date":null},"aioseo_breadcrumb":"<div class=\"aioseo-breadcrumbs\"><span class=\"aioseo-breadcrumb\">\n\t\t\t<a href=\"https:\/\/www.patchwork-perles-broderies.com\/blog\" title=\"Accueil\">Accueil<\/a>\n\t\t<\/span><span class=\"aioseo-breadcrumb-separator\">&raquo;<\/span><span class=\"aioseo-breadcrumb\">\n\t\t\t<a href=\"https:\/\/www.patchwork-perles-broderies.com\/blog\/category\/conference\/\" title=\"Conf\u00e9rence\">Conf\u00e9rence<\/a>\n\t\t<\/span><span class=\"aioseo-breadcrumb-separator\">&raquo;<\/span><span class=\"aioseo-breadcrumb\">\n\t\t\tLe crazy quilt am\u00e9ricain, n\u00e9cessit\u00e9 et cr\u00e9ation\n\t\t<\/span><\/div>","aioseo_breadcrumb_json":[{"label":"Accueil","link":"https:\/\/www.patchwork-perles-broderies.com\/blog"},{"label":"Conf\u00e9rence","link":"https:\/\/www.patchwork-perles-broderies.com\/blog\/category\/conference\/"},{"label":"Le crazy quilt am\u00e9ricain, n\u00e9cessit\u00e9 et cr\u00e9ation","link":"https:\/\/www.patchwork-perles-broderies.com\/blog\/2015\/01\/23\/le-crazy-quilt-americain-necessite-et-creation\/"}],"_links":{"self":[{"href":"https:\/\/www.patchwork-perles-broderies.com\/blog\/wp-json\/wp\/v2\/posts\/1421","targetHints":{"allow":["GET"]}}],"collection":[{"href":"https:\/\/www.patchwork-perles-broderies.com\/blog\/wp-json\/wp\/v2\/posts"}],"about":[{"href":"https:\/\/www.patchwork-perles-broderies.com\/blog\/wp-json\/wp\/v2\/types\/post"}],"author":[{"embeddable":true,"href":"https:\/\/www.patchwork-perles-broderies.com\/blog\/wp-json\/wp\/v2\/users\/1"}],"replies":[{"embeddable":true,"href":"https:\/\/www.patchwork-perles-broderies.com\/blog\/wp-json\/wp\/v2\/comments?post=1421"}],"version-history":[{"count":2,"href":"https:\/\/www.patchwork-perles-broderies.com\/blog\/wp-json\/wp\/v2\/posts\/1421\/revisions"}],"predecessor-version":[{"id":2668,"href":"https:\/\/www.patchwork-perles-broderies.com\/blog\/wp-json\/wp\/v2\/posts\/1421\/revisions\/2668"}],"wp:attachment":[{"href":"https:\/\/www.patchwork-perles-broderies.com\/blog\/wp-json\/wp\/v2\/media?parent=1421"}],"wp:term":[{"taxonomy":"category","embeddable":true,"href":"https:\/\/www.patchwork-perles-broderies.com\/blog\/wp-json\/wp\/v2\/categories?post=1421"},{"taxonomy":"post_tag","embeddable":true,"href":"https:\/\/www.patchwork-perles-broderies.com\/blog\/wp-json\/wp\/v2\/tags?post=1421"}],"curies":[{"name":"wp","href":"https:\/\/api.w.org\/{rel}","templated":true}]}}