{"id":1460,"date":"2015-03-08T19:54:53","date_gmt":"2015-03-08T19:54:53","guid":{"rendered":"https:\/\/patchworkperlesetbroderies.wordpress.com\/?p=1460"},"modified":"2015-10-30T19:35:45","modified_gmt":"2015-10-30T18:35:45","slug":"villeneuve-tolosane","status":"publish","type":"post","link":"https:\/\/www.patchwork-perles-broderies.com\/blog\/2015\/03\/08\/villeneuve-tolosane\/","title":{"rendered":"Villeneuve Tolosane"},"content":{"rendered":"<p style=\"text-align: justify;\"><a href=\"http:\/\/www.patchwork-perles-broderies.com\/blog\/wp-content\/uploads\/2015\/03\/accueil.gif\"><img loading=\"lazy\" decoding=\"async\" class=\"aligncenter wp-image-1462 size-full\" src=\"http:\/\/www.patchwork-perles-broderies.com\/blog\/wp-content\/uploads\/2015\/03\/accueil.gif\" alt=\"\" width=\"850\" height=\"478\" \/><\/a>Villeneuve Tolosane est un de ces charmants villages qui constituent la banlieue toulousaine. A mes yeux il poss\u00e8de deux atouts essentiels: une quincaillerie \u00a0\u00bb \u00e0 l&rsquo;ancienne\u00a0\u00bb et une superbe salle pour abriter les expositions du tr\u00e8s dynamique club de patchwork.<\/p>\n<p style=\"text-align: justify;\">Profitant du soleil enfin revenu, je suis all\u00e9e y faire un tour. Accueil charmant, tr\u00e8s beaux ouvrages, j&rsquo;ai pass\u00e9 un moment vraiment heureux. Comme d&rsquo;habitude j&rsquo;ai pris pour vous quelques photos au hasard de mes coups de coeur.<\/p>\n<p style=\"text-align: justify;\">Coups de coeurs un peu orient\u00e9s bien s\u00fbr: l&rsquo;amoureuse des chats que je suis ne pouvait pas \u00a0laisser passer celui l\u00e0!<\/p>\n<p><a href=\"http:\/\/www.patchwork-perles-broderies.com\/blog\/wp-content\/uploads\/2015\/03\/chats.gif\"><img loading=\"lazy\" decoding=\"async\" class=\"aligncenter wp-image-1463 size-full\" src=\"http:\/\/www.patchwork-perles-broderies.com\/blog\/wp-content\/uploads\/2015\/03\/chats.gif\" alt=\"chats en tenue de soir\u00e9e\" width=\"567\" height=\"689\" \/><\/a><\/p>\n<p>Harmonie grise et bleue tr\u00e8s r\u00e9ussie pour ce motif traditionnel trop souvent n\u00e9glig\u00e9 d\u00e9tourn\u00e9 pour figurer\u00a0d&rsquo;autres chats<\/p>\n<p><a href=\"http:\/\/www.patchwork-perles-broderies.com\/blog\/wp-content\/uploads\/2015\/03\/escargot.gif\"><img loading=\"lazy\" decoding=\"async\" class=\"aligncenter wp-image-1461 size-full\" src=\"http:\/\/www.patchwork-perles-broderies.com\/blog\/wp-content\/uploads\/2015\/03\/escargot.gif\" alt=\"\" width=\"567\" height=\"568\" \/><\/a><\/p>\n<p>Ce\u00a0magnifique alphabet d\u00e9licatement brod\u00e9 ne pouvait bien s\u00fbr que m&#8217;emballer. Mais comme tous les quilts pastels il ne rend pas vraiment \u00e0 la photo.<\/p>\n<p><a href=\"http:\/\/www.patchwork-perles-broderies.com\/blog\/wp-content\/uploads\/2015\/03\/abc.gif\"><img loading=\"lazy\" decoding=\"async\" class=\"aligncenter wp-image-1467 size-large\" src=\"http:\/\/www.patchwork-perles-broderies.com\/blog\/wp-content\/uploads\/2015\/03\/abc-910x1024.gif\" alt=\"\" width=\"625\" height=\"703\" srcset=\"https:\/\/www.patchwork-perles-broderies.com\/blog\/wp-content\/uploads\/2015\/03\/abc-910x1024.gif 910w, https:\/\/www.patchwork-perles-broderies.com\/blog\/wp-content\/uploads\/2015\/03\/abc-266x300.gif 266w, https:\/\/www.patchwork-perles-broderies.com\/blog\/wp-content\/uploads\/2015\/03\/abc-624x702.gif 624w\" sizes=\"auto, (max-width: 625px) 100vw, 625px\" \/><\/a><\/p>\n<p><a href=\"http:\/\/www.patchwork-perles-broderies.com\/blog\/wp-content\/uploads\/2015\/03\/r.gif\"><img loading=\"lazy\" decoding=\"async\" class=\"aligncenter wp-image-1468 size-medium\" src=\"http:\/\/www.patchwork-perles-broderies.com\/blog\/wp-content\/uploads\/2015\/03\/r-256x300.gif\" alt=\"\" width=\"256\" height=\"300\" srcset=\"https:\/\/www.patchwork-perles-broderies.com\/blog\/wp-content\/uploads\/2015\/03\/r-256x300.gif 256w, https:\/\/www.patchwork-perles-broderies.com\/blog\/wp-content\/uploads\/2015\/03\/r-873x1024.gif 873w, https:\/\/www.patchwork-perles-broderies.com\/blog\/wp-content\/uploads\/2015\/03\/r-624x732.gif 624w\" sizes=\"auto, (max-width: 256px) 100vw, 256px\" \/><\/a>Naturellement la journ\u00e9e de la femme avait inspir\u00e9 quelques patchs:<\/p>\n<p>une tr\u00e8s amusante guirlande de petites bonnes femmes en costume<\/p>\n<p><a href=\"http:\/\/www.patchwork-perles-broderies.com\/blog\/wp-content\/uploads\/2015\/03\/femmes.gif\"><img loading=\"lazy\" decoding=\"async\" class=\"aligncenter wp-image-1464 size-medium\" src=\"http:\/\/www.patchwork-perles-broderies.com\/blog\/wp-content\/uploads\/2015\/03\/femmes-300x184.gif\" alt=\"\" width=\"300\" height=\"184\" srcset=\"https:\/\/www.patchwork-perles-broderies.com\/blog\/wp-content\/uploads\/2015\/03\/femmes-300x184.gif 300w, https:\/\/www.patchwork-perles-broderies.com\/blog\/wp-content\/uploads\/2015\/03\/femmes-624x382.gif 624w\" sizes=\"auto, (max-width: 300px) 100vw, 300px\" \/><\/a><a href=\"http:\/\/www.patchwork-perles-broderies.com\/blog\/wp-content\/uploads\/2015\/03\/femmes-det.jpg\"><img loading=\"lazy\" decoding=\"async\" class=\"aligncenter wp-image-1465 size-large\" src=\"http:\/\/www.patchwork-perles-broderies.com\/blog\/wp-content\/uploads\/2015\/03\/femmes-det-1024x308.jpg\" alt=\"\" width=\"625\" height=\"188\" srcset=\"https:\/\/www.patchwork-perles-broderies.com\/blog\/wp-content\/uploads\/2015\/03\/femmes-det-1024x308.jpg 1024w, https:\/\/www.patchwork-perles-broderies.com\/blog\/wp-content\/uploads\/2015\/03\/femmes-det-300x90.jpg 300w, https:\/\/www.patchwork-perles-broderies.com\/blog\/wp-content\/uploads\/2015\/03\/femmes-det-624x187.jpg 624w\" sizes=\"auto, (max-width: 625px) 100vw, 625px\" \/><\/a>et un tr\u00e8s spectaculaire appliqu\u00e9 bicolore inspir\u00e9 de Matisse<\/p>\n<p><a href=\"http:\/\/www.patchwork-perles-broderies.com\/blog\/wp-content\/uploads\/2015\/03\/femme-bleue.gif\"><img loading=\"lazy\" decoding=\"async\" class=\"aligncenter wp-image-1466 size-full\" src=\"http:\/\/www.patchwork-perles-broderies.com\/blog\/wp-content\/uploads\/2015\/03\/femme-bleue.gif\" alt=\"\" width=\"567\" height=\"644\" \/><\/a><\/p>\n<p>Naturellement il y avait d&rsquo;autres\u00a0belles pi\u00e8ces, originales et toujours tr\u00e8s soigneusement ex\u00e9cut\u00e9es&#8230;.une belle exposition qui aurait m\u00e9rit\u00e9 de durer plus longtemps.<\/p>\n<p>&nbsp;<\/p>\n<p>&nbsp;<\/p>\n","protected":false},"excerpt":{"rendered":"<p>Villeneuve Tolosane est un de ces charmants villages qui constituent la banlieue toulousaine. A mes yeux il poss\u00e8de deux atouts essentiels: une quincaillerie \u00a0\u00bb \u00e0 l&rsquo;ancienne\u00a0\u00bb et une superbe salle pour abriter les expositions du tr\u00e8s dynamique club de patchwork. Profitant du soleil enfin revenu, je suis all\u00e9e y faire un tour. Accueil charmant, tr\u00e8s [&hellip;]<\/p>\n","protected":false},"author":1,"featured_media":0,"comment_status":"open","ping_status":"open","sticky":false,"template":"","format":"standard","meta":{"footnotes":""},"categories":[226],"tags":[214],"class_list":["post-1460","post","type-post","status-publish","format-standard","hentry","category-expositions","tag-villeneuve-tolosane"],"aioseo_notices":[],"_links":{"self":[{"href":"https:\/\/www.patchwork-perles-broderies.com\/blog\/wp-json\/wp\/v2\/posts\/1460","targetHints":{"allow":["GET"]}}],"collection":[{"href":"https:\/\/www.patchwork-perles-broderies.com\/blog\/wp-json\/wp\/v2\/posts"}],"about":[{"href":"https:\/\/www.patchwork-perles-broderies.com\/blog\/wp-json\/wp\/v2\/types\/post"}],"author":[{"embeddable":true,"href":"https:\/\/www.patchwork-perles-broderies.com\/blog\/wp-json\/wp\/v2\/users\/1"}],"replies":[{"embeddable":true,"href":"https:\/\/www.patchwork-perles-broderies.com\/blog\/wp-json\/wp\/v2\/comments?post=1460"}],"version-history":[{"count":2,"href":"https:\/\/www.patchwork-perles-broderies.com\/blog\/wp-json\/wp\/v2\/posts\/1460\/revisions"}],"predecessor-version":[{"id":2659,"href":"https:\/\/www.patchwork-perles-broderies.com\/blog\/wp-json\/wp\/v2\/posts\/1460\/revisions\/2659"}],"wp:attachment":[{"href":"https:\/\/www.patchwork-perles-broderies.com\/blog\/wp-json\/wp\/v2\/media?parent=1460"}],"wp:term":[{"taxonomy":"category","embeddable":true,"href":"https:\/\/www.patchwork-perles-broderies.com\/blog\/wp-json\/wp\/v2\/categories?post=1460"},{"taxonomy":"post_tag","embeddable":true,"href":"https:\/\/www.patchwork-perles-broderies.com\/blog\/wp-json\/wp\/v2\/tags?post=1460"}],"curies":[{"name":"wp","href":"https:\/\/api.w.org\/{rel}","templated":true}]}}