{"id":1674,"date":"2015-07-05T18:28:46","date_gmt":"2015-07-05T18:28:46","guid":{"rendered":"https:\/\/patchworkperlesetbroderies.wordpress.com\/?p=1674"},"modified":"2015-10-17T10:29:50","modified_gmt":"2015-10-17T09:29:50","slug":"le-lac","status":"publish","type":"post","link":"https:\/\/www.patchwork-perles-broderies.com\/blog\/2015\/07\/05\/le-lac\/","title":{"rendered":"Le lac"},"content":{"rendered":"<p>La chaleur qui r\u00e8gne en ce moment n&rsquo;est pas vraiment favorable \u00e0 la promenade. Mes chiens se br\u00fblent les pattes sur le macadam et il y a peu de chemins dans mon Lauragais\u00a0trop cultiv\u00e9. Heureusement il nous reste le lac. <!--more-->Ce lac de la Th\u00e9sauque aliment\u00e9 par la petite rivi\u00e8re du m\u00eame nom qui a \u00e9t\u00e9 cr\u00e9\u00e9 il y a des ann\u00e9es pour servir de r\u00e9serve d&rsquo;eau aux agriculteurs.<\/p>\n<p style=\"text-align: justify;\"><a href=\"http:\/\/www.patchwork-perles-broderies.com\/blog\/wp-content\/uploads\/2015\/07\/lac-nailloux.jpg\"><img loading=\"lazy\" decoding=\"async\" class=\"wp-image-1675 size-full aligncenter\" src=\"http:\/\/www.patchwork-perles-broderies.com\/blog\/wp-content\/uploads\/2015\/07\/lac-nailloux.jpg\" alt=\"\" width=\"457\" height=\"343\" srcset=\"https:\/\/www.patchwork-perles-broderies.com\/blog\/wp-content\/uploads\/2015\/07\/lac-nailloux.jpg 457w, https:\/\/www.patchwork-perles-broderies.com\/blog\/wp-content\/uploads\/2015\/07\/lac-nailloux-300x225.jpg 300w\" sizes=\"auto, (max-width: 457px) 100vw, 457px\" \/><\/a> Je ne sais pas si les agriculteurs en ont profit\u00e9 mais il constitue un lieu de promenade agr\u00e9able, partiellement ombrag\u00e9 et un chemin de terre doux aux pattes permet d&rsquo;en faire le tour. Nous sommes donc all\u00e9s y faire un tour.<\/p>\n<p style=\"text-align: justify;\"><a href=\"http:\/\/www.patchwork-perles-broderies.com\/blog\/wp-content\/uploads\/2015\/07\/nailloux1.jpg\"><img loading=\"lazy\" decoding=\"async\" class=\"aligncenter wp-image-1676 \" src=\"http:\/\/www.patchwork-perles-broderies.com\/blog\/wp-content\/uploads\/2015\/07\/nailloux1.jpg\" alt=\"lac de la Thesauque\" width=\"459\" height=\"344\" srcset=\"https:\/\/www.patchwork-perles-broderies.com\/blog\/wp-content\/uploads\/2015\/07\/nailloux1.jpg 640w, https:\/\/www.patchwork-perles-broderies.com\/blog\/wp-content\/uploads\/2015\/07\/nailloux1-300x225.jpg 300w, https:\/\/www.patchwork-perles-broderies.com\/blog\/wp-content\/uploads\/2015\/07\/nailloux1-624x468.jpg 624w\" sizes=\"auto, (max-width: 459px) 100vw, 459px\" \/><\/a><\/p>\n<p style=\"text-align: justify;\">On y trouve d&rsquo;autres propri\u00e9taires\u00a0de chiens qui prom\u00e8nent consciencieusement leur animal, ce qui est parfois probl\u00e9matique: certains adoptent d&#8217;embl\u00e9e l&rsquo;attitude juste qui permet aux animaux de se rencontrer, on discute gentiment pendant que les chiens font connaissance, d&rsquo;autres regardent d&rsquo;un oeil peu am\u00e8ne ces deux\u00a0chiens qui risqueraient de troubler leurs chers petits!<\/p>\n<p><a href=\"http:\/\/www.patchwork-perles-broderies.com\/blog\/wp-content\/uploads\/2015\/07\/thesauque.jpg\"><img loading=\"lazy\" decoding=\"async\" class=\"aligncenter wp-image-1677 size-full\" src=\"http:\/\/www.patchwork-perles-broderies.com\/blog\/wp-content\/uploads\/2015\/07\/thesauque.jpg\" alt=\"lac de la Thesauque\" width=\"482\" height=\"322\" srcset=\"https:\/\/www.patchwork-perles-broderies.com\/blog\/wp-content\/uploads\/2015\/07\/thesauque.jpg 482w, https:\/\/www.patchwork-perles-broderies.com\/blog\/wp-content\/uploads\/2015\/07\/thesauque-300x200.jpg 300w\" sizes=\"auto, (max-width: 482px) 100vw, 482px\" \/><\/a><\/p>\n<p style=\"text-align: justify;\"><span class=\"Apple-style-span\">Poupette aurait bien aim\u00e9 prendre un bain, mais je n&rsquo;avais pas pens\u00e9 \u00e0 prendre une longe et elle a donc d\u00fb se contenter de se mouiller les pattes.<\/span><\/p>\n<p style=\"text-align: justify;\">Au retour j&rsquo;ai recherch\u00e9 d&rsquo;autres lacs, en tissu cette fois pour vous aider \u00e0 vous rafra\u00eechir.<\/p>\n<p style=\"text-align: justify;\">J&rsquo;ai encore trouv\u00e9 quelques merveilles inspir\u00e9es par les lacs des parcs \u00a0am\u00e9ricains<\/p>\n<p style=\"text-align: justify;\">Le lac ensoleill\u00e9 de<em> Pam Giffin- Brees<\/em> qui donne tout de suite des envies de voile et de baignade<\/p>\n<div id=\"attachment_1682\" style=\"width: 448px\" class=\"wp-caption aligncenter\"><a href=\"http:\/\/www.patchwork-perles-broderies.com\/blog\/wp-content\/uploads\/2015\/07\/quilt-82-pgb-angel-island2.jpg\"><img loading=\"lazy\" decoding=\"async\" aria-describedby=\"caption-attachment-1682\" class=\"wp-image-1682 size-full\" src=\"http:\/\/www.patchwork-perles-broderies.com\/blog\/wp-content\/uploads\/2015\/07\/quilt-82-pgb-angel-island2.jpg\" alt=\" angel island\" width=\"438\" height=\"448\" srcset=\"https:\/\/www.patchwork-perles-broderies.com\/blog\/wp-content\/uploads\/2015\/07\/quilt-82-pgb-angel-island2.jpg 438w, https:\/\/www.patchwork-perles-broderies.com\/blog\/wp-content\/uploads\/2015\/07\/quilt-82-pgb-angel-island2-293x300.jpg 293w\" sizes=\"auto, (max-width: 438px) 100vw, 438px\" \/><\/a><p id=\"caption-attachment-1682\" class=\"wp-caption-text\">Quilter: Pam Giffin-Brees, Fremont, CA\u2028Quilt Title: Angel Island Early in the Day\u2028Related State Park: Angel Island\u2028Quilt size 20\u201d x 20\u201d<\/p><\/div>\n<p>&nbsp;<\/p>\n<p>Le c\u00e9l\u00e8bre Mirror lake du parc Yosemite avec ses pins et ses rochers<\/p>\n<div id=\"attachment_1683\" style=\"width: 635px\" class=\"wp-caption aligncenter\"><a href=\"http:\/\/www.patchwork-perles-broderies.com\/blog\/wp-content\/uploads\/2015\/07\/quilt-99-lb-mirror-lake-yosemite-lyra-bobo.jpg\"><img loading=\"lazy\" decoding=\"async\" aria-describedby=\"caption-attachment-1683\" class=\"wp-image-1683 size-large\" src=\"http:\/\/www.patchwork-perles-broderies.com\/blog\/wp-content\/uploads\/2015\/07\/quilt-99-lb-mirror-lake-yosemite-lyra-bobo-745x1024.jpg\" alt=\"mirror lake yosemite lyra Bobo\" width=\"625\" height=\"859\" srcset=\"https:\/\/www.patchwork-perles-broderies.com\/blog\/wp-content\/uploads\/2015\/07\/quilt-99-lb-mirror-lake-yosemite-lyra-bobo-745x1024.jpg 745w, https:\/\/www.patchwork-perles-broderies.com\/blog\/wp-content\/uploads\/2015\/07\/quilt-99-lb-mirror-lake-yosemite-lyra-bobo-218x300.jpg 218w, https:\/\/www.patchwork-perles-broderies.com\/blog\/wp-content\/uploads\/2015\/07\/quilt-99-lb-mirror-lake-yosemite-lyra-bobo-624x858.jpg 624w, https:\/\/www.patchwork-perles-broderies.com\/blog\/wp-content\/uploads\/2015\/07\/quilt-99-lb-mirror-lake-yosemite-lyra-bobo.jpg 1527w\" sizes=\"auto, (max-width: 625px) 100vw, 625px\" \/><\/a><p id=\"caption-attachment-1683\" class=\"wp-caption-text\">Quilter:\u00a0Lyra W. Bobo, Santa Rosa\u2028Quilt Title: Mirror Lake, Yosemite\u00a0 \u2028Quilt size:\u00a0 40 1\/2\u201d x 29\u201d<\/p><\/div>\n<p>Le fabuleux quilt de Pat Durbin avec son premier plan floral est sans doute mon pr\u00e9f\u00e9r\u00e9<\/p>\n<div id=\"attachment_1678\" style=\"width: 635px\" class=\"wp-caption aligncenter\"><a href=\"http:\/\/www.patchwork-perles-broderies.com\/blog\/wp-content\/uploads\/2015\/07\/patdurbinazaleashore.jpg\"><img loading=\"lazy\" decoding=\"async\" aria-describedby=\"caption-attachment-1678\" class=\"wp-image-1678 size-large\" src=\"http:\/\/www.patchwork-perles-broderies.com\/blog\/wp-content\/uploads\/2015\/07\/patdurbinazaleashore-1024x411.jpg\" alt=\"patdurbin azaleashore\" width=\"625\" height=\"251\" srcset=\"https:\/\/www.patchwork-perles-broderies.com\/blog\/wp-content\/uploads\/2015\/07\/patdurbinazaleashore-1024x411.jpg 1024w, https:\/\/www.patchwork-perles-broderies.com\/blog\/wp-content\/uploads\/2015\/07\/patdurbinazaleashore-300x120.jpg 300w, https:\/\/www.patchwork-perles-broderies.com\/blog\/wp-content\/uploads\/2015\/07\/patdurbinazaleashore-624x250.jpg 624w\" sizes=\"auto, (max-width: 625px) 100vw, 625px\" \/><\/a><p id=\"caption-attachment-1678\" class=\"wp-caption-text\">Azalea Shoreline\u201d is a storyteller landscape quilt by Pat Durbin. http:\/\/www.iloveny.com\/wp-content\/uploads\/2009\/02\/patdurbinazaleashore.jpg<\/p><\/div>\n<p>J&rsquo;ai trouv\u00e9 aussi un patch tr\u00e8s amusant r\u00e9alis\u00e9 pour c\u00e9l\u00e9brer la premi\u00e8re femme \u00e0 avoir \u00e9t\u00e9 \u00a0\u00bb park ranger\u00a0\u00bb<\/p>\n<div id=\"attachment_1681\" style=\"width: 635px\" class=\"wp-caption aligncenter\"><a href=\"http:\/\/www.patchwork-perles-broderies.com\/blog\/wp-content\/uploads\/2015\/07\/quilt-83-to-honor-harriett-weaver.jpg\"><img loading=\"lazy\" decoding=\"async\" aria-describedby=\"caption-attachment-1681\" class=\"wp-image-1681 size-large\" src=\"http:\/\/www.patchwork-perles-broderies.com\/blog\/wp-content\/uploads\/2015\/07\/quilt-83-to-honor-harriett-weaver-768x1024.jpg\" alt=\"to honor harriett weaver\" width=\"625\" height=\"833\" srcset=\"https:\/\/www.patchwork-perles-broderies.com\/blog\/wp-content\/uploads\/2015\/07\/quilt-83-to-honor-harriett-weaver-768x1024.jpg 768w, https:\/\/www.patchwork-perles-broderies.com\/blog\/wp-content\/uploads\/2015\/07\/quilt-83-to-honor-harriett-weaver-225x300.jpg 225w, https:\/\/www.patchwork-perles-broderies.com\/blog\/wp-content\/uploads\/2015\/07\/quilt-83-to-honor-harriett-weaver-624x832.jpg 624w\" sizes=\"auto, (max-width: 625px) 100vw, 625px\" \/><\/a><p id=\"caption-attachment-1681\" class=\"wp-caption-text\">Quilter: Michelle Howe, Irvine\u2028Quilt Title: Harriett Weaver, 1st Female Park Ranger\u2028Quilt Size: 30-1\/2&Prime; X 41&Prime;<\/p><\/div>\n<p>&nbsp;<\/p>\n<p>&nbsp;<\/p>\n<p>&nbsp;<\/p>\n","protected":false},"excerpt":{"rendered":"<p>La chaleur qui r\u00e8gne en ce moment n&rsquo;est pas vraiment favorable \u00e0 la promenade. Mes chiens se br\u00fblent les pattes sur le macadam et il y a peu de chemins dans mon Lauragais\u00a0trop cultiv\u00e9. Heureusement il nous reste le lac.<\/p>\n","protected":false},"author":1,"featured_media":0,"comment_status":"open","ping_status":"open","sticky":false,"template":"","format":"video","meta":{"footnotes":""},"categories":[12],"tags":[26,94,121,127,141,161,165,221],"class_list":["post-1674","post","type-post","status-publish","format-video","hentry","category-quilts","tag-angel-island","tag-harriett-weaver","tag-lake","tag-lyra-w-lobo","tag-michelle-howe","tag-pam-giffin-brees","tag-pat-durbin","tag-yosemite-park","post_format-post-format-video"],"aioseo_notices":[],"aioseo_head":"\n\t\t<!-- All in One SEO 5.0.1.1 - aioseo.com -->\n\t<meta name=\"description\" content=\"Des lacs pour vous rafraichir\" \/>\n\t<meta name=\"robots\" content=\"max-image-preview:large\" \/>\n\t<meta name=\"author\" content=\"admin\"\/>\n\t<meta name=\"keywords\" content=\"angel island,harriett weaver,lake,lyra w. lobo,michelle howe,pam giffin-brees,pat durbin,yosemite park\" \/>\n\t<link rel=\"canonical\" href=\"https:\/\/www.patchwork-perles-broderies.com\/blog\/2015\/07\/05\/le-lac\/\" \/>\n\t<meta name=\"generator\" content=\"All in One SEO (AIOSEO) 5.0.1.1\" \/>\n\t\t<meta property=\"og:locale\" content=\"fr_FR\" \/>\n\t\t<meta property=\"og:site_name\" content=\"Patchwork Perles et Broderies - Le Blog |  La Passion du Patch Orn\u00e9 ( Website : patchwork-perles-broderies.com )\" \/>\n\t\t<meta property=\"og:type\" content=\"article\" \/>\n\t\t<meta property=\"og:title\" content=\"Le Lac | Patchwork Perles et Broderies - Le Blog\" \/>\n\t\t<meta property=\"og:description\" content=\"Des lacs pour vous rafraichir\" \/>\n\t\t<meta property=\"og:url\" content=\"https:\/\/www.patchwork-perles-broderies.com\/blog\/2015\/07\/05\/le-lac\/\" \/>\n\t\t<meta property=\"article:published_time\" content=\"2015-07-05T18:28:46+00:00\" \/>\n\t\t<meta property=\"article:modified_time\" content=\"2015-10-17T09:29:50+00:00\" \/>\n\t\t<meta name=\"twitter:card\" content=\"summary\" \/>\n\t\t<meta name=\"twitter:title\" content=\"Le Lac | Patchwork Perles et Broderies - Le Blog\" \/>\n\t\t<meta name=\"twitter:description\" content=\"Des lacs pour vous rafraichir\" \/>\n\t\t<script type=\"application\/ld+json\" class=\"aioseo-schema\">\n\t\t\t{\"@context\":\"https:\\\/\\\/schema.org\",\"@graph\":[{\"@type\":\"Article\",\"@id\":\"https:\\\/\\\/www.patchwork-perles-broderies.com\\\/blog\\\/2015\\\/07\\\/05\\\/le-lac\\\/#article\",\"name\":\"Le Lac | Patchwork Perles et Broderies - Le Blog\",\"headline\":\"Le lac\",\"author\":{\"@id\":\"https:\\\/\\\/www.patchwork-perles-broderies.com\\\/blog\\\/author\\\/admin\\\/#author\"},\"publisher\":{\"@id\":\"https:\\\/\\\/www.patchwork-perles-broderies.com\\\/blog\\\/#person\"},\"image\":{\"@type\":\"ImageObject\",\"url\":\"https:\\\/\\\/www.patchwork-perles-broderies.com\\\/blog\\\/wp-content\\\/uploads\\\/2015\\\/07\\\/lac-nailloux.jpg\",\"@id\":\"https:\\\/\\\/www.patchwork-perles-broderies.com\\\/blog\\\/2015\\\/07\\\/05\\\/le-lac\\\/#articleImage\",\"width\":457,\"height\":343},\"datePublished\":\"2015-07-05T18:28:46+01:00\",\"dateModified\":\"2015-10-17T10:29:50+01:00\",\"inLanguage\":\"fr-FR\",\"commentCount\":2,\"mainEntityOfPage\":{\"@id\":\"https:\\\/\\\/www.patchwork-perles-broderies.com\\\/blog\\\/2015\\\/07\\\/05\\\/le-lac\\\/#webpage\"},\"isPartOf\":{\"@id\":\"https:\\\/\\\/www.patchwork-perles-broderies.com\\\/blog\\\/2015\\\/07\\\/05\\\/le-lac\\\/#webpage\"},\"articleSection\":\"Quilts, Angel Island, Harriett Weaver, Lake, Lyra W. Lobo, Michelle Howe, Pam Giffin-Brees, Pat Durbin, Yosemite Park, Vid\\u00e9o\"},{\"@type\":\"BreadcrumbList\",\"@id\":\"https:\\\/\\\/www.patchwork-perles-broderies.com\\\/blog\\\/2015\\\/07\\\/05\\\/le-lac\\\/#breadcrumblist\",\"itemListElement\":[{\"@type\":\"ListItem\",\"@id\":\"https:\\\/\\\/www.patchwork-perles-broderies.com\\\/blog#listItem\",\"position\":1,\"name\":\"Accueil\",\"item\":\"https:\\\/\\\/www.patchwork-perles-broderies.com\\\/blog\",\"nextItem\":{\"@type\":\"ListItem\",\"@id\":\"https:\\\/\\\/www.patchwork-perles-broderies.com\\\/blog\\\/category\\\/quilts\\\/#listItem\",\"name\":\"Quilts\"}},{\"@type\":\"ListItem\",\"@id\":\"https:\\\/\\\/www.patchwork-perles-broderies.com\\\/blog\\\/category\\\/quilts\\\/#listItem\",\"position\":2,\"name\":\"Quilts\",\"item\":\"https:\\\/\\\/www.patchwork-perles-broderies.com\\\/blog\\\/category\\\/quilts\\\/\",\"nextItem\":{\"@type\":\"ListItem\",\"@id\":\"https:\\\/\\\/www.patchwork-perles-broderies.com\\\/blog\\\/2015\\\/07\\\/05\\\/le-lac\\\/#listItem\",\"name\":\"Le lac\"},\"previousItem\":{\"@type\":\"ListItem\",\"@id\":\"https:\\\/\\\/www.patchwork-perles-broderies.com\\\/blog#listItem\",\"name\":\"Accueil\"}},{\"@type\":\"ListItem\",\"@id\":\"https:\\\/\\\/www.patchwork-perles-broderies.com\\\/blog\\\/2015\\\/07\\\/05\\\/le-lac\\\/#listItem\",\"position\":3,\"name\":\"Le lac\",\"previousItem\":{\"@type\":\"ListItem\",\"@id\":\"https:\\\/\\\/www.patchwork-perles-broderies.com\\\/blog\\\/category\\\/quilts\\\/#listItem\",\"name\":\"Quilts\"}}]},{\"@type\":\"Person\",\"@id\":\"https:\\\/\\\/www.patchwork-perles-broderies.com\\\/blog\\\/#person\",\"name\":\"admin\",\"image\":{\"@type\":\"ImageObject\",\"@id\":\"https:\\\/\\\/www.patchwork-perles-broderies.com\\\/blog\\\/2015\\\/07\\\/05\\\/le-lac\\\/#personImage\",\"url\":\"https:\\\/\\\/secure.gravatar.com\\\/avatar\\\/f8283cc8f0bd73ad8d4a00aade7fefd9b739f96e8a9e5f8fa202319c0962314e?s=96&d=identicon&r=g\",\"width\":96,\"height\":96,\"caption\":\"admin\"}},{\"@type\":\"Person\",\"@id\":\"https:\\\/\\\/www.patchwork-perles-broderies.com\\\/blog\\\/author\\\/admin\\\/#author\",\"url\":\"https:\\\/\\\/www.patchwork-perles-broderies.com\\\/blog\\\/author\\\/admin\\\/\",\"name\":\"admin\",\"image\":{\"@type\":\"ImageObject\",\"@id\":\"https:\\\/\\\/www.patchwork-perles-broderies.com\\\/blog\\\/2015\\\/07\\\/05\\\/le-lac\\\/#authorImage\",\"url\":\"https:\\\/\\\/secure.gravatar.com\\\/avatar\\\/f8283cc8f0bd73ad8d4a00aade7fefd9b739f96e8a9e5f8fa202319c0962314e?s=96&d=identicon&r=g\",\"width\":96,\"height\":96,\"caption\":\"admin\"}},{\"@type\":\"WebPage\",\"@id\":\"https:\\\/\\\/www.patchwork-perles-broderies.com\\\/blog\\\/2015\\\/07\\\/05\\\/le-lac\\\/#webpage\",\"url\":\"https:\\\/\\\/www.patchwork-perles-broderies.com\\\/blog\\\/2015\\\/07\\\/05\\\/le-lac\\\/\",\"name\":\"Le Lac | Patchwork Perles et Broderies - Le Blog\",\"description\":\"Des lacs pour vous rafraichir\",\"inLanguage\":\"fr-FR\",\"isPartOf\":{\"@id\":\"https:\\\/\\\/www.patchwork-perles-broderies.com\\\/blog\\\/#website\"},\"breadcrumb\":{\"@id\":\"https:\\\/\\\/www.patchwork-perles-broderies.com\\\/blog\\\/2015\\\/07\\\/05\\\/le-lac\\\/#breadcrumblist\"},\"author\":{\"@id\":\"https:\\\/\\\/www.patchwork-perles-broderies.com\\\/blog\\\/author\\\/admin\\\/#author\"},\"creator\":{\"@id\":\"https:\\\/\\\/www.patchwork-perles-broderies.com\\\/blog\\\/author\\\/admin\\\/#author\"},\"datePublished\":\"2015-07-05T18:28:46+01:00\",\"dateModified\":\"2015-10-17T10:29:50+01:00\"},{\"@type\":\"WebSite\",\"@id\":\"https:\\\/\\\/www.patchwork-perles-broderies.com\\\/blog\\\/#website\",\"url\":\"https:\\\/\\\/www.patchwork-perles-broderies.com\\\/blog\\\/\",\"name\":\"Patchwork Perles et Broderies\",\"description\":\"La Passion du Patch Orn\\u00e9 ( Website : patchwork-perles-broderies.com )\",\"inLanguage\":\"fr-FR\",\"publisher\":{\"@id\":\"https:\\\/\\\/www.patchwork-perles-broderies.com\\\/blog\\\/#person\"}}]}\n\t\t<\/script>\n\t\t<!-- All in One SEO -->\n\n","aioseo_head_json":{"title":"Le Lac | Patchwork Perles et Broderies - Le Blog","description":"Des lacs pour vous rafraichir","canonical_url":"https:\/\/www.patchwork-perles-broderies.com\/blog\/2015\/07\/05\/le-lac\/","robots":"max-image-preview:large","keywords":"angel island,harriett weaver,lake,lyra w. lobo,michelle howe,pam giffin-brees,pat durbin,yosemite park","webmasterTools":{"miscellaneous":""},"schema":{"@context":"https:\/\/schema.org","@graph":[{"@type":"Article","@id":"https:\/\/www.patchwork-perles-broderies.com\/blog\/2015\/07\/05\/le-lac\/#article","name":"Le Lac | Patchwork Perles et Broderies - Le Blog","headline":"Le lac","author":{"@id":"https:\/\/www.patchwork-perles-broderies.com\/blog\/author\/admin\/#author"},"publisher":{"@id":"https:\/\/www.patchwork-perles-broderies.com\/blog\/#person"},"image":{"@type":"ImageObject","url":"https:\/\/www.patchwork-perles-broderies.com\/blog\/wp-content\/uploads\/2015\/07\/lac-nailloux.jpg","@id":"https:\/\/www.patchwork-perles-broderies.com\/blog\/2015\/07\/05\/le-lac\/#articleImage","width":457,"height":343},"datePublished":"2015-07-05T18:28:46+01:00","dateModified":"2015-10-17T10:29:50+01:00","inLanguage":"fr-FR","commentCount":2,"mainEntityOfPage":{"@id":"https:\/\/www.patchwork-perles-broderies.com\/blog\/2015\/07\/05\/le-lac\/#webpage"},"isPartOf":{"@id":"https:\/\/www.patchwork-perles-broderies.com\/blog\/2015\/07\/05\/le-lac\/#webpage"},"articleSection":"Quilts, Angel Island, Harriett Weaver, Lake, Lyra W. Lobo, Michelle Howe, Pam Giffin-Brees, Pat Durbin, Yosemite Park, Vid\u00e9o"},{"@type":"BreadcrumbList","@id":"https:\/\/www.patchwork-perles-broderies.com\/blog\/2015\/07\/05\/le-lac\/#breadcrumblist","itemListElement":[{"@type":"ListItem","@id":"https:\/\/www.patchwork-perles-broderies.com\/blog#listItem","position":1,"name":"Accueil","item":"https:\/\/www.patchwork-perles-broderies.com\/blog","nextItem":{"@type":"ListItem","@id":"https:\/\/www.patchwork-perles-broderies.com\/blog\/category\/quilts\/#listItem","name":"Quilts"}},{"@type":"ListItem","@id":"https:\/\/www.patchwork-perles-broderies.com\/blog\/category\/quilts\/#listItem","position":2,"name":"Quilts","item":"https:\/\/www.patchwork-perles-broderies.com\/blog\/category\/quilts\/","nextItem":{"@type":"ListItem","@id":"https:\/\/www.patchwork-perles-broderies.com\/blog\/2015\/07\/05\/le-lac\/#listItem","name":"Le lac"},"previousItem":{"@type":"ListItem","@id":"https:\/\/www.patchwork-perles-broderies.com\/blog#listItem","name":"Accueil"}},{"@type":"ListItem","@id":"https:\/\/www.patchwork-perles-broderies.com\/blog\/2015\/07\/05\/le-lac\/#listItem","position":3,"name":"Le lac","previousItem":{"@type":"ListItem","@id":"https:\/\/www.patchwork-perles-broderies.com\/blog\/category\/quilts\/#listItem","name":"Quilts"}}]},{"@type":"Person","@id":"https:\/\/www.patchwork-perles-broderies.com\/blog\/#person","name":"admin","image":{"@type":"ImageObject","@id":"https:\/\/www.patchwork-perles-broderies.com\/blog\/2015\/07\/05\/le-lac\/#personImage","url":"https:\/\/secure.gravatar.com\/avatar\/f8283cc8f0bd73ad8d4a00aade7fefd9b739f96e8a9e5f8fa202319c0962314e?s=96&d=identicon&r=g","width":96,"height":96,"caption":"admin"}},{"@type":"Person","@id":"https:\/\/www.patchwork-perles-broderies.com\/blog\/author\/admin\/#author","url":"https:\/\/www.patchwork-perles-broderies.com\/blog\/author\/admin\/","name":"admin","image":{"@type":"ImageObject","@id":"https:\/\/www.patchwork-perles-broderies.com\/blog\/2015\/07\/05\/le-lac\/#authorImage","url":"https:\/\/secure.gravatar.com\/avatar\/f8283cc8f0bd73ad8d4a00aade7fefd9b739f96e8a9e5f8fa202319c0962314e?s=96&d=identicon&r=g","width":96,"height":96,"caption":"admin"}},{"@type":"WebPage","@id":"https:\/\/www.patchwork-perles-broderies.com\/blog\/2015\/07\/05\/le-lac\/#webpage","url":"https:\/\/www.patchwork-perles-broderies.com\/blog\/2015\/07\/05\/le-lac\/","name":"Le Lac | Patchwork Perles et Broderies - Le Blog","description":"Des lacs pour vous rafraichir","inLanguage":"fr-FR","isPartOf":{"@id":"https:\/\/www.patchwork-perles-broderies.com\/blog\/#website"},"breadcrumb":{"@id":"https:\/\/www.patchwork-perles-broderies.com\/blog\/2015\/07\/05\/le-lac\/#breadcrumblist"},"author":{"@id":"https:\/\/www.patchwork-perles-broderies.com\/blog\/author\/admin\/#author"},"creator":{"@id":"https:\/\/www.patchwork-perles-broderies.com\/blog\/author\/admin\/#author"},"datePublished":"2015-07-05T18:28:46+01:00","dateModified":"2015-10-17T10:29:50+01:00"},{"@type":"WebSite","@id":"https:\/\/www.patchwork-perles-broderies.com\/blog\/#website","url":"https:\/\/www.patchwork-perles-broderies.com\/blog\/","name":"Patchwork Perles et Broderies","description":"La Passion du Patch Orn\u00e9 ( Website : patchwork-perles-broderies.com )","inLanguage":"fr-FR","publisher":{"@id":"https:\/\/www.patchwork-perles-broderies.com\/blog\/#person"}}]},"og:locale":"fr_FR","og:site_name":"Patchwork Perles et Broderies - Le Blog |  La Passion du Patch Orn\u00e9 ( Website : patchwork-perles-broderies.com )","og:type":"article","og:title":"Le Lac | Patchwork Perles et Broderies - Le Blog","og:description":"Des lacs pour vous rafraichir","og:url":"https:\/\/www.patchwork-perles-broderies.com\/blog\/2015\/07\/05\/le-lac\/","article:published_time":"2015-07-05T18:28:46+00:00","article:modified_time":"2015-10-17T09:29:50+00:00","twitter:card":"summary","twitter:title":"Le Lac | Patchwork Perles et Broderies - Le Blog","twitter:description":"Des lacs pour vous rafraichir"},"aioseo_meta_data":{"post_id":"1674","title":"Le Lac | #site_title","description":"Des lacs pour vous rafraichir","keywords":[{"label":"Angel Island","value":"Angel Island"},{"label":"Harriett Weaver","value":"Harriett Weaver"},{"label":"Lake","value":"Lake"},{"label":"Lyra W. Lobo","value":"Lyra W. Lobo"},{"label":"Michelle Howe","value":"Michelle Howe"},{"label":"Pam Giffin-Brees","value":"Pam Giffin-Brees"},{"label":"Pat Durbin","value":"Pat Durbin"},{"label":"Yosemite Park","value":"Yosemite Park"}],"keyphrases":null,"primary_term":null,"canonical_url":null,"og_title":null,"og_description":null,"og_object_type":"default","og_image_type":"default","og_image_url":null,"og_image_width":null,"og_image_height":null,"og_image_custom_url":null,"og_image_custom_fields":null,"og_video":null,"og_custom_url":null,"og_article_section":null,"og_article_tags":null,"twitter_use_og":false,"twitter_card":"default","twitter_image_type":"default","twitter_image_url":null,"twitter_image_custom_url":null,"twitter_image_custom_fields":null,"twitter_title":null,"twitter_description":null,"schema":{"blockGraphs":[],"customGraphs":[],"default":{"data":{"Article":[],"Course":[],"Dataset":[],"FAQPage":[],"Movie":[],"Person":[],"Product":[],"ProductReview":[],"Car":[],"Recipe":[],"Service":[],"SoftwareApplication":[],"WebPage":[]},"graphName":"","isEnabled":true},"graphs":[],"defaultGraph":"","defaultPostTypeGraph":""},"schema_type":null,"schema_type_options":null,"pillar_content":false,"robots_default":true,"robots_noindex":false,"robots_noarchive":false,"robots_nosnippet":false,"robots_nofollow":false,"robots_noimageindex":false,"robots_noodp":false,"robots_notranslate":false,"robots_max_snippet":null,"robots_max_videopreview":null,"robots_max_imagepreview":"large","priority":null,"frequency":null,"location":null,"local_seo":null,"breadcrumb_settings":null,"limit_modified_date":false,"ai":null,"created":"2021-01-22 11:22:28","updated":"2025-06-28 22:08:14","focus_keyword":null,"additional_keywords":null,"truseo_locale":null,"seo_analyzer_scan_date":null},"aioseo_breadcrumb":"<div class=\"aioseo-breadcrumbs\"><span class=\"aioseo-breadcrumb\">\n\t\t\t<a href=\"https:\/\/www.patchwork-perles-broderies.com\/blog\" title=\"Accueil\">Accueil<\/a>\n\t\t<\/span><span class=\"aioseo-breadcrumb-separator\">&raquo;<\/span><span class=\"aioseo-breadcrumb\">\n\t\t\t<a href=\"https:\/\/www.patchwork-perles-broderies.com\/blog\/category\/quilts\/\" title=\"Quilts\">Quilts<\/a>\n\t\t<\/span><span class=\"aioseo-breadcrumb-separator\">&raquo;<\/span><span class=\"aioseo-breadcrumb\">\n\t\t\tLe lac\n\t\t<\/span><\/div>","aioseo_breadcrumb_json":[{"label":"Accueil","link":"https:\/\/www.patchwork-perles-broderies.com\/blog"},{"label":"Quilts","link":"https:\/\/www.patchwork-perles-broderies.com\/blog\/category\/quilts\/"},{"label":"Le lac","link":"https:\/\/www.patchwork-perles-broderies.com\/blog\/2015\/07\/05\/le-lac\/"}],"_links":{"self":[{"href":"https:\/\/www.patchwork-perles-broderies.com\/blog\/wp-json\/wp\/v2\/posts\/1674","targetHints":{"allow":["GET"]}}],"collection":[{"href":"https:\/\/www.patchwork-perles-broderies.com\/blog\/wp-json\/wp\/v2\/posts"}],"about":[{"href":"https:\/\/www.patchwork-perles-broderies.com\/blog\/wp-json\/wp\/v2\/types\/post"}],"author":[{"embeddable":true,"href":"https:\/\/www.patchwork-perles-broderies.com\/blog\/wp-json\/wp\/v2\/users\/1"}],"replies":[{"embeddable":true,"href":"https:\/\/www.patchwork-perles-broderies.com\/blog\/wp-json\/wp\/v2\/comments?post=1674"}],"version-history":[{"count":2,"href":"https:\/\/www.patchwork-perles-broderies.com\/blog\/wp-json\/wp\/v2\/posts\/1674\/revisions"}],"predecessor-version":[{"id":2459,"href":"https:\/\/www.patchwork-perles-broderies.com\/blog\/wp-json\/wp\/v2\/posts\/1674\/revisions\/2459"}],"wp:attachment":[{"href":"https:\/\/www.patchwork-perles-broderies.com\/blog\/wp-json\/wp\/v2\/media?parent=1674"}],"wp:term":[{"taxonomy":"category","embeddable":true,"href":"https:\/\/www.patchwork-perles-broderies.com\/blog\/wp-json\/wp\/v2\/categories?post=1674"},{"taxonomy":"post_tag","embeddable":true,"href":"https:\/\/www.patchwork-perles-broderies.com\/blog\/wp-json\/wp\/v2\/tags?post=1674"}],"curies":[{"name":"wp","href":"https:\/\/api.w.org\/{rel}","templated":true}]}}