{"id":2324,"date":"2015-09-30T16:16:32","date_gmt":"2015-09-30T16:16:32","guid":{"rendered":"https:\/\/patchworkperlesetbroderies.wordpress.com\/?p=2324"},"modified":"2015-10-27T20:04:16","modified_gmt":"2015-10-27T19:04:16","slug":"vent-et-pluie","status":"publish","type":"post","link":"https:\/\/www.patchwork-perles-broderies.com\/blog\/2015\/09\/30\/vent-et-pluie\/","title":{"rendered":"Vent et pluie"},"content":{"rendered":"<p style=\"text-align: justify;\">Et le mauvais temps et l&rsquo;automne sont d\u00e9j\u00e0 l\u00e0 : quelques jours ensoleill\u00e9s mais avec une temp\u00e9rature si basse que j&rsquo;ai d\u00fb chauffer la maison ( ce qui n&rsquo;arrive jamais si t\u00f4t dans notre sud) . Et maintenant le vent qui s&rsquo;est relev\u00e9, ce vent d&rsquo;autan que redoutent tous les toulousains.<br \/>\nIl perturbe tout le monde et en particulier mon\u00a0 amie\u00a0 Sue.<\/p>\n<p style=\"text-align: justify;\"><!--more--><br \/>\nElle aurait voulu jouer avec son cerf volant, mais elle a eu peur qu&rsquo;Autan le lui arrache.<\/p>\n<div id=\"attachment_2325\" style=\"width: 359px\" class=\"wp-caption aligncenter\"><a href=\"http:\/\/www.patchwork-perles-broderies.com\/blog\/wp-content\/uploads\/2015\/09\/sunbonnet_sue_kite.jpg\"><img loading=\"lazy\" decoding=\"async\" aria-describedby=\"caption-attachment-2325\" class=\"wp-image-2325 \" src=\"http:\/\/www.patchwork-perles-broderies.com\/blog\/wp-content\/uploads\/2015\/09\/sunbonnet_sue_kite.jpg\" alt=\"Sunbonnet Sue au cerf volant\" width=\"349\" height=\"349\" srcset=\"https:\/\/www.patchwork-perles-broderies.com\/blog\/wp-content\/uploads\/2015\/09\/sunbonnet_sue_kite.jpg 249w, https:\/\/www.patchwork-perles-broderies.com\/blog\/wp-content\/uploads\/2015\/09\/sunbonnet_sue_kite-150x150.jpg 150w\" sizes=\"auto, (max-width: 349px) 100vw, 349px\" \/><\/a><p id=\"caption-attachment-2325\" class=\"wp-caption-text\">http:\/\/jessperna.com\/quilt_pattern_designer.html<\/p><\/div>\n<p>Et elle n&rsquo;ose pas mettre sa robe favorite parce qu&rsquo;il la soul\u00e8ve un peu trop pour son go\u00fbt.<\/p>\n<div id=\"attachment_2326\" style=\"width: 377px\" class=\"wp-caption aligncenter\"><a href=\"http:\/\/www.patchwork-perles-broderies.com\/blog\/wp-content\/uploads\/2015\/09\/sunbonnet-sue-in-the-wind.jpg\"><img loading=\"lazy\" decoding=\"async\" aria-describedby=\"caption-attachment-2326\" class=\"size-full wp-image-2326\" src=\"http:\/\/www.patchwork-perles-broderies.com\/blog\/wp-content\/uploads\/2015\/09\/sunbonnet-sue-in-the-wind.jpg\" alt=\"Sunbonnet Sue dans le vent\" width=\"367\" height=\"500\" srcset=\"https:\/\/www.patchwork-perles-broderies.com\/blog\/wp-content\/uploads\/2015\/09\/sunbonnet-sue-in-the-wind.jpg 367w, https:\/\/www.patchwork-perles-broderies.com\/blog\/wp-content\/uploads\/2015\/09\/sunbonnet-sue-in-the-wind-220x300.jpg 220w\" sizes=\"auto, (max-width: 367px) 100vw, 367px\" \/><\/a><p id=\"caption-attachment-2326\" class=\"wp-caption-text\">http:\/\/htepattern.net\/sunbonnet-pattern-free\/<\/p><\/div>\n<p>Comme nous tous elle attend la pluie qui chassera Autan et arrosera les fleurs qu&rsquo;il a dess\u00e9ch\u00e9es&#8230;<\/p>\n<p><a href=\"http:\/\/www.patchwork-perles-broderies.com\/blog\/wp-content\/uploads\/2015\/09\/umbrellasue.jpg\"><img loading=\"lazy\" decoding=\"async\" class=\"aligncenter wp-image-2327\" src=\"http:\/\/www.patchwork-perles-broderies.com\/blog\/wp-content\/uploads\/2015\/09\/umbrellasue.jpg\" alt=\"Sue au parapluie\" width=\"381\" height=\"366\" srcset=\"https:\/\/www.patchwork-perles-broderies.com\/blog\/wp-content\/uploads\/2015\/09\/umbrellasue.jpg 320w, https:\/\/www.patchwork-perles-broderies.com\/blog\/wp-content\/uploads\/2015\/09\/umbrellasue-300x288.jpg 300w\" sizes=\"auto, (max-width: 381px) 100vw, 381px\" \/><\/a><a href=\"http:\/\/www.patchwork-perles-broderies.com\/blog\/wp-content\/uploads\/2015\/09\/sous-la-pluie.gif\"><img loading=\"lazy\" decoding=\"async\" class=\"aligncenter wp-image-2329 \" src=\"http:\/\/www.patchwork-perles-broderies.com\/blog\/wp-content\/uploads\/2015\/09\/sous-la-pluie.gif?w=257\" alt=\"sous la pluie\" width=\"289\" height=\"337\" \/><\/a>O\u00f9 le printemps est-il pass\u00e9?<\/p>\n","protected":false},"excerpt":{"rendered":"<p>Et le mauvais temps et l&rsquo;automne sont d\u00e9j\u00e0 l\u00e0 : quelques jours ensoleill\u00e9s mais avec une temp\u00e9rature si basse que j&rsquo;ai d\u00fb chauffer la maison ( ce qui n&rsquo;arrive jamais si t\u00f4t dans notre sud) . Et maintenant le vent qui s&rsquo;est relev\u00e9, ce vent d&rsquo;autan que redoutent tous les toulousains. Il perturbe tout le [&hellip;]<\/p>\n","protected":false},"author":1,"featured_media":0,"comment_status":"open","ping_status":"open","sticky":false,"template":"","format":"standard","meta":{"footnotes":""},"categories":[2],"tags":[55,169,212],"class_list":["post-2324","post","type-post","status-publish","format-standard","hentry","category-applique","tag-cerf-volant","tag-pluie","tag-vent-dautan"],"aioseo_notices":[],"aioseo_head":"\n\t\t<!-- All in One SEO 5.0.1.1 - aioseo.com -->\n\t<meta name=\"description\" content=\"Le mauvais temps est revenu: vent d&#039;autan et pluie\" \/>\n\t<meta name=\"robots\" content=\"max-image-preview:large\" \/>\n\t<meta name=\"author\" content=\"admin\"\/>\n\t<meta name=\"keywords\" content=\"cerf volant,parapluies,pluie,vent d\\&#039;autan\" \/>\n\t<link rel=\"canonical\" href=\"https:\/\/www.patchwork-perles-broderies.com\/blog\/2015\/09\/30\/vent-et-pluie\/\" \/>\n\t<meta name=\"generator\" content=\"All in One SEO (AIOSEO) 5.0.1.1\" \/>\n\t\t<meta property=\"og:locale\" content=\"fr_FR\" \/>\n\t\t<meta property=\"og:site_name\" content=\"Patchwork Perles et Broderies - Le Blog |  La Passion du Patch Orn\u00e9 ( Website : patchwork-perles-broderies.com )\" \/>\n\t\t<meta property=\"og:type\" content=\"article\" \/>\n\t\t<meta property=\"og:title\" content=\"Vent et Pluie | Patchwork Perles et Broderies - Le Blog\" \/>\n\t\t<meta property=\"og:description\" content=\"Le mauvais temps est revenu: vent d&#039;autan et pluie\" \/>\n\t\t<meta property=\"og:url\" content=\"https:\/\/www.patchwork-perles-broderies.com\/blog\/2015\/09\/30\/vent-et-pluie\/\" \/>\n\t\t<meta property=\"article:published_time\" content=\"2015-09-30T16:16:32+00:00\" \/>\n\t\t<meta property=\"article:modified_time\" content=\"2015-10-27T19:04:16+00:00\" \/>\n\t\t<meta name=\"twitter:card\" content=\"summary\" \/>\n\t\t<meta name=\"twitter:title\" content=\"Vent et Pluie | Patchwork Perles et Broderies - Le Blog\" \/>\n\t\t<meta name=\"twitter:description\" content=\"Le mauvais temps est revenu: vent d&#039;autan et pluie\" \/>\n\t\t<script type=\"application\/ld+json\" class=\"aioseo-schema\">\n\t\t\t{\"@context\":\"https:\\\/\\\/schema.org\",\"@graph\":[{\"@type\":\"Article\",\"@id\":\"https:\\\/\\\/www.patchwork-perles-broderies.com\\\/blog\\\/2015\\\/09\\\/30\\\/vent-et-pluie\\\/#article\",\"name\":\"Vent et Pluie | Patchwork Perles et Broderies - Le Blog\",\"headline\":\"Vent et pluie\",\"author\":{\"@id\":\"https:\\\/\\\/www.patchwork-perles-broderies.com\\\/blog\\\/author\\\/admin\\\/#author\"},\"publisher\":{\"@id\":\"https:\\\/\\\/www.patchwork-perles-broderies.com\\\/blog\\\/#person\"},\"image\":{\"@type\":\"ImageObject\",\"url\":\"https:\\\/\\\/www.patchwork-perles-broderies.com\\\/blog\\\/wp-content\\\/uploads\\\/2015\\\/09\\\/sunbonnet_sue_kite.jpg\",\"@id\":\"https:\\\/\\\/www.patchwork-perles-broderies.com\\\/blog\\\/2015\\\/09\\\/30\\\/vent-et-pluie\\\/#articleImage\",\"width\":249,\"height\":249,\"caption\":\"http:\\\/\\\/jessperna.com\\\/quilt_pattern_designer.html\"},\"datePublished\":\"2015-09-30T16:16:32+01:00\",\"dateModified\":\"2015-10-27T20:04:16+01:00\",\"inLanguage\":\"fr-FR\",\"commentCount\":1,\"mainEntityOfPage\":{\"@id\":\"https:\\\/\\\/www.patchwork-perles-broderies.com\\\/blog\\\/2015\\\/09\\\/30\\\/vent-et-pluie\\\/#webpage\"},\"isPartOf\":{\"@id\":\"https:\\\/\\\/www.patchwork-perles-broderies.com\\\/blog\\\/2015\\\/09\\\/30\\\/vent-et-pluie\\\/#webpage\"},\"articleSection\":\"Appliqu\\u00e9, cerf volant, pluie, vent d'autan\"},{\"@type\":\"BreadcrumbList\",\"@id\":\"https:\\\/\\\/www.patchwork-perles-broderies.com\\\/blog\\\/2015\\\/09\\\/30\\\/vent-et-pluie\\\/#breadcrumblist\",\"itemListElement\":[{\"@type\":\"ListItem\",\"@id\":\"https:\\\/\\\/www.patchwork-perles-broderies.com\\\/blog#listItem\",\"position\":1,\"name\":\"Accueil\",\"item\":\"https:\\\/\\\/www.patchwork-perles-broderies.com\\\/blog\",\"nextItem\":{\"@type\":\"ListItem\",\"@id\":\"https:\\\/\\\/www.patchwork-perles-broderies.com\\\/blog\\\/category\\\/applique\\\/#listItem\",\"name\":\"Appliqu\\u00e9\"}},{\"@type\":\"ListItem\",\"@id\":\"https:\\\/\\\/www.patchwork-perles-broderies.com\\\/blog\\\/category\\\/applique\\\/#listItem\",\"position\":2,\"name\":\"Appliqu\\u00e9\",\"item\":\"https:\\\/\\\/www.patchwork-perles-broderies.com\\\/blog\\\/category\\\/applique\\\/\",\"nextItem\":{\"@type\":\"ListItem\",\"@id\":\"https:\\\/\\\/www.patchwork-perles-broderies.com\\\/blog\\\/2015\\\/09\\\/30\\\/vent-et-pluie\\\/#listItem\",\"name\":\"Vent et pluie\"},\"previousItem\":{\"@type\":\"ListItem\",\"@id\":\"https:\\\/\\\/www.patchwork-perles-broderies.com\\\/blog#listItem\",\"name\":\"Accueil\"}},{\"@type\":\"ListItem\",\"@id\":\"https:\\\/\\\/www.patchwork-perles-broderies.com\\\/blog\\\/2015\\\/09\\\/30\\\/vent-et-pluie\\\/#listItem\",\"position\":3,\"name\":\"Vent et pluie\",\"previousItem\":{\"@type\":\"ListItem\",\"@id\":\"https:\\\/\\\/www.patchwork-perles-broderies.com\\\/blog\\\/category\\\/applique\\\/#listItem\",\"name\":\"Appliqu\\u00e9\"}}]},{\"@type\":\"Person\",\"@id\":\"https:\\\/\\\/www.patchwork-perles-broderies.com\\\/blog\\\/#person\",\"name\":\"admin\",\"image\":{\"@type\":\"ImageObject\",\"@id\":\"https:\\\/\\\/www.patchwork-perles-broderies.com\\\/blog\\\/2015\\\/09\\\/30\\\/vent-et-pluie\\\/#personImage\",\"url\":\"https:\\\/\\\/secure.gravatar.com\\\/avatar\\\/f8283cc8f0bd73ad8d4a00aade7fefd9b739f96e8a9e5f8fa202319c0962314e?s=96&d=identicon&r=g\",\"width\":96,\"height\":96,\"caption\":\"admin\"}},{\"@type\":\"Person\",\"@id\":\"https:\\\/\\\/www.patchwork-perles-broderies.com\\\/blog\\\/author\\\/admin\\\/#author\",\"url\":\"https:\\\/\\\/www.patchwork-perles-broderies.com\\\/blog\\\/author\\\/admin\\\/\",\"name\":\"admin\",\"image\":{\"@type\":\"ImageObject\",\"@id\":\"https:\\\/\\\/www.patchwork-perles-broderies.com\\\/blog\\\/2015\\\/09\\\/30\\\/vent-et-pluie\\\/#authorImage\",\"url\":\"https:\\\/\\\/secure.gravatar.com\\\/avatar\\\/f8283cc8f0bd73ad8d4a00aade7fefd9b739f96e8a9e5f8fa202319c0962314e?s=96&d=identicon&r=g\",\"width\":96,\"height\":96,\"caption\":\"admin\"}},{\"@type\":\"WebPage\",\"@id\":\"https:\\\/\\\/www.patchwork-perles-broderies.com\\\/blog\\\/2015\\\/09\\\/30\\\/vent-et-pluie\\\/#webpage\",\"url\":\"https:\\\/\\\/www.patchwork-perles-broderies.com\\\/blog\\\/2015\\\/09\\\/30\\\/vent-et-pluie\\\/\",\"name\":\"Vent et Pluie | Patchwork Perles et Broderies - Le Blog\",\"description\":\"Le mauvais temps est revenu: vent d'autan et pluie\",\"inLanguage\":\"fr-FR\",\"isPartOf\":{\"@id\":\"https:\\\/\\\/www.patchwork-perles-broderies.com\\\/blog\\\/#website\"},\"breadcrumb\":{\"@id\":\"https:\\\/\\\/www.patchwork-perles-broderies.com\\\/blog\\\/2015\\\/09\\\/30\\\/vent-et-pluie\\\/#breadcrumblist\"},\"author\":{\"@id\":\"https:\\\/\\\/www.patchwork-perles-broderies.com\\\/blog\\\/author\\\/admin\\\/#author\"},\"creator\":{\"@id\":\"https:\\\/\\\/www.patchwork-perles-broderies.com\\\/blog\\\/author\\\/admin\\\/#author\"},\"datePublished\":\"2015-09-30T16:16:32+01:00\",\"dateModified\":\"2015-10-27T20:04:16+01:00\"},{\"@type\":\"WebSite\",\"@id\":\"https:\\\/\\\/www.patchwork-perles-broderies.com\\\/blog\\\/#website\",\"url\":\"https:\\\/\\\/www.patchwork-perles-broderies.com\\\/blog\\\/\",\"name\":\"Patchwork Perles et Broderies\",\"description\":\"La Passion du Patch Orn\\u00e9 ( Website : patchwork-perles-broderies.com )\",\"inLanguage\":\"fr-FR\",\"publisher\":{\"@id\":\"https:\\\/\\\/www.patchwork-perles-broderies.com\\\/blog\\\/#person\"}}]}\n\t\t<\/script>\n\t\t<!-- All in One SEO -->\n\n","aioseo_head_json":{"title":"Vent et Pluie | Patchwork Perles et Broderies - Le Blog","description":"Le mauvais temps est revenu: vent d'autan et pluie","canonical_url":"https:\/\/www.patchwork-perles-broderies.com\/blog\/2015\/09\/30\/vent-et-pluie\/","robots":"max-image-preview:large","keywords":"cerf volant,parapluies,pluie,vent d\\'autan","webmasterTools":{"miscellaneous":""},"schema":{"@context":"https:\/\/schema.org","@graph":[{"@type":"Article","@id":"https:\/\/www.patchwork-perles-broderies.com\/blog\/2015\/09\/30\/vent-et-pluie\/#article","name":"Vent et Pluie | Patchwork Perles et Broderies - Le Blog","headline":"Vent et pluie","author":{"@id":"https:\/\/www.patchwork-perles-broderies.com\/blog\/author\/admin\/#author"},"publisher":{"@id":"https:\/\/www.patchwork-perles-broderies.com\/blog\/#person"},"image":{"@type":"ImageObject","url":"https:\/\/www.patchwork-perles-broderies.com\/blog\/wp-content\/uploads\/2015\/09\/sunbonnet_sue_kite.jpg","@id":"https:\/\/www.patchwork-perles-broderies.com\/blog\/2015\/09\/30\/vent-et-pluie\/#articleImage","width":249,"height":249,"caption":"http:\/\/jessperna.com\/quilt_pattern_designer.html"},"datePublished":"2015-09-30T16:16:32+01:00","dateModified":"2015-10-27T20:04:16+01:00","inLanguage":"fr-FR","commentCount":1,"mainEntityOfPage":{"@id":"https:\/\/www.patchwork-perles-broderies.com\/blog\/2015\/09\/30\/vent-et-pluie\/#webpage"},"isPartOf":{"@id":"https:\/\/www.patchwork-perles-broderies.com\/blog\/2015\/09\/30\/vent-et-pluie\/#webpage"},"articleSection":"Appliqu\u00e9, cerf volant, pluie, vent d'autan"},{"@type":"BreadcrumbList","@id":"https:\/\/www.patchwork-perles-broderies.com\/blog\/2015\/09\/30\/vent-et-pluie\/#breadcrumblist","itemListElement":[{"@type":"ListItem","@id":"https:\/\/www.patchwork-perles-broderies.com\/blog#listItem","position":1,"name":"Accueil","item":"https:\/\/www.patchwork-perles-broderies.com\/blog","nextItem":{"@type":"ListItem","@id":"https:\/\/www.patchwork-perles-broderies.com\/blog\/category\/applique\/#listItem","name":"Appliqu\u00e9"}},{"@type":"ListItem","@id":"https:\/\/www.patchwork-perles-broderies.com\/blog\/category\/applique\/#listItem","position":2,"name":"Appliqu\u00e9","item":"https:\/\/www.patchwork-perles-broderies.com\/blog\/category\/applique\/","nextItem":{"@type":"ListItem","@id":"https:\/\/www.patchwork-perles-broderies.com\/blog\/2015\/09\/30\/vent-et-pluie\/#listItem","name":"Vent et pluie"},"previousItem":{"@type":"ListItem","@id":"https:\/\/www.patchwork-perles-broderies.com\/blog#listItem","name":"Accueil"}},{"@type":"ListItem","@id":"https:\/\/www.patchwork-perles-broderies.com\/blog\/2015\/09\/30\/vent-et-pluie\/#listItem","position":3,"name":"Vent et pluie","previousItem":{"@type":"ListItem","@id":"https:\/\/www.patchwork-perles-broderies.com\/blog\/category\/applique\/#listItem","name":"Appliqu\u00e9"}}]},{"@type":"Person","@id":"https:\/\/www.patchwork-perles-broderies.com\/blog\/#person","name":"admin","image":{"@type":"ImageObject","@id":"https:\/\/www.patchwork-perles-broderies.com\/blog\/2015\/09\/30\/vent-et-pluie\/#personImage","url":"https:\/\/secure.gravatar.com\/avatar\/f8283cc8f0bd73ad8d4a00aade7fefd9b739f96e8a9e5f8fa202319c0962314e?s=96&d=identicon&r=g","width":96,"height":96,"caption":"admin"}},{"@type":"Person","@id":"https:\/\/www.patchwork-perles-broderies.com\/blog\/author\/admin\/#author","url":"https:\/\/www.patchwork-perles-broderies.com\/blog\/author\/admin\/","name":"admin","image":{"@type":"ImageObject","@id":"https:\/\/www.patchwork-perles-broderies.com\/blog\/2015\/09\/30\/vent-et-pluie\/#authorImage","url":"https:\/\/secure.gravatar.com\/avatar\/f8283cc8f0bd73ad8d4a00aade7fefd9b739f96e8a9e5f8fa202319c0962314e?s=96&d=identicon&r=g","width":96,"height":96,"caption":"admin"}},{"@type":"WebPage","@id":"https:\/\/www.patchwork-perles-broderies.com\/blog\/2015\/09\/30\/vent-et-pluie\/#webpage","url":"https:\/\/www.patchwork-perles-broderies.com\/blog\/2015\/09\/30\/vent-et-pluie\/","name":"Vent et Pluie | Patchwork Perles et Broderies - Le Blog","description":"Le mauvais temps est revenu: vent d'autan et pluie","inLanguage":"fr-FR","isPartOf":{"@id":"https:\/\/www.patchwork-perles-broderies.com\/blog\/#website"},"breadcrumb":{"@id":"https:\/\/www.patchwork-perles-broderies.com\/blog\/2015\/09\/30\/vent-et-pluie\/#breadcrumblist"},"author":{"@id":"https:\/\/www.patchwork-perles-broderies.com\/blog\/author\/admin\/#author"},"creator":{"@id":"https:\/\/www.patchwork-perles-broderies.com\/blog\/author\/admin\/#author"},"datePublished":"2015-09-30T16:16:32+01:00","dateModified":"2015-10-27T20:04:16+01:00"},{"@type":"WebSite","@id":"https:\/\/www.patchwork-perles-broderies.com\/blog\/#website","url":"https:\/\/www.patchwork-perles-broderies.com\/blog\/","name":"Patchwork Perles et Broderies","description":"La Passion du Patch Orn\u00e9 ( Website : patchwork-perles-broderies.com )","inLanguage":"fr-FR","publisher":{"@id":"https:\/\/www.patchwork-perles-broderies.com\/blog\/#person"}}]},"og:locale":"fr_FR","og:site_name":"Patchwork Perles et Broderies - Le Blog |  La Passion du Patch Orn\u00e9 ( Website : patchwork-perles-broderies.com )","og:type":"article","og:title":"Vent et Pluie | Patchwork Perles et Broderies - Le Blog","og:description":"Le mauvais temps est revenu: vent d'autan et pluie","og:url":"https:\/\/www.patchwork-perles-broderies.com\/blog\/2015\/09\/30\/vent-et-pluie\/","article:published_time":"2015-09-30T16:16:32+00:00","article:modified_time":"2015-10-27T19:04:16+00:00","twitter:card":"summary","twitter:title":"Vent et Pluie | Patchwork Perles et Broderies - Le Blog","twitter:description":"Le mauvais temps est revenu: vent d'autan et pluie"},"aioseo_meta_data":{"post_id":"2324","title":"Vent et Pluie | #site_title","description":"Le mauvais temps est revenu: vent d'autan et pluie","keywords":[{"label":"cerf volant","value":"cerf volant"},{"label":"parapluies","value":"parapluies"},{"label":"pluie","value":"pluie"},{"label":"vent d'autan","value":"vent d'autan"}],"keyphrases":null,"primary_term":null,"canonical_url":null,"og_title":null,"og_description":null,"og_object_type":"default","og_image_type":"default","og_image_url":null,"og_image_width":null,"og_image_height":null,"og_image_custom_url":null,"og_image_custom_fields":null,"og_video":null,"og_custom_url":null,"og_article_section":null,"og_article_tags":null,"twitter_use_og":false,"twitter_card":"default","twitter_image_type":"default","twitter_image_url":null,"twitter_image_custom_url":null,"twitter_image_custom_fields":null,"twitter_title":null,"twitter_description":null,"schema":{"blockGraphs":[],"customGraphs":[],"default":{"data":{"Article":[],"Course":[],"Dataset":[],"FAQPage":[],"Movie":[],"Person":[],"Product":[],"ProductReview":[],"Car":[],"Recipe":[],"Service":[],"SoftwareApplication":[],"WebPage":[]},"graphName":"","isEnabled":true},"graphs":[],"defaultGraph":"","defaultPostTypeGraph":""},"schema_type":null,"schema_type_options":null,"pillar_content":false,"robots_default":true,"robots_noindex":false,"robots_noarchive":false,"robots_nosnippet":false,"robots_nofollow":false,"robots_noimageindex":false,"robots_noodp":false,"robots_notranslate":false,"robots_max_snippet":null,"robots_max_videopreview":null,"robots_max_imagepreview":"large","priority":null,"frequency":null,"location":null,"local_seo":null,"breadcrumb_settings":null,"limit_modified_date":false,"ai":null,"created":"2021-01-22 11:25:18","updated":"2025-06-28 22:09:33","focus_keyword":null,"additional_keywords":null,"truseo_locale":null,"seo_analyzer_scan_date":null},"aioseo_breadcrumb":"<div class=\"aioseo-breadcrumbs\"><span class=\"aioseo-breadcrumb\">\n\t\t\t<a href=\"https:\/\/www.patchwork-perles-broderies.com\/blog\" title=\"Accueil\">Accueil<\/a>\n\t\t<\/span><span class=\"aioseo-breadcrumb-separator\">&raquo;<\/span><span class=\"aioseo-breadcrumb\">\n\t\t\t<a href=\"https:\/\/www.patchwork-perles-broderies.com\/blog\/category\/applique\/\" title=\"Appliqu\u00e9\">Appliqu\u00e9<\/a>\n\t\t<\/span><span class=\"aioseo-breadcrumb-separator\">&raquo;<\/span><span class=\"aioseo-breadcrumb\">\n\t\t\tVent et pluie\n\t\t<\/span><\/div>","aioseo_breadcrumb_json":[{"label":"Accueil","link":"https:\/\/www.patchwork-perles-broderies.com\/blog"},{"label":"Appliqu\u00e9","link":"https:\/\/www.patchwork-perles-broderies.com\/blog\/category\/applique\/"},{"label":"Vent et pluie","link":"https:\/\/www.patchwork-perles-broderies.com\/blog\/2015\/09\/30\/vent-et-pluie\/"}],"_links":{"self":[{"href":"https:\/\/www.patchwork-perles-broderies.com\/blog\/wp-json\/wp\/v2\/posts\/2324","targetHints":{"allow":["GET"]}}],"collection":[{"href":"https:\/\/www.patchwork-perles-broderies.com\/blog\/wp-json\/wp\/v2\/posts"}],"about":[{"href":"https:\/\/www.patchwork-perles-broderies.com\/blog\/wp-json\/wp\/v2\/types\/post"}],"author":[{"embeddable":true,"href":"https:\/\/www.patchwork-perles-broderies.com\/blog\/wp-json\/wp\/v2\/users\/1"}],"replies":[{"embeddable":true,"href":"https:\/\/www.patchwork-perles-broderies.com\/blog\/wp-json\/wp\/v2\/comments?post=2324"}],"version-history":[{"count":4,"href":"https:\/\/www.patchwork-perles-broderies.com\/blog\/wp-json\/wp\/v2\/posts\/2324\/revisions"}],"predecessor-version":[{"id":2907,"href":"https:\/\/www.patchwork-perles-broderies.com\/blog\/wp-json\/wp\/v2\/posts\/2324\/revisions\/2907"}],"wp:attachment":[{"href":"https:\/\/www.patchwork-perles-broderies.com\/blog\/wp-json\/wp\/v2\/media?parent=2324"}],"wp:term":[{"taxonomy":"category","embeddable":true,"href":"https:\/\/www.patchwork-perles-broderies.com\/blog\/wp-json\/wp\/v2\/categories?post=2324"},{"taxonomy":"post_tag","embeddable":true,"href":"https:\/\/www.patchwork-perles-broderies.com\/blog\/wp-json\/wp\/v2\/tags?post=2324"}],"curies":[{"name":"wp","href":"https:\/\/api.w.org\/{rel}","templated":true}]}}