{"id":3012,"date":"2015-11-22T11:03:22","date_gmt":"2015-11-22T10:03:22","guid":{"rendered":"http:\/\/www.patchwork-perles-broderies.com\/blog\/?p=3012"},"modified":"2015-12-05T14:39:27","modified_gmt":"2015-12-05T13:39:27","slug":"la-fete-de-la-laine","status":"publish","type":"post","link":"https:\/\/www.patchwork-perles-broderies.com\/blog\/2015\/11\/22\/la-fete-de-la-laine\/","title":{"rendered":"La f\u00eate de la laine"},"content":{"rendered":"<div id=\"attachment_3013\" style=\"width: 635px\" class=\"wp-caption aligncenter\"><a href=\"http:\/\/www.patchwork-perles-broderies.com\/blog\/wp-content\/uploads\/2015\/11\/les-stands.jpg\"><img loading=\"lazy\" decoding=\"async\" aria-describedby=\"caption-attachment-3013\" class=\"size-large wp-image-3013\" src=\"http:\/\/www.patchwork-perles-broderies.com\/blog\/wp-content\/uploads\/2015\/11\/les-stands-1024x577.jpg\" alt=\"Les stands \" width=\"625\" height=\"352\" srcset=\"https:\/\/www.patchwork-perles-broderies.com\/blog\/wp-content\/uploads\/2015\/11\/les-stands-1024x577.jpg 1024w, https:\/\/www.patchwork-perles-broderies.com\/blog\/wp-content\/uploads\/2015\/11\/les-stands-300x169.jpg 300w, https:\/\/www.patchwork-perles-broderies.com\/blog\/wp-content\/uploads\/2015\/11\/les-stands-624x352.jpg 624w\" sizes=\"auto, (max-width: 625px) 100vw, 625px\" \/><\/a><p id=\"caption-attachment-3013\" class=\"wp-caption-text\">Au centre une fileuse fait une d\u00e9monstration de son art<\/p><\/div>\n<p style=\"text-align: justify;\">Il faisait un soleil radieux et une temp\u00e9rature estivale lorsque nous sommes all\u00e9es visiter la f\u00eate de la laine \u00e0 Labastide Rouairoux \u00a0samedi dernier.<\/p>\n<p style=\"text-align: justify;\"><!--more--><\/p>\n<p style=\"text-align: justify;\"><a href=\"http:\/\/www.patchwork-perles-broderies.com\/blog\/wp-content\/uploads\/2015\/11\/laine-\u00e0-carder.jpg\"><img loading=\"lazy\" decoding=\"async\" class=\"alignleft wp-image-3014 size-thumbnail\" src=\"http:\/\/www.patchwork-perles-broderies.com\/blog\/wp-content\/uploads\/2015\/11\/laine-\u00e0-carder-150x150.jpg\" alt=\"laine a carder\" width=\"150\" height=\"150\" \/><\/a>Quelques tentes avaient \u00e9t\u00e9 install\u00e9es sur l&rsquo;esplanade qui pr\u00e9c\u00e8de l&rsquo;entr\u00e9e du mus\u00e9e et abritaient les exposants. Naturellement il y avait tout ce qui concerne la fabrication de la laine: une <em>fileuse<\/em> tournait expertement son rouet au milieu de la place. Un tas de laine soigneusement nettoy\u00e9e et card\u00e9e attendait de se transformer en fil. Pour avoir essay\u00e9 de filer moi m\u00eame &#8211; et avoir obtenu des r\u00e9sultats d\u00e9cevants je peux vous dire que la production d&rsquo;un fil \u00a0fin et r\u00e9gulier demande beaucoup d&rsquo;habilet\u00e9.<\/p>\n<p style=\"text-align: justify;\"><a href=\"http:\/\/www.patchwork-perles-broderies.com\/blog\/wp-content\/uploads\/2015\/11\/la-tisserande.jpg\"><img loading=\"lazy\" decoding=\"async\" class=\"aligncenter size-large wp-image-3015\" src=\"http:\/\/www.patchwork-perles-broderies.com\/blog\/wp-content\/uploads\/2015\/11\/la-tisserande-1024x702.jpg\" alt=\"La tisserande\" width=\"625\" height=\"428\" srcset=\"https:\/\/www.patchwork-perles-broderies.com\/blog\/wp-content\/uploads\/2015\/11\/la-tisserande-1024x702.jpg 1024w, https:\/\/www.patchwork-perles-broderies.com\/blog\/wp-content\/uploads\/2015\/11\/la-tisserande-300x206.jpg 300w, https:\/\/www.patchwork-perles-broderies.com\/blog\/wp-content\/uploads\/2015\/11\/la-tisserande-624x428.jpg 624w\" sizes=\"auto, (max-width: 625px) 100vw, 625px\" \/><\/a><\/p>\n<p style=\"text-align: justify;\">Sous une tente, une<em> tisserande<\/em> faisait fonctionner un ancien m\u00e9tier \u00e0 main (et \u00e0 p\u00e9dales).<\/p>\n<p style=\"text-align: justify;\"><a href=\"http:\/\/www.patchwork-perles-broderies.com\/blog\/wp-content\/uploads\/2015\/11\/peau-et-outils.jpg\"><img loading=\"lazy\" decoding=\"async\" class=\"aligncenter size-large wp-image-3016\" src=\"http:\/\/www.patchwork-perles-broderies.com\/blog\/wp-content\/uploads\/2015\/11\/peau-et-outils-1024x577.jpg\" alt=\"peau et outils\" width=\"625\" height=\"352\" srcset=\"https:\/\/www.patchwork-perles-broderies.com\/blog\/wp-content\/uploads\/2015\/11\/peau-et-outils-1024x577.jpg 1024w, https:\/\/www.patchwork-perles-broderies.com\/blog\/wp-content\/uploads\/2015\/11\/peau-et-outils-300x169.jpg 300w, https:\/\/www.patchwork-perles-broderies.com\/blog\/wp-content\/uploads\/2015\/11\/peau-et-outils-624x352.jpg 624w\" sizes=\"auto, (max-width: 625px) 100vw, 625px\" \/><\/a>Un autre exposant montrait des outils anciens dont une \u00e9tonnante paire de bottes en m\u00e9tal.<\/p>\n<p style=\"text-align: justify;\"><a href=\"http:\/\/www.patchwork-perles-broderies.com\/blog\/wp-content\/uploads\/2015\/11\/pantoufles.jpg\"><img loading=\"lazy\" decoding=\"async\" class=\"alignleft wp-image-3017 size-thumbnail\" src=\"http:\/\/www.patchwork-perles-broderies.com\/blog\/wp-content\/uploads\/2015\/11\/pantoufles-150x150.jpg\" alt=\"pantoufles\" width=\"150\" height=\"150\" \/><\/a>Il y avait aussi des vendeurs: toutes sortes de v\u00eatements de laine tricot\u00e9s ou tiss\u00e9s, une arm\u00e9e de pantoufles en \u00a0peau de mouton fourr\u00e9 qui\u00a0avaient l&rsquo;air si confortables qu&rsquo;on avait envie de les enfiler tout de suite. Il y avait h\u00e9las beaucoup plus de pantoufles pour enfants que pour adultes&#8230;. mais quelle id\u00e9e merveilleuse pour un\u00a0cadeau de No\u00ebl.<\/p>\n<p style=\"text-align: justify;\">Il y avait aussi des chevaux de laine multicolore, des coussins, des couettes, des \u00e9charpes&#8230;.<\/p>\n<p style=\"text-align: justify;\"><a href=\"http:\/\/www.patchwork-perles-broderies.com\/blog\/wp-content\/uploads\/2015\/11\/laines-et-couettes.gif\"><img loading=\"lazy\" decoding=\"async\" class=\"aligncenter size-full wp-image-3021\" src=\"http:\/\/www.patchwork-perles-broderies.com\/blog\/wp-content\/uploads\/2015\/11\/laines-et-couettes.gif\" alt=\"laines-et-couettes\" width=\"787\" height=\"512\" \/><\/a><\/p>\n<p style=\"text-align: justify;\"><a href=\"http:\/\/www.patchwork-perles-broderies.com\/blog\/wp-content\/uploads\/2015\/11\/le-comit\u00e9-daccueil-1024x6331.jpg\"><img loading=\"lazy\" decoding=\"async\" class=\"aligncenter size-large wp-image-3044\" src=\"http:\/\/www.patchwork-perles-broderies.com\/blog\/wp-content\/uploads\/2015\/11\/le-comit\u00e9-daccueil-1024x6331-1024x633.jpg\" alt=\"le-comit\u00e9-daccueil-1024x633\" width=\"625\" height=\"386\" srcset=\"https:\/\/www.patchwork-perles-broderies.com\/blog\/wp-content\/uploads\/2015\/11\/le-comit\u00e9-daccueil-1024x6331.jpg 1024w, https:\/\/www.patchwork-perles-broderies.com\/blog\/wp-content\/uploads\/2015\/11\/le-comit\u00e9-daccueil-1024x6331-300x185.jpg 300w, https:\/\/www.patchwork-perles-broderies.com\/blog\/wp-content\/uploads\/2015\/11\/le-comit\u00e9-daccueil-1024x6331-624x386.jpg 624w\" sizes=\"auto, (max-width: 625px) 100vw, 625px\" \/><\/a>Le mus\u00e9e \u00e9tait ouvert et une arm\u00e9e de moutons fantaisie servait de comit\u00e9 d&rsquo;accueil.<\/p>\n<p style=\"text-align: justify;\"><a href=\"http:\/\/www.patchwork-perles-broderies.com\/blog\/wp-content\/uploads\/2015\/11\/mouton-en-pompons.gif\"><img loading=\"lazy\" decoding=\"async\" class=\"size-medium wp-image-3019 alignleft\" src=\"http:\/\/www.patchwork-perles-broderies.com\/blog\/wp-content\/uploads\/2015\/11\/mouton-en-pompons-300x256.gif\" alt=\"mouton-en-pompons\" width=\"300\" height=\"256\" srcset=\"https:\/\/www.patchwork-perles-broderies.com\/blog\/wp-content\/uploads\/2015\/11\/mouton-en-pompons-300x256.gif 300w, https:\/\/www.patchwork-perles-broderies.com\/blog\/wp-content\/uploads\/2015\/11\/mouton-en-pompons-624x533.gif 624w\" sizes=\"auto, (max-width: 300px) 100vw, 300px\" \/><\/a>Devant la porte, celui qui sert de porte -bonheur au mus\u00e9e, un mouton dont la toison est constitu\u00e9e de pompons r\u00e9alis\u00e9s par les enfants d&rsquo;une \u00e9cole.<\/p>\n<p style=\"text-align: justify;\">Ce mouton monte\u00a0toujours la garde dans le hall d&rsquo;entr\u00e9e mais pour l&rsquo;occasion on lui avait permis d&rsquo;aller dehors\u00a0accueillir les visiteurs.<\/p>\n<p style=\"text-align: justify;\">Dans le mus\u00e9e on pouvait voir en action les anciennes machines qui permettaient de transformer la laine en bobines. Et on y vend m\u00eame les antiques navettes de bois que les anciennes machines\u00a0faisaient circuler \u00e0 une vitesse incroyable pour tisser les lainages qui faisaient la richesse de la r\u00e9gion de Mazamet.<\/p>\n<p style=\"text-align: justify;\"><a href=\"http:\/\/www.patchwork-perles-broderies.com\/blog\/wp-content\/uploads\/2015\/11\/outils-du-mus\u00e9e.gif\"><img loading=\"lazy\" decoding=\"async\" class=\"aligncenter size-full wp-image-3022\" src=\"http:\/\/www.patchwork-perles-broderies.com\/blog\/wp-content\/uploads\/2015\/11\/outils-du-mus\u00e9e.gif\" alt=\"bobineuse\" width=\"787\" height=\"371\" \/><\/a><\/p>\n<p style=\"text-align: justify;\"><a href=\"http:\/\/www.patchwork-perles-broderies.com\/blog\/wp-content\/uploads\/2015\/11\/navettes.gif\"><img loading=\"lazy\" decoding=\"async\" class=\"aligncenter size-full wp-image-3023\" src=\"http:\/\/www.patchwork-perles-broderies.com\/blog\/wp-content\/uploads\/2015\/11\/navettes.gif\" alt=\"navettes\" width=\"785\" height=\"470\" \/><\/a><a href=\"http:\/\/www.patchwork-perles-broderies.com\/blog\/wp-content\/uploads\/2015\/11\/mus\u00e9e-.gif\"><img loading=\"lazy\" decoding=\"async\" class=\"alignleft size-medium wp-image-3020\" src=\"http:\/\/www.patchwork-perles-broderies.com\/blog\/wp-content\/uploads\/2015\/11\/mus\u00e9e--154x300.gif\" alt=\"mus\u00e9e-les machines\" width=\"154\" height=\"300\" srcset=\"https:\/\/www.patchwork-perles-broderies.com\/blog\/wp-content\/uploads\/2015\/11\/mus\u00e9e--154x300.gif 154w, https:\/\/www.patchwork-perles-broderies.com\/blog\/wp-content\/uploads\/2015\/11\/mus\u00e9e--525x1024.gif 525w\" sizes=\"auto, (max-width: 154px) 100vw, 154px\" \/><\/a>Comme toujours on se sentait bien dans ce lieu o\u00f9 on trouve toujours un accueil chaleureux et o\u00f9 les machines endormies \u00a0et parfaitement entretenues attendent la main qui leur redonnera la vie.<\/p>\n<p style=\"text-align: justify;\">Beaucoup de visiteurs, heureux comme nous de profiter de cette fin d&rsquo;\u00e9t\u00e9 pour fl\u00e2ner et\u00a0profiter de l&rsquo;occasion pour se munir de lainages en pr\u00e9vision de l&rsquo;hiver qui vient .<\/p>\n","protected":false},"excerpt":{"rendered":"<p>Il faisait un soleil radieux et une temp\u00e9rature estivale lorsque nous sommes all\u00e9es visiter la f\u00eate de la laine \u00e0 Labastide Rouairoux \u00a0samedi dernier.<\/p>\n","protected":false},"author":1,"featured_media":0,"comment_status":"open","ping_status":"open","sticky":false,"template":"","format":"standard","meta":{"footnotes":""},"categories":[228],"tags":[],"class_list":["post-3012","post","type-post","status-publish","format-standard","hentry","category-tourisme"],"aioseo_notices":[],"_links":{"self":[{"href":"https:\/\/www.patchwork-perles-broderies.com\/blog\/wp-json\/wp\/v2\/posts\/3012","targetHints":{"allow":["GET"]}}],"collection":[{"href":"https:\/\/www.patchwork-perles-broderies.com\/blog\/wp-json\/wp\/v2\/posts"}],"about":[{"href":"https:\/\/www.patchwork-perles-broderies.com\/blog\/wp-json\/wp\/v2\/types\/post"}],"author":[{"embeddable":true,"href":"https:\/\/www.patchwork-perles-broderies.com\/blog\/wp-json\/wp\/v2\/users\/1"}],"replies":[{"embeddable":true,"href":"https:\/\/www.patchwork-perles-broderies.com\/blog\/wp-json\/wp\/v2\/comments?post=3012"}],"version-history":[{"count":3,"href":"https:\/\/www.patchwork-perles-broderies.com\/blog\/wp-json\/wp\/v2\/posts\/3012\/revisions"}],"predecessor-version":[{"id":3046,"href":"https:\/\/www.patchwork-perles-broderies.com\/blog\/wp-json\/wp\/v2\/posts\/3012\/revisions\/3046"}],"wp:attachment":[{"href":"https:\/\/www.patchwork-perles-broderies.com\/blog\/wp-json\/wp\/v2\/media?parent=3012"}],"wp:term":[{"taxonomy":"category","embeddable":true,"href":"https:\/\/www.patchwork-perles-broderies.com\/blog\/wp-json\/wp\/v2\/categories?post=3012"},{"taxonomy":"post_tag","embeddable":true,"href":"https:\/\/www.patchwork-perles-broderies.com\/blog\/wp-json\/wp\/v2\/tags?post=3012"}],"curies":[{"name":"wp","href":"https:\/\/api.w.org\/{rel}","templated":true}]}}