{"id":3025,"date":"2015-12-02T22:19:44","date_gmt":"2015-12-02T21:19:44","guid":{"rendered":"http:\/\/www.patchwork-perles-broderies.com\/blog\/?p=3025"},"modified":"2015-12-02T22:19:44","modified_gmt":"2015-12-02T21:19:44","slug":"un-jardin-extraordinaire","status":"publish","type":"post","link":"https:\/\/www.patchwork-perles-broderies.com\/blog\/2015\/12\/02\/un-jardin-extraordinaire\/","title":{"rendered":"Un jardin extraordinaire"},"content":{"rendered":"<p style=\"text-align: justify;\">Pour une fois je ne vous montrerai pas de quilts. Je voudrais simplement partager avec vous une de mes excursions.<\/p>\n<p style=\"text-align: justify;\">Dans mon Sud Ouest il y a des tas de petits villages. La plupart sont situ\u00e9s \u00e0 l&rsquo;\u00e9cart des grandes routes, ils sont nich\u00e9s dans les vall\u00e9es \u00a0bien \u00e0 l&rsquo;abri des regards et\u00a0ils ont conserv\u00e9 le charme et la tranquillit\u00e9 des villages d&rsquo;antan.<\/p>\n<p style=\"text-align: justify;\">L&rsquo;un d&rsquo;eux est Roumens. Il est situ\u00e9 tout pr\u00e8s de Revel mais \u00e0 l&rsquo;\u00e9cart de la route. Il faut s&rsquo;engager sur les petites d\u00e9partementales qui longent la colline pour le d\u00e9couvrir.<\/p>\n<p style=\"text-align: justify;\"><!--more--><\/p>\n<p style=\"text-align: justify;\">Comme la plupart de nos villages il a une charmante petite \u00e9glise orn\u00e9e d&rsquo;un clocher mur.<\/p>\n<p style=\"text-align: justify;\"><a href=\"http:\/\/www.patchwork-perles-broderies.com\/blog\/wp-content\/uploads\/2015\/12\/lEglise.png\"><img loading=\"lazy\" decoding=\"async\" class=\"aligncenter size-full wp-image-3030\" src=\"http:\/\/www.patchwork-perles-broderies.com\/blog\/wp-content\/uploads\/2015\/12\/lEglise.png\" alt=\"l'Eglise de Roumens\" width=\"850\" height=\"479\" srcset=\"https:\/\/www.patchwork-perles-broderies.com\/blog\/wp-content\/uploads\/2015\/12\/lEglise.png 850w, https:\/\/www.patchwork-perles-broderies.com\/blog\/wp-content\/uploads\/2015\/12\/lEglise-300x169.png 300w, https:\/\/www.patchwork-perles-broderies.com\/blog\/wp-content\/uploads\/2015\/12\/lEglise-624x352.png 624w\" sizes=\"auto, (max-width: 850px) 100vw, 850px\" \/><\/a>\u00a0Cette \u00e9glise surplombe un po\u00e9tique plan d&rsquo;eau. C&rsquo;est le vestige des foss\u00e9s qui prot\u00e9geaient le village, l&rsquo;\u00e9glise et le ch\u00e2teau (aujourd&rsquo;hui disparu)<\/p>\n<div id=\"attachment_3029\" style=\"width: 860px\" class=\"wp-caption aligncenter\"><a href=\"http:\/\/www.patchwork-perles-broderies.com\/blog\/wp-content\/uploads\/2015\/11\/la-rivi\u00e8re.png\"><img loading=\"lazy\" decoding=\"async\" aria-describedby=\"caption-attachment-3029\" class=\"size-full wp-image-3029\" src=\"http:\/\/www.patchwork-perles-broderies.com\/blog\/wp-content\/uploads\/2015\/11\/la-rivi\u00e8re.png\" alt=\"Le plan d'eau\" width=\"850\" height=\"479\" srcset=\"https:\/\/www.patchwork-perles-broderies.com\/blog\/wp-content\/uploads\/2015\/11\/la-rivi\u00e8re.png 850w, https:\/\/www.patchwork-perles-broderies.com\/blog\/wp-content\/uploads\/2015\/11\/la-rivi\u00e8re-300x169.png 300w, https:\/\/www.patchwork-perles-broderies.com\/blog\/wp-content\/uploads\/2015\/11\/la-rivi\u00e8re-624x352.png 624w\" sizes=\"auto, (max-width: 850px) 100vw, 850px\" \/><\/a><p id=\"caption-attachment-3029\" class=\"wp-caption-text\">un vestige des douves<\/p><\/div>\n<p style=\"text-align: justify;\">Et presque en face il y a un jardin extraordinaire. Un simple grillage le s\u00e9pare de la rue et bien qu&rsquo;on ne puisse pas le visiter on peut l&rsquo;admirer.<\/p>\n<p style=\"text-align: justify;\"><a href=\"http:\/\/www.patchwork-perles-broderies.com\/blog\/wp-content\/uploads\/2015\/12\/jardin1.gif\"><img loading=\"lazy\" decoding=\"async\" class=\"aligncenter size-full wp-image-3031\" src=\"http:\/\/www.patchwork-perles-broderies.com\/blog\/wp-content\/uploads\/2015\/12\/jardin1.gif\" alt=\"le jardin enchant\u00e9\" width=\"567\" height=\"319\" \/><\/a><\/p>\n<p style=\"text-align: justify;\"><a href=\"http:\/\/www.patchwork-perles-broderies.com\/blog\/wp-content\/uploads\/2015\/12\/ma\u00e7on.png\"><img loading=\"lazy\" decoding=\"async\" class=\"alignleft size-medium wp-image-3039\" src=\"http:\/\/www.patchwork-perles-broderies.com\/blog\/wp-content\/uploads\/2015\/12\/ma\u00e7on-191x300.png\" alt=\"le ma\u00e7on\" width=\"191\" height=\"300\" srcset=\"https:\/\/www.patchwork-perles-broderies.com\/blog\/wp-content\/uploads\/2015\/12\/ma\u00e7on-191x300.png 191w, https:\/\/www.patchwork-perles-broderies.com\/blog\/wp-content\/uploads\/2015\/12\/ma\u00e7on.png 567w\" sizes=\"auto, (max-width: 191px) 100vw, 191px\" \/><\/a>Ce jardin a \u00e9t\u00e9 cr\u00e9\u00e9 par Ren\u00e9 Escaffre, ma\u00e7on de son \u00e9tat. Pour occuper sa retraite il a cr\u00e9\u00e9 tous ces personnages qui repr\u00e9sentent\u00a0\u00a0les gens de son village et leur m\u00e9tier. Lui m\u00eame\u00a0construit son un mur \u00e0 jamais inachev\u00e9.<\/p>\n<p style=\"text-align: justify;\">Ils sont tous l\u00e0, le facteur et la fermi\u00e8re, le meunier et son \u00e2ne, la fermi\u00e8re qui nourrit oies et dindons, les petites filles qui jouent avec leur cerceau, le laboureur ses boeufs et sa charrue etc. Ils sont reproduits fid\u00e8lement, grandeur nature ou presque et \u00a0immortalisent un temps r\u00e9volu.<\/p>\n<table>\n<tbody>\n<tr>\n<td><a href=\"http:\/\/www.patchwork-perles-broderies.com\/blog\/wp-content\/uploads\/2015\/12\/meunier.png\"><img loading=\"lazy\" decoding=\"async\" class=\"alignleft size-medium wp-image-3040\" src=\"http:\/\/www.patchwork-perles-broderies.com\/blog\/wp-content\/uploads\/2015\/12\/meunier-202x300.png\" alt=\"le meunier et son \u00e2ne\" width=\"202\" height=\"300\" srcset=\"https:\/\/www.patchwork-perles-broderies.com\/blog\/wp-content\/uploads\/2015\/12\/meunier-202x300.png 202w, https:\/\/www.patchwork-perles-broderies.com\/blog\/wp-content\/uploads\/2015\/12\/meunier.png 567w\" sizes=\"auto, (max-width: 202px) 100vw, 202px\" \/><\/a><\/td>\n<td><a href=\"http:\/\/www.patchwork-perles-broderies.com\/blog\/wp-content\/uploads\/2015\/12\/enclume.png\"><img loading=\"lazy\" decoding=\"async\" class=\"alignright size-medium wp-image-3034\" src=\"http:\/\/www.patchwork-perles-broderies.com\/blog\/wp-content\/uploads\/2015\/12\/enclume-202x300.png\" alt=\"le forgeron et son enclume\" width=\"202\" height=\"300\" srcset=\"https:\/\/www.patchwork-perles-broderies.com\/blog\/wp-content\/uploads\/2015\/12\/enclume-202x300.png 202w, https:\/\/www.patchwork-perles-broderies.com\/blog\/wp-content\/uploads\/2015\/12\/enclume.png 567w\" sizes=\"auto, (max-width: 202px) 100vw, 202px\" \/><\/a><\/td>\n<\/tr>\n<tr>\n<td><a href=\"http:\/\/www.patchwork-perles-broderies.com\/blog\/wp-content\/uploads\/2015\/12\/la-soupe.png\"><img loading=\"lazy\" decoding=\"async\" class=\"alignleft size-medium wp-image-3036\" src=\"http:\/\/www.patchwork-perles-broderies.com\/blog\/wp-content\/uploads\/2015\/12\/la-soupe-193x300.png\" alt=\"des l\u00e9gumes pour la soupe\" width=\"193\" height=\"300\" srcset=\"https:\/\/www.patchwork-perles-broderies.com\/blog\/wp-content\/uploads\/2015\/12\/la-soupe-193x300.png 193w, https:\/\/www.patchwork-perles-broderies.com\/blog\/wp-content\/uploads\/2015\/12\/la-soupe.png 567w\" sizes=\"auto, (max-width: 193px) 100vw, 193px\" \/><\/a><\/td>\n<td><a href=\"http:\/\/www.patchwork-perles-broderies.com\/blog\/wp-content\/uploads\/2015\/12\/basse-cour.png\"><img loading=\"lazy\" decoding=\"async\" class=\"alignright wp-image-3032\" src=\"http:\/\/www.patchwork-perles-broderies.com\/blog\/wp-content\/uploads\/2015\/12\/basse-cour-294x300.png\" alt=\"la fermi\u00e8re et ses volailles\" width=\"260\" height=\"266\" srcset=\"https:\/\/www.patchwork-perles-broderies.com\/blog\/wp-content\/uploads\/2015\/12\/basse-cour-294x300.png 294w, https:\/\/www.patchwork-perles-broderies.com\/blog\/wp-content\/uploads\/2015\/12\/basse-cour.png 567w\" sizes=\"auto, (max-width: 260px) 100vw, 260px\" \/><\/a><\/td>\n<\/tr>\n<tr>\n<td><a href=\"http:\/\/www.patchwork-perles-broderies.com\/blog\/wp-content\/uploads\/2015\/12\/labour.png\"><img loading=\"lazy\" decoding=\"async\" class=\"alignleft wp-image-3038\" src=\"http:\/\/www.patchwork-perles-broderies.com\/blog\/wp-content\/uploads\/2015\/12\/labour-300x208.png\" alt=\"le laboureur\" width=\"260\" height=\"180\" srcset=\"https:\/\/www.patchwork-perles-broderies.com\/blog\/wp-content\/uploads\/2015\/12\/labour-300x208.png 300w, https:\/\/www.patchwork-perles-broderies.com\/blog\/wp-content\/uploads\/2015\/12\/labour-624x432.png 624w, https:\/\/www.patchwork-perles-broderies.com\/blog\/wp-content\/uploads\/2015\/12\/labour.png 850w\" sizes=\"auto, (max-width: 260px) 100vw, 260px\" \/><\/a><\/td>\n<td><a href=\"http:\/\/www.patchwork-perles-broderies.com\/blog\/wp-content\/uploads\/2015\/12\/cerceau.png\"><img loading=\"lazy\" decoding=\"async\" class=\"alignright wp-image-3033\" src=\"http:\/\/www.patchwork-perles-broderies.com\/blog\/wp-content\/uploads\/2015\/12\/cerceau-300x298.png\" alt=\"le facteur et la fillette au cerceau\" width=\"260\" height=\"258\" srcset=\"https:\/\/www.patchwork-perles-broderies.com\/blog\/wp-content\/uploads\/2015\/12\/cerceau-300x298.png 300w, https:\/\/www.patchwork-perles-broderies.com\/blog\/wp-content\/uploads\/2015\/12\/cerceau-150x150.png 150w, https:\/\/www.patchwork-perles-broderies.com\/blog\/wp-content\/uploads\/2015\/12\/cerceau.png 567w\" sizes=\"auto, (max-width: 260px) 100vw, 260px\" \/><\/a><\/td>\n<\/tr>\n<\/tbody>\n<\/table>\n<p style=\"text-align: justify;\">Au del\u00e0 de la haie, un coin consacr\u00e9 aux animaux. Lion et girafe coexistent avec un cerf \u00a0et une biche. &#8230;<\/p>\n<p style=\"text-align: justify;\"><a href=\"http:\/\/www.patchwork-perles-broderies.com\/blog\/wp-content\/uploads\/2015\/12\/vue-ensemble2.png\"><img loading=\"lazy\" decoding=\"async\" class=\"aligncenter wp-image-3041 size-full\" src=\"http:\/\/www.patchwork-perles-broderies.com\/blog\/wp-content\/uploads\/2015\/12\/vue-ensemble2.png\" alt=\"Le coin des animaux\" width=\"850\" height=\"478\" srcset=\"https:\/\/www.patchwork-perles-broderies.com\/blog\/wp-content\/uploads\/2015\/12\/vue-ensemble2.png 850w, https:\/\/www.patchwork-perles-broderies.com\/blog\/wp-content\/uploads\/2015\/12\/vue-ensemble2-300x169.png 300w, https:\/\/www.patchwork-perles-broderies.com\/blog\/wp-content\/uploads\/2015\/12\/vue-ensemble2-624x351.png 624w\" sizes=\"auto, (max-width: 850px) 100vw, 850px\" \/><\/a><a href=\"http:\/\/www.patchwork-perles-broderies.com\/blog\/wp-content\/uploads\/2015\/12\/girafe.png\"><img loading=\"lazy\" decoding=\"async\" class=\"alignleft size-medium wp-image-3037\" src=\"http:\/\/www.patchwork-perles-broderies.com\/blog\/wp-content\/uploads\/2015\/12\/girafe-189x300.png\" alt=\"girafe\" width=\"189\" height=\"300\" srcset=\"https:\/\/www.patchwork-perles-broderies.com\/blog\/wp-content\/uploads\/2015\/12\/girafe-189x300.png 189w, https:\/\/www.patchwork-perles-broderies.com\/blog\/wp-content\/uploads\/2015\/12\/girafe.png 567w\" sizes=\"auto, (max-width: 189px) 100vw, 189px\" \/><\/a>Il y a d&rsquo;autres tr\u00e9sors, des oiseaux multicolores et m\u00eame une sir\u00e8ne. Je suis rest\u00e9e longtemps \u00e0 contempler ce jardin \u00e9tonnant o\u00f9 s&rsquo;est concr\u00e9tis\u00e9 un r\u00eave. En cette p\u00e9riode de No\u00ebl il suffirait d&rsquo;ajouter une vierge \u00e0 l&rsquo;enfant et quelques bergers pour que \u00a0ce village du sud ouest concurrence les villages proven\u00e7aux illustr\u00e9s\u00a0par les santons.<\/p>\n<p style=\"text-align: justify;\">\n","protected":false},"excerpt":{"rendered":"<p>Pour une fois je ne vous montrerai pas de quilts. Je voudrais simplement partager avec vous une de mes excursions. Dans mon Sud Ouest il y a des tas de petits villages. La plupart sont situ\u00e9s \u00e0 l&rsquo;\u00e9cart des grandes routes, ils sont nich\u00e9s dans les vall\u00e9es \u00a0bien \u00e0 l&rsquo;abri des regards et\u00a0ils ont conserv\u00e9 [&hellip;]<\/p>\n","protected":false},"author":1,"featured_media":0,"comment_status":"open","ping_status":"open","sticky":false,"template":"","format":"standard","meta":{"footnotes":""},"categories":[1,228],"tags":[],"class_list":["post-3025","post","type-post","status-publish","format-standard","hentry","category-non-classe","category-tourisme"],"aioseo_notices":[],"_links":{"self":[{"href":"https:\/\/www.patchwork-perles-broderies.com\/blog\/wp-json\/wp\/v2\/posts\/3025","targetHints":{"allow":["GET"]}}],"collection":[{"href":"https:\/\/www.patchwork-perles-broderies.com\/blog\/wp-json\/wp\/v2\/posts"}],"about":[{"href":"https:\/\/www.patchwork-perles-broderies.com\/blog\/wp-json\/wp\/v2\/types\/post"}],"author":[{"embeddable":true,"href":"https:\/\/www.patchwork-perles-broderies.com\/blog\/wp-json\/wp\/v2\/users\/1"}],"replies":[{"embeddable":true,"href":"https:\/\/www.patchwork-perles-broderies.com\/blog\/wp-json\/wp\/v2\/comments?post=3025"}],"version-history":[{"count":4,"href":"https:\/\/www.patchwork-perles-broderies.com\/blog\/wp-json\/wp\/v2\/posts\/3025\/revisions"}],"predecessor-version":[{"id":3043,"href":"https:\/\/www.patchwork-perles-broderies.com\/blog\/wp-json\/wp\/v2\/posts\/3025\/revisions\/3043"}],"wp:attachment":[{"href":"https:\/\/www.patchwork-perles-broderies.com\/blog\/wp-json\/wp\/v2\/media?parent=3025"}],"wp:term":[{"taxonomy":"category","embeddable":true,"href":"https:\/\/www.patchwork-perles-broderies.com\/blog\/wp-json\/wp\/v2\/categories?post=3025"},{"taxonomy":"post_tag","embeddable":true,"href":"https:\/\/www.patchwork-perles-broderies.com\/blog\/wp-json\/wp\/v2\/tags?post=3025"}],"curies":[{"name":"wp","href":"https:\/\/api.w.org\/{rel}","templated":true}]}}