{"id":3069,"date":"2015-12-19T19:56:45","date_gmt":"2015-12-19T18:56:45","guid":{"rendered":"http:\/\/www.patchwork-perles-broderies.com\/blog\/?p=3069"},"modified":"2015-12-19T19:57:47","modified_gmt":"2015-12-19T18:57:47","slug":"sunbonnet-sue-monte-le-sapin","status":"publish","type":"post","link":"https:\/\/www.patchwork-perles-broderies.com\/blog\/2015\/12\/19\/sunbonnet-sue-monte-le-sapin\/","title":{"rendered":"Sunbonnet Sue monte le sapin"},"content":{"rendered":"<p style=\"text-align: justify;\"><a href=\"http:\/\/www.patchwork-perles-broderies.com\/blog\/wp-content\/uploads\/2015\/12\/sue-d\u00e9core-le-sapin1.jpg\"><img loading=\"lazy\" decoding=\"async\" class=\"size-medium wp-image-3076 alignleft\" src=\"http:\/\/www.patchwork-perles-broderies.com\/blog\/wp-content\/uploads\/2015\/12\/sue-d\u00e9core-le-sapin1-300x251.jpg\" alt=\"sue d\u00e9core le sapin1\" width=\"300\" height=\"251\" srcset=\"https:\/\/www.patchwork-perles-broderies.com\/blog\/wp-content\/uploads\/2015\/12\/sue-d\u00e9core-le-sapin1-300x251.jpg 300w, https:\/\/www.patchwork-perles-broderies.com\/blog\/wp-content\/uploads\/2015\/12\/sue-d\u00e9core-le-sapin1-624x522.jpg 624w, https:\/\/www.patchwork-perles-broderies.com\/blog\/wp-content\/uploads\/2015\/12\/sue-d\u00e9core-le-sapin1.jpg 710w\" sizes=\"auto, (max-width: 300px) 100vw, 300px\" \/><\/a>Comme vous le savez les diff\u00e9rents dessins de Sunbonnet Sue qui nous sont parvenus d\u00e9peignent ses diff\u00e9rentes activit\u00e9s. Nous l&rsquo;avons suivie pendant ses travaux de la semaine.<\/p>\n<p style=\"text-align: justify;\">Maintenant nous la voyons pr\u00e9parer No\u00ebl. En fait elle\u00a0est tr\u00e8s en retard \u00a0cette ann\u00e9e. Elle n&rsquo;a pas encore d\u00e9cor\u00e9 le sapin traditionnel alors qu&rsquo;elle le fait d&rsquo;habitude tout au d\u00e9but du mois de D\u00e9cembre.\u00a0Peu \u00e0 peu le pied du sapin se garnira des cadeaux qu&rsquo;elle pr\u00e9pare ou ach\u00e8te ainsi que de ceux qui sont envoy\u00e9s par famille et amis. La veille de No\u00ebl (Christmas Eve) ou au plus tard le matin de No\u00ebl chacun ouvrira ceux qui sont marqu\u00e9s de son nom.<!--more--><\/p>\n<div id=\"attachment_3070\" style=\"width: 310px\" class=\"wp-caption alignright\"><a href=\"http:\/\/www.patchwork-perles-broderies.com\/blog\/wp-content\/uploads\/2015\/12\/alaska-sue.jpg\"><img loading=\"lazy\" decoding=\"async\" aria-describedby=\"caption-attachment-3070\" class=\"size-medium wp-image-3070\" src=\"http:\/\/www.patchwork-perles-broderies.com\/blog\/wp-content\/uploads\/2015\/12\/alaska-sue-300x300.jpg\" alt=\"alaska sue\" width=\"300\" height=\"300\" srcset=\"https:\/\/www.patchwork-perles-broderies.com\/blog\/wp-content\/uploads\/2015\/12\/alaska-sue-300x300.jpg 300w, https:\/\/www.patchwork-perles-broderies.com\/blog\/wp-content\/uploads\/2015\/12\/alaska-sue-150x150.jpg 150w, https:\/\/www.patchwork-perles-broderies.com\/blog\/wp-content\/uploads\/2015\/12\/alaska-sue.jpg 550w\" sizes=\"auto, (max-width: 300px) 100vw, 300px\" \/><\/a><p id=\"caption-attachment-3070\" class=\"wp-caption-text\">http:\/\/www.drew-fuller.com\/alaska-sled-dog-quilt-pattern.html<\/p><\/div>\n<p style=\"text-align: justify;\">Certaines Sunbonnet habitent dans des pays o\u00f9 poussent les sapins. Ils poussent particuli\u00e8rement bien en Alaska- qui, comme vous le savez est \u00e0 la fois le plus nordique, le plus grand et le moins peupl\u00e9 des Etats am\u00e9ricains.<\/p>\n<p style=\"text-align: justify;\">Elles peuvent donc aller les choisir et leur ami Sam se fera un plaisir de les couper pour elles.<\/p>\n<p style=\"text-align: justify;\">Ce bloc est extrait d&rsquo;un quilt compos\u00e9 de 30 blocs consacr\u00e9s \u00e0 l&rsquo;Alaska par Andrew Fulller.<\/p>\n<p style=\"text-align: justify;\">Une fois le sapin install\u00e9 il faut le d\u00e9corer et J&rsquo;ai rassembl\u00e9 pour vous plusieurs dessins consacr\u00e9s \u00e0 cette importante occupation.<\/p>\n<p style=\"text-align: justify;\"><a href=\"http:\/\/www.patchwork-perles-broderies.com\/blog\/wp-content\/uploads\/2015\/12\/sue-d\u00e9core-le-sapin.jpg\"><img loading=\"lazy\" decoding=\"async\" class=\"aligncenter size-medium wp-image-3075\" src=\"http:\/\/www.patchwork-perles-broderies.com\/blog\/wp-content\/uploads\/2015\/12\/sue-d\u00e9core-le-sapin-298x300.jpg\" alt=\"sue d\u00e9core le sapin\" width=\"298\" height=\"300\" srcset=\"https:\/\/www.patchwork-perles-broderies.com\/blog\/wp-content\/uploads\/2015\/12\/sue-d\u00e9core-le-sapin-298x300.jpg 298w, https:\/\/www.patchwork-perles-broderies.com\/blog\/wp-content\/uploads\/2015\/12\/sue-d\u00e9core-le-sapin-150x150.jpg 150w, https:\/\/www.patchwork-perles-broderies.com\/blog\/wp-content\/uploads\/2015\/12\/sue-d\u00e9core-le-sapin.jpg 578w\" sizes=\"auto, (max-width: 298px) 100vw, 298px\" \/><\/a><\/p>\n<p style=\"text-align: justify;\">Ce quilt charmant nous la montre perch\u00e9e sur son \u00e9chelle. Et les cr\u00e9ateurs du quilt\u00a0<em>Penny McMorris &amp; Dean Neumann <\/em>ont eu la gentillesse de partager le patron avec nous . Il vous suffit de le faire mettre \u00e0 la dimension que vous d\u00e9sirez dans un magasin de photocopies.<\/p>\n<table>\n<tbody>\n<tr>\n<td>\n<div id=\"attachment_3072\" style=\"width: 260px\" class=\"wp-caption alignleft\"><a href=\"http:\/\/www.patchwork-perles-broderies.com\/blog\/wp-content\/uploads\/2015\/12\/Sue_quilt.jpg\"><img loading=\"lazy\" decoding=\"async\" aria-describedby=\"caption-attachment-3072\" class=\"wp-image-3072\" src=\"http:\/\/www.patchwork-perles-broderies.com\/blog\/wp-content\/uploads\/2015\/12\/Sue_quilt-300x300.jpg\" alt=\"Sue_quilt\" width=\"250\" height=\"250\" srcset=\"https:\/\/www.patchwork-perles-broderies.com\/blog\/wp-content\/uploads\/2015\/12\/Sue_quilt-300x300.jpg 300w, https:\/\/www.patchwork-perles-broderies.com\/blog\/wp-content\/uploads\/2015\/12\/Sue_quilt-150x150.jpg 150w, https:\/\/www.patchwork-perles-broderies.com\/blog\/wp-content\/uploads\/2015\/12\/Sue_quilt.jpg 450w\" sizes=\"auto, (max-width: 250px) 100vw, 250px\" \/><\/a><p id=\"caption-attachment-3072\" class=\"wp-caption-text\">http:\/\/doyoueq.com\/blog\/2015\/12\/the-story-of-our-holiday-sunbonnet-sue\/<\/p><\/div><\/td>\n<td><a href=\"http:\/\/www.patchwork-perles-broderies.com\/blog\/wp-content\/uploads\/2015\/12\/sch\u00e9ma-sue-sapin.jpg\"><img loading=\"lazy\" decoding=\"async\" class=\"alignright size-medium wp-image-3077\" src=\"http:\/\/www.patchwork-perles-broderies.com\/blog\/wp-content\/uploads\/2015\/12\/sch\u00e9ma-sue-sapin-220x300.jpg\" alt=\"sch\u00e9ma sue sapin\" width=\"220\" height=\"300\" srcset=\"https:\/\/www.patchwork-perles-broderies.com\/blog\/wp-content\/uploads\/2015\/12\/sch\u00e9ma-sue-sapin-220x300.jpg 220w, https:\/\/www.patchwork-perles-broderies.com\/blog\/wp-content\/uploads\/2015\/12\/sch\u00e9ma-sue-sapin.jpg 389w\" sizes=\"auto, (max-width: 220px) 100vw, 220px\" \/><\/a><\/td>\n<\/tr>\n<\/tbody>\n<\/table>\n<div id=\"attachment_3073\" style=\"width: 270px\" class=\"wp-caption alignleft\"><a href=\"http:\/\/www.patchwork-perles-broderies.com\/blog\/wp-content\/uploads\/2015\/12\/sue-and-sapin-1.jpg\"><img loading=\"lazy\" decoding=\"async\" aria-describedby=\"caption-attachment-3073\" class=\"wp-image-3073 size-medium\" src=\"http:\/\/www.patchwork-perles-broderies.com\/blog\/wp-content\/uploads\/2015\/12\/sue-and-sapin-1-260x300.jpg\" alt=\"sac de cadeaux sue\" width=\"260\" height=\"300\" srcset=\"https:\/\/www.patchwork-perles-broderies.com\/blog\/wp-content\/uploads\/2015\/12\/sue-and-sapin-1-260x300.jpg 260w, https:\/\/www.patchwork-perles-broderies.com\/blog\/wp-content\/uploads\/2015\/12\/sue-and-sapin-1.jpg 567w\" sizes=\"auto, (max-width: 260px) 100vw, 260px\" \/><\/a><p id=\"caption-attachment-3073\" class=\"wp-caption-text\">http:\/\/schutt.net\/sharon\/tag\/canvas-bag-round-robin\/<\/p><\/div>\n<p style=\"text-align: justify;\">J&rsquo;ai trouv\u00e9 sur le net une id\u00e9e amusante: le dessin de Sue est destin\u00e9 \u00e0 orner un sac de toile. Excellent id\u00e9e si vous avez de multiples petits paquets \u00a0\u00e0 offrir&#8230;. une alternative \u00e0 la traditionnelle chaussette.<\/p>\n<p style=\"text-align: justify;\">Notez les accessoires en guipure qui s&rsquo;attachent au sapin \u00a0et figurent les boules de No\u00ebl.<\/p>\n<p style=\"text-align: justify;\">Si vous n&rsquo;en trouvez pas en magasin, vous pouvez les r\u00e9aliser au crochet par exemple.<\/p>\n<p style=\"text-align: justify;\">Vous pouvez aussi remplacer la guipure par deux ronds de satin cousus\u00a0endroit contre endroit, retourn\u00e9s\u00a0et l\u00e9g\u00e8rement bourr\u00e9s. Des yoyos d\u00e9cor\u00e9s seraient jolis aussi&#8230;. je me fie \u00e0 votre cr\u00e9ativit\u00e9 pour trouver des tas d&rsquo;id\u00e9es.<\/p>\n<div id=\"attachment_3079\" style=\"width: 310px\" class=\"wp-caption alignright\"><a href=\"http:\/\/www.patchwork-perles-broderies.com\/blog\/wp-content\/uploads\/2015\/12\/sweet-sue.jpg\"><img loading=\"lazy\" decoding=\"async\" aria-describedby=\"caption-attachment-3079\" class=\"size-medium wp-image-3079\" src=\"http:\/\/www.patchwork-perles-broderies.com\/blog\/wp-content\/uploads\/2015\/12\/sweet-sue-300x300.jpg\" alt=\"sweet-sue\" width=\"300\" height=\"300\" srcset=\"https:\/\/www.patchwork-perles-broderies.com\/blog\/wp-content\/uploads\/2015\/12\/sweet-sue-300x300.jpg 300w, https:\/\/www.patchwork-perles-broderies.com\/blog\/wp-content\/uploads\/2015\/12\/sweet-sue-150x150.jpg 150w, https:\/\/www.patchwork-perles-broderies.com\/blog\/wp-content\/uploads\/2015\/12\/sweet-sue.jpg 550w\" sizes=\"auto, (max-width: 300px) 100vw, 300px\" \/><\/a><p id=\"caption-attachment-3079\" class=\"wp-caption-text\">http:\/\/sewhooked.com\/2011\/10\/05\/quilting-gallerys-christmas-quilt-along-sweet-sue-tops-the-tree\/<\/p><\/div>\n<p style=\"text-align: justify;\">Sue aime vivre dangereusement. La voici perch\u00e9e sur un pied sur un escabeau quelque peu branlant. Le sapin penche un peu. Je me demande s&rsquo;ils\u00a0n&rsquo;ont pas voulu tous les deux tester la recette de punch qu&rsquo;elle a pr\u00e9vu de donner \u00e0 ses invit\u00e9s.<\/p>\n<p style=\"text-align: justify;\">La plupart de mod\u00e8les de Sunbonnet sont appliqu\u00e9s, ce qui permet de jouer \u00e0 l&rsquo;infini avec la d\u00e9coration. Celui -ci est pr\u00e9vu pour du pi\u00e9\u00e7age papier. Le mod\u00e8le id\u00e9al pour les fans de la machine et de la couture rapide. Et vous pouvez t\u00e9l\u00e9charger gratuitement le patron sur le site. Merci Jennifer<\/p>\n<p style=\"text-align: justify;\">Beaucoup d&rsquo;entre nous \u00a0aiment envoyer des cartes<\/p>\n<div id=\"attachment_3078\" style=\"width: 219px\" class=\"wp-caption alignleft\"><a href=\"http:\/\/www.patchwork-perles-broderies.com\/blog\/wp-content\/uploads\/2015\/12\/christmastreeproject261.jpg\"><img loading=\"lazy\" decoding=\"async\" aria-describedby=\"caption-attachment-3078\" class=\"size-medium wp-image-3078\" src=\"http:\/\/www.patchwork-perles-broderies.com\/blog\/wp-content\/uploads\/2015\/12\/christmastreeproject261-209x300.jpg\" alt=\"christmastreeproject26\" width=\"209\" height=\"300\" srcset=\"https:\/\/www.patchwork-perles-broderies.com\/blog\/wp-content\/uploads\/2015\/12\/christmastreeproject261-209x300.jpg 209w, https:\/\/www.patchwork-perles-broderies.com\/blog\/wp-content\/uploads\/2015\/12\/christmastreeproject261.jpg 297w\" sizes=\"auto, (max-width: 209px) 100vw, 209px\" \/><\/a><p id=\"caption-attachment-3078\" class=\"wp-caption-text\">http:\/\/www.circleofcrafters.com\/irisfolding\/christmastreeprojects.html<\/p><\/div>\n<p style=\"text-align: justify;\">de No\u00ebl. On peut faire des cartes \u00e0 partir de \u00a0Sunbonnet mais j&rsquo;ai beaucoup aim\u00e9 ce simple mod\u00e8le de sapin ( qu&rsquo;elle a r\u00e9alis\u00e9 bien s\u00fbr).<\/p>\n<p style=\"text-align: justify;\">Ce projet \u00a0peut \u00eatre ex\u00e9cut\u00e9\u00a0\u00a0en papier ou en tissu. C&rsquo;est un pliage, ce qui le rend facile \u00e0 r\u00e9aliser. J&rsquo;ai trouv\u00e9 que l&rsquo;effet \u00e9tait superbe. Je ne vous donnerai pas le patron parce qu&rsquo;il est g\u00e9n\u00e9reusement partag\u00e9 avec vous sur le site.<\/p>\n<p>&nbsp;<\/p>\n","protected":false},"excerpt":{"rendered":"<p>Comme vous le savez les diff\u00e9rents dessins de Sunbonnet Sue qui nous sont parvenus d\u00e9peignent ses diff\u00e9rentes activit\u00e9s. Nous l&rsquo;avons suivie pendant ses travaux de la semaine. Maintenant nous la voyons pr\u00e9parer No\u00ebl. En fait elle\u00a0est tr\u00e8s en retard \u00a0cette ann\u00e9e. Elle n&rsquo;a pas encore d\u00e9cor\u00e9 le sapin traditionnel alors qu&rsquo;elle le fait d&rsquo;habitude tout [&hellip;]<\/p>\n","protected":false},"author":1,"featured_media":0,"comment_status":"open","ping_status":"open","sticky":false,"template":"","format":"standard","meta":{"footnotes":""},"categories":[227],"tags":[],"class_list":["post-3069","post","type-post","status-publish","format-standard","hentry","category-fetes"],"aioseo_notices":[],"_links":{"self":[{"href":"https:\/\/www.patchwork-perles-broderies.com\/blog\/wp-json\/wp\/v2\/posts\/3069","targetHints":{"allow":["GET"]}}],"collection":[{"href":"https:\/\/www.patchwork-perles-broderies.com\/blog\/wp-json\/wp\/v2\/posts"}],"about":[{"href":"https:\/\/www.patchwork-perles-broderies.com\/blog\/wp-json\/wp\/v2\/types\/post"}],"author":[{"embeddable":true,"href":"https:\/\/www.patchwork-perles-broderies.com\/blog\/wp-json\/wp\/v2\/users\/1"}],"replies":[{"embeddable":true,"href":"https:\/\/www.patchwork-perles-broderies.com\/blog\/wp-json\/wp\/v2\/comments?post=3069"}],"version-history":[{"count":4,"href":"https:\/\/www.patchwork-perles-broderies.com\/blog\/wp-json\/wp\/v2\/posts\/3069\/revisions"}],"predecessor-version":[{"id":3082,"href":"https:\/\/www.patchwork-perles-broderies.com\/blog\/wp-json\/wp\/v2\/posts\/3069\/revisions\/3082"}],"wp:attachment":[{"href":"https:\/\/www.patchwork-perles-broderies.com\/blog\/wp-json\/wp\/v2\/media?parent=3069"}],"wp:term":[{"taxonomy":"category","embeddable":true,"href":"https:\/\/www.patchwork-perles-broderies.com\/blog\/wp-json\/wp\/v2\/categories?post=3069"},{"taxonomy":"post_tag","embeddable":true,"href":"https:\/\/www.patchwork-perles-broderies.com\/blog\/wp-json\/wp\/v2\/tags?post=3069"}],"curies":[{"name":"wp","href":"https:\/\/api.w.org\/{rel}","templated":true}]}}