{"id":3139,"date":"2016-02-12T11:48:43","date_gmt":"2016-02-12T10:48:43","guid":{"rendered":"http:\/\/www.patchwork-perles-broderies.com\/blog\/?p=3139"},"modified":"2016-02-12T11:51:22","modified_gmt":"2016-02-12T10:51:22","slug":"saint-valentin","status":"publish","type":"post","link":"https:\/\/www.patchwork-perles-broderies.com\/blog\/2016\/02\/12\/saint-valentin\/","title":{"rendered":"Saint Valentin"},"content":{"rendered":"<div id=\"attachment_3144\" style=\"width: 160px\" class=\"wp-caption alignleft\"><a href=\"http:\/\/www.patchwork-perles-broderies.com\/blog\/wp-content\/uploads\/2016\/02\/starry-heart-quilt-block.jpg\" rel=\"attachment wp-att-3144\"><img loading=\"lazy\" decoding=\"async\" aria-describedby=\"caption-attachment-3144\" class=\"size-thumbnail wp-image-3144\" src=\"http:\/\/www.patchwork-perles-broderies.com\/blog\/wp-content\/uploads\/2016\/02\/starry-heart-quilt-block-150x150.jpg\" alt=\"http:\/\/www.quiltmaker.com\/blogs\/quiltypleasures\/2016\/01\/14-valentine-quilt-patterns-project-ideas\/\" width=\"150\" height=\"150\" srcset=\"https:\/\/www.patchwork-perles-broderies.com\/blog\/wp-content\/uploads\/2016\/02\/starry-heart-quilt-block-150x150.jpg 150w, https:\/\/www.patchwork-perles-broderies.com\/blog\/wp-content\/uploads\/2016\/02\/starry-heart-quilt-block-300x300.jpg 300w, https:\/\/www.patchwork-perles-broderies.com\/blog\/wp-content\/uploads\/2016\/02\/starry-heart-quilt-block.jpg 600w\" sizes=\"auto, (max-width: 150px) 100vw, 150px\" \/><\/a><p id=\"caption-attachment-3144\" class=\"wp-caption-text\">http:\/\/www.quiltmaker.com\/blogs\/quiltypleasures\/2016\/01\/14-valentine-quilt-patterns-project-ideas\/<\/p><\/div>\n<p style=\"text-align: justify;\">La Saint Valentin\u00a0a introduit une ambiance festive dans ce mois de F\u00e9vrier g\u00e9n\u00e9ralement froid et plong\u00e9 dans la grisaille. Les cr\u00eapes ne sont plus qu&rsquo;un souvenir et ce matin le temps est si mauvais que nous nous sommes tous entass\u00e9s autour de la chemin\u00e9e ( mes chiens, chats et moi) pour trouver un peu de r\u00e9confort.<\/p>\n<p style=\"text-align: justify;\">Elle a inspir\u00e9 des tas de quilts simples ou sophistiqu\u00e9s.<\/p>\n<p><!--more--><\/p>\n<p>Je vous en ai s\u00e9lectionn\u00e9 quelques uns qui m&rsquo;ont paru simples \u00e0 r\u00e9aliser pour des cadeaux de derni\u00e8re minute.<\/p>\n<div id=\"attachment_3140\" style=\"width: 409px\" class=\"wp-caption alignright\"><a href=\"http:\/\/www.patchwork-perles-broderies.com\/blog\/wp-content\/uploads\/2016\/02\/heart-from-squares.jpg\" rel=\"attachment wp-att-3140\"><img loading=\"lazy\" decoding=\"async\" aria-describedby=\"caption-attachment-3140\" class=\"wp-image-3140 size-full\" src=\"http:\/\/www.patchwork-perles-broderies.com\/blog\/wp-content\/uploads\/2016\/02\/heart-from-squares.jpg\" alt=\" https:\/\/fr.pinterest.com\/source\/hopefulhomemaker.com \" width=\"399\" height=\"495\" srcset=\"https:\/\/www.patchwork-perles-broderies.com\/blog\/wp-content\/uploads\/2016\/02\/heart-from-squares.jpg 399w, https:\/\/www.patchwork-perles-broderies.com\/blog\/wp-content\/uploads\/2016\/02\/heart-from-squares-242x300.jpg 242w\" sizes=\"auto, (max-width: 399px) 100vw, 399px\" \/><\/a><p id=\"caption-attachment-3140\" class=\"wp-caption-text\">https:\/\/fr.pinterest.com\/source\/hopefulhomemaker.com<\/p><\/div>\n<p>&nbsp;<\/p>\n<p style=\"text-align: justify;\">Ce mod\u00e8le \u00a0est assez spectaculaire et pourtant facile \u00e0 r\u00e9aliser: un seul gabarit &#8211; un carr\u00e9 de la taille de votre choix ( je vous conseille 3 ou 4 cm + coutures- au maximum)&#8230;.. &#8211; et toutes vos chutes de tissus rouges. C&rsquo;est le moment ou jamais de faire du troc avec les copines.<br \/>\nVous comptez le nombre de carr\u00e9s de couleur, vous les disposez comme sur le dessin et vous remplissez les vides avec du blanc. C&rsquo;est une sorte de voyage autour du monde en forme de coeur. Les coeurs ont \u00e9t\u00e9 dispos\u00e9s de fa\u00e7on r\u00e9guli\u00e8re\u00a0en d\u00e9calant un rang sur deux.<\/p>\n<p style=\"text-align: justify;\">\u00a0Autre coeur vite fait, ce mod\u00e8le amusant fait \u00e0 partir d&rsquo;un nine patch. Parfait pour r\u00e9aliser un centre de table . C&rsquo;est un patron gratuit <em>Mac Call<\/em>. Si vous ne parvenez pas \u00e0 le dessiner vous m\u00eame je crois qu&rsquo;on peut le t\u00e9l\u00e9charger sur le site.<br \/>\n<em>http:\/\/www.mccallsquilting.com\/mccallsquilting\/articles\/Nine_Patch_Heart_FREE_Quilt_Block_Pattern<\/em><\/p>\n<table>\n<tbody>\n<tr>\n<td>\n<div id=\"attachment_3141\" style=\"width: 310px\" class=\"wp-caption alignleft\"><a href=\"http:\/\/www.patchwork-perles-broderies.com\/blog\/wp-content\/uploads\/2016\/02\/Heart-of-the-Home-300px.jpg\" rel=\"attachment wp-att-3141\"><img loading=\"lazy\" decoding=\"async\" aria-describedby=\"caption-attachment-3141\" class=\"wp-image-3141 size-full\" src=\"http:\/\/www.patchwork-perles-broderies.com\/blog\/wp-content\/uploads\/2016\/02\/Heart-of-the-Home-300px.jpg\" alt=\"Heart-of-the-Home-\" width=\"300\" height=\"300\" srcset=\"https:\/\/www.patchwork-perles-broderies.com\/blog\/wp-content\/uploads\/2016\/02\/Heart-of-the-Home-300px.jpg 300w, https:\/\/www.patchwork-perles-broderies.com\/blog\/wp-content\/uploads\/2016\/02\/Heart-of-the-Home-300px-150x150.jpg 150w\" sizes=\"auto, (max-width: 300px) 100vw, 300px\" \/><\/a><p id=\"caption-attachment-3141\" class=\"wp-caption-text\">http:\/\/www.mccallsquilting.com\/mccallsquilting\/articles\/Heart_of_the_Home_Cheerful_Valentine_Table_Runner_Quilt_Pattern<\/p><\/div><\/td>\n<td>\n<div id=\"attachment_3142\" style=\"width: 310px\" class=\"wp-caption alignleft\"><a href=\"http:\/\/www.patchwork-perles-broderies.com\/blog\/wp-content\/uploads\/2016\/02\/Nine-Patch-Heart-Block-300px.jpg\" rel=\"attachment wp-att-3142\"><img loading=\"lazy\" decoding=\"async\" aria-describedby=\"caption-attachment-3142\" class=\"wp-image-3142 size-medium\" src=\"http:\/\/www.patchwork-perles-broderies.com\/blog\/wp-content\/uploads\/2016\/02\/Nine-Patch-Heart-Block-300px-300x299.jpg\" alt=\"Nine-Patch-Heart-Block-300px\" width=\"300\" height=\"299\" srcset=\"https:\/\/www.patchwork-perles-broderies.com\/blog\/wp-content\/uploads\/2016\/02\/Nine-Patch-Heart-Block-300px.jpg 300w, https:\/\/www.patchwork-perles-broderies.com\/blog\/wp-content\/uploads\/2016\/02\/Nine-Patch-Heart-Block-300px-150x150.jpg 150w\" sizes=\"auto, (max-width: 300px) 100vw, 300px\" \/><\/a><p id=\"caption-attachment-3142\" class=\"wp-caption-text\">http:\/\/www.mccallsquilting.com\/mccallsquilting\/articles\/Nine_Patch_Heart_FREE_Quilt_Block_Pattern<\/p><\/div><\/td>\n<\/tr>\n<\/tbody>\n<\/table>\n<p style=\"text-align: justify;\">Plus difficile mais tr\u00e8s spectaculaire le mod\u00e8le en long cabin cr\u00e9\u00e9 par <em>Judy Martin<\/em> dans son livre \u00a0\u00bb Extraordinary Log Cabin\u00a0\u00bb. Il me semblerait d&rsquo;ailleurs dommage de r\u00e9server son utilisation au jour de la Saint Valentin!<\/p>\n<table>\n<tbody>\n<tr>\n<td>\n<div id=\"attachment_3145\" style=\"width: 310px\" class=\"wp-caption alignleft\"><a href=\"http:\/\/www.patchwork-perles-broderies.com\/blog\/wp-content\/uploads\/2016\/02\/valentine-log-cabin.jpg\" rel=\"attachment wp-att-3145\"><img loading=\"lazy\" decoding=\"async\" aria-describedby=\"caption-attachment-3145\" class=\"size-medium wp-image-3145\" src=\"http:\/\/www.patchwork-perles-broderies.com\/blog\/wp-content\/uploads\/2016\/02\/valentine-log-cabin-300x298.jpg\" alt=\"http:\/\/www.islandbatik.com\/news\/index.php\/lovely-quilts\/\" width=\"300\" height=\"298\" srcset=\"https:\/\/www.patchwork-perles-broderies.com\/blog\/wp-content\/uploads\/2016\/02\/valentine-log-cabin-300x298.jpg 300w, https:\/\/www.patchwork-perles-broderies.com\/blog\/wp-content\/uploads\/2016\/02\/valentine-log-cabin-150x150.jpg 150w, https:\/\/www.patchwork-perles-broderies.com\/blog\/wp-content\/uploads\/2016\/02\/valentine-log-cabin.jpg 360w\" sizes=\"auto, (max-width: 300px) 100vw, 300px\" \/><\/a><p id=\"caption-attachment-3145\" class=\"wp-caption-text\">http:\/\/www.islandbatik.com\/news\/index.php\/lovely-quilts\/<\/p><\/div><\/td>\n<td>\n<div id=\"attachment_3146\" style=\"width: 210px\" class=\"wp-caption alignright\"><a href=\"http:\/\/www.patchwork-perles-broderies.com\/blog\/wp-content\/uploads\/2016\/02\/Valentine_Log_Cabin_1024x1024.jpg\" rel=\"attachment wp-att-3146\"><img loading=\"lazy\" decoding=\"async\" aria-describedby=\"caption-attachment-3146\" class=\"wp-image-3146\" src=\"http:\/\/www.patchwork-perles-broderies.com\/blog\/wp-content\/uploads\/2016\/02\/Valentine_Log_Cabin_1024x1024-300x300.jpg\" alt=\"http:\/\/www.feverishquilter.com\/collections\/frontpage\/products\/log-cabin-heart-quilt-block\" width=\"200\" height=\"200\" srcset=\"https:\/\/www.patchwork-perles-broderies.com\/blog\/wp-content\/uploads\/2016\/02\/Valentine_Log_Cabin_1024x1024-300x300.jpg 300w, https:\/\/www.patchwork-perles-broderies.com\/blog\/wp-content\/uploads\/2016\/02\/Valentine_Log_Cabin_1024x1024-150x150.jpg 150w, https:\/\/www.patchwork-perles-broderies.com\/blog\/wp-content\/uploads\/2016\/02\/Valentine_Log_Cabin_1024x1024.jpg 530w\" sizes=\"auto, (max-width: 200px) 100vw, 200px\" \/><\/a><p id=\"caption-attachment-3146\" class=\"wp-caption-text\">http:\/\/www.feverishquilter.com\/collections\/frontpage\/products\/log-cabin-heart-quilt-block<\/p><\/div><\/td>\n<\/tr>\n<\/tbody>\n<\/table>\n<p>Peut \u00eatre que certaines d&rsquo;entre vous pr\u00e9f\u00e8reraient quelque chose de diff\u00e9rent\u00a0&#8230; Je vous propose donc cet entrelacs celtique qui peut convenir \u00e0 toutes les occasions :<\/p>\n<div id=\"attachment_3143\" style=\"width: 310px\" class=\"wp-caption alignnone\"><a href=\"http:\/\/www.patchwork-perles-broderies.com\/blog\/wp-content\/uploads\/2016\/02\/lover22s-knot-celtiquz.jpg\" rel=\"attachment wp-att-3143\"><img loading=\"lazy\" decoding=\"async\" aria-describedby=\"caption-attachment-3143\" class=\"size-medium wp-image-3143\" src=\"http:\/\/www.patchwork-perles-broderies.com\/blog\/wp-content\/uploads\/2016\/02\/lover22s-knot-celtiquz-300x288.jpg\" alt=\"http:\/\/piecenpeace.blogspot.fr\/2012\/11\/the-wedding-quilt-and-charity-shop.html\" width=\"300\" height=\"288\" srcset=\"https:\/\/www.patchwork-perles-broderies.com\/blog\/wp-content\/uploads\/2016\/02\/lover22s-knot-celtiquz-300x288.jpg 300w, https:\/\/www.patchwork-perles-broderies.com\/blog\/wp-content\/uploads\/2016\/02\/lover22s-knot-celtiquz-768x737.jpg 768w, https:\/\/www.patchwork-perles-broderies.com\/blog\/wp-content\/uploads\/2016\/02\/lover22s-knot-celtiquz-600x576.jpg 600w, https:\/\/www.patchwork-perles-broderies.com\/blog\/wp-content\/uploads\/2016\/02\/lover22s-knot-celtiquz-624x599.jpg 624w, https:\/\/www.patchwork-perles-broderies.com\/blog\/wp-content\/uploads\/2016\/02\/lover22s-knot-celtiquz.jpg 850w\" sizes=\"auto, (max-width: 300px) 100vw, 300px\" \/><\/a><p id=\"caption-attachment-3143\" class=\"wp-caption-text\">http:\/\/piecenpeace.blogspot.fr\/2012\/11\/the-wedding-quilt-and-charity-shop.html<\/p><\/div>\n<div id=\"attachment_3149\" style=\"width: 160px\" class=\"wp-caption alignleft\"><a href=\"http:\/\/www.patchwork-perles-broderies.com\/blog\/wp-content\/uploads\/2016\/02\/lover.gif\" rel=\"attachment wp-att-3149\"><img loading=\"lazy\" decoding=\"async\" aria-describedby=\"caption-attachment-3149\" class=\"size-thumbnail wp-image-3149\" src=\"http:\/\/www.patchwork-perles-broderies.com\/blog\/wp-content\/uploads\/2016\/02\/lover-150x150.gif\" alt=\"le bloc\" width=\"150\" height=\"150\" \/><\/a><p id=\"caption-attachment-3149\" class=\"wp-caption-text\">le bloc<\/p><\/div>\n<p style=\"text-align: justify;\">J&rsquo;ai aussi retrouv\u00e9 dans mes archives un tr\u00e8s ancien dessin nomm\u00e9 \u00a0\u00bb Lover&rsquo;s Knot\u00a0\u00bb (noeud d&rsquo;amour) . Ce n&rsquo;est qu&rsquo;une des nombreuses variations de ce nom mais je l&rsquo;aime particuli\u00e8rement<\/p>\n<p style=\"text-align: justify;\">Je l&rsquo;avais dessin\u00e9 il y a tr\u00e8s longtemps pour un journal aujourd&rsquo;hui disparu. J&rsquo;ai \u00e9t\u00e9 heureuse de le retrouver. Naturellement \u00e0 l&rsquo;\u00e9poque il \u00e9tait en noir et blanc, le voici en couleurs. Je n&rsquo;ai pas choisi le rouge&#8230; en fait on pourrait imaginer un quilt multicolore fait avec toutes sortes de rubans, rouges, oranges, verts etc.<\/p>\n<div id=\"attachment_3150\" style=\"width: 307px\" class=\"wp-caption aligncenter\"><a href=\"http:\/\/www.patchwork-perles-broderies.com\/blog\/wp-content\/uploads\/2016\/02\/Lovers.gif\" rel=\"attachment wp-att-3150\"><img loading=\"lazy\" decoding=\"async\" aria-describedby=\"caption-attachment-3150\" class=\"size-medium wp-image-3150\" src=\"http:\/\/www.patchwork-perles-broderies.com\/blog\/wp-content\/uploads\/2016\/02\/Lovers-297x300.gif\" alt=\"Le quilt\" width=\"297\" height=\"300\" \/><\/a><p id=\"caption-attachment-3150\" class=\"wp-caption-text\">Le quilt<\/p><\/div>\n","protected":false},"excerpt":{"rendered":"<p>La Saint Valentin\u00a0a introduit une ambiance festive dans ce mois de F\u00e9vrier g\u00e9n\u00e9ralement froid et plong\u00e9 dans la grisaille. Les cr\u00eapes ne sont plus qu&rsquo;un souvenir et ce matin le temps est si mauvais que nous nous sommes tous entass\u00e9s autour de la chemin\u00e9e ( mes chiens, chats et moi) pour trouver un peu de [&hellip;]<\/p>\n","protected":false},"author":1,"featured_media":0,"comment_status":"open","ping_status":"open","sticky":false,"template":"","format":"standard","meta":{"footnotes":""},"categories":[227],"tags":[],"class_list":["post-3139","post","type-post","status-publish","format-standard","hentry","category-fetes"],"aioseo_notices":[],"aioseo_head":"\n\t\t<!-- All in One SEO 5.0.1.1 - aioseo.com -->\n\t<meta name=\"description\" content=\"La Saint Valentin a introduit une ambiance festive dans ce mois de F\u00e9vrier g\u00e9n\u00e9ralement froid et plong\u00e9 dans la grisaille. Les cr\u00eapes ne sont plus qu&#039;un souvenir et ce matin le temps est si mauvais que nous nous sommes tous entass\u00e9s autour de la chemin\u00e9e ( mes chiens, chats et moi) pour trouver un peu de\" \/>\n\t<meta name=\"robots\" content=\"max-image-preview:large\" \/>\n\t<meta name=\"author\" content=\"admin\"\/>\n\t<meta name=\"keywords\" content=\"saint valentin,valentine day,coeurs,noeud d\\&#039;amour,lovers knot\" \/>\n\t<link rel=\"canonical\" href=\"https:\/\/www.patchwork-perles-broderies.com\/blog\/2016\/02\/12\/saint-valentin\/\" \/>\n\t<meta name=\"generator\" content=\"All in One SEO (AIOSEO) 5.0.1.1\" \/>\n\t\t<meta property=\"og:locale\" content=\"fr_FR\" \/>\n\t\t<meta property=\"og:site_name\" content=\"Patchwork Perles et Broderies - Le Blog |  La Passion du Patch Orn\u00e9 ( Website : patchwork-perles-broderies.com )\" \/>\n\t\t<meta property=\"og:type\" content=\"article\" \/>\n\t\t<meta property=\"og:title\" content=\"Saint Valentin | Patchwork Perles et Broderies - Le Blog\" \/>\n\t\t<meta property=\"og:description\" content=\"La Saint Valentin a introduit une ambiance festive dans ce mois de F\u00e9vrier g\u00e9n\u00e9ralement froid et plong\u00e9 dans la grisaille. Les cr\u00eapes ne sont plus qu&#039;un souvenir et ce matin le temps est si mauvais que nous nous sommes tous entass\u00e9s autour de la chemin\u00e9e ( mes chiens, chats et moi) pour trouver un peu de\" \/>\n\t\t<meta property=\"og:url\" content=\"https:\/\/www.patchwork-perles-broderies.com\/blog\/2016\/02\/12\/saint-valentin\/\" \/>\n\t\t<meta property=\"article:published_time\" content=\"2016-02-12T10:48:43+00:00\" \/>\n\t\t<meta property=\"article:modified_time\" content=\"2016-02-12T10:51:22+00:00\" \/>\n\t\t<meta name=\"twitter:card\" content=\"summary\" \/>\n\t\t<meta name=\"twitter:title\" content=\"Saint Valentin | Patchwork Perles et Broderies - Le Blog\" \/>\n\t\t<meta name=\"twitter:description\" content=\"La Saint Valentin a introduit une ambiance festive dans ce mois de F\u00e9vrier g\u00e9n\u00e9ralement froid et plong\u00e9 dans la grisaille. Les cr\u00eapes ne sont plus qu&#039;un souvenir et ce matin le temps est si mauvais que nous nous sommes tous entass\u00e9s autour de la chemin\u00e9e ( mes chiens, chats et moi) pour trouver un peu de\" \/>\n\t\t<script type=\"application\/ld+json\" class=\"aioseo-schema\">\n\t\t\t{\"@context\":\"https:\\\/\\\/schema.org\",\"@graph\":[{\"@type\":\"Article\",\"@id\":\"https:\\\/\\\/www.patchwork-perles-broderies.com\\\/blog\\\/2016\\\/02\\\/12\\\/saint-valentin\\\/#article\",\"name\":\"Saint Valentin | Patchwork Perles et Broderies - Le Blog\",\"headline\":\"Saint Valentin\",\"author\":{\"@id\":\"https:\\\/\\\/www.patchwork-perles-broderies.com\\\/blog\\\/author\\\/admin\\\/#author\"},\"publisher\":{\"@id\":\"https:\\\/\\\/www.patchwork-perles-broderies.com\\\/blog\\\/#person\"},\"image\":{\"@type\":\"ImageObject\",\"url\":\"http:\\\/\\\/www.patchwork-perles-broderies.com\\\/blog\\\/wp-content\\\/uploads\\\/2016\\\/02\\\/starry-heart-quilt-block-150x150.jpg\",\"@id\":\"https:\\\/\\\/www.patchwork-perles-broderies.com\\\/blog\\\/2016\\\/02\\\/12\\\/saint-valentin\\\/#articleImage\"},\"datePublished\":\"2016-02-12T11:48:43+01:00\",\"dateModified\":\"2016-02-12T11:51:22+01:00\",\"inLanguage\":\"fr-FR\",\"commentCount\":4,\"mainEntityOfPage\":{\"@id\":\"https:\\\/\\\/www.patchwork-perles-broderies.com\\\/blog\\\/2016\\\/02\\\/12\\\/saint-valentin\\\/#webpage\"},\"isPartOf\":{\"@id\":\"https:\\\/\\\/www.patchwork-perles-broderies.com\\\/blog\\\/2016\\\/02\\\/12\\\/saint-valentin\\\/#webpage\"},\"articleSection\":\"F\\u00eates\"},{\"@type\":\"BreadcrumbList\",\"@id\":\"https:\\\/\\\/www.patchwork-perles-broderies.com\\\/blog\\\/2016\\\/02\\\/12\\\/saint-valentin\\\/#breadcrumblist\",\"itemListElement\":[{\"@type\":\"ListItem\",\"@id\":\"https:\\\/\\\/www.patchwork-perles-broderies.com\\\/blog#listItem\",\"position\":1,\"name\":\"Accueil\",\"item\":\"https:\\\/\\\/www.patchwork-perles-broderies.com\\\/blog\",\"nextItem\":{\"@type\":\"ListItem\",\"@id\":\"https:\\\/\\\/www.patchwork-perles-broderies.com\\\/blog\\\/category\\\/fetes\\\/#listItem\",\"name\":\"F\\u00eates\"}},{\"@type\":\"ListItem\",\"@id\":\"https:\\\/\\\/www.patchwork-perles-broderies.com\\\/blog\\\/category\\\/fetes\\\/#listItem\",\"position\":2,\"name\":\"F\\u00eates\",\"item\":\"https:\\\/\\\/www.patchwork-perles-broderies.com\\\/blog\\\/category\\\/fetes\\\/\",\"nextItem\":{\"@type\":\"ListItem\",\"@id\":\"https:\\\/\\\/www.patchwork-perles-broderies.com\\\/blog\\\/2016\\\/02\\\/12\\\/saint-valentin\\\/#listItem\",\"name\":\"Saint Valentin\"},\"previousItem\":{\"@type\":\"ListItem\",\"@id\":\"https:\\\/\\\/www.patchwork-perles-broderies.com\\\/blog#listItem\",\"name\":\"Accueil\"}},{\"@type\":\"ListItem\",\"@id\":\"https:\\\/\\\/www.patchwork-perles-broderies.com\\\/blog\\\/2016\\\/02\\\/12\\\/saint-valentin\\\/#listItem\",\"position\":3,\"name\":\"Saint Valentin\",\"previousItem\":{\"@type\":\"ListItem\",\"@id\":\"https:\\\/\\\/www.patchwork-perles-broderies.com\\\/blog\\\/category\\\/fetes\\\/#listItem\",\"name\":\"F\\u00eates\"}}]},{\"@type\":\"Person\",\"@id\":\"https:\\\/\\\/www.patchwork-perles-broderies.com\\\/blog\\\/#person\",\"name\":\"admin\",\"image\":{\"@type\":\"ImageObject\",\"@id\":\"https:\\\/\\\/www.patchwork-perles-broderies.com\\\/blog\\\/2016\\\/02\\\/12\\\/saint-valentin\\\/#personImage\",\"url\":\"https:\\\/\\\/secure.gravatar.com\\\/avatar\\\/f8283cc8f0bd73ad8d4a00aade7fefd9b739f96e8a9e5f8fa202319c0962314e?s=96&d=identicon&r=g\",\"width\":96,\"height\":96,\"caption\":\"admin\"}},{\"@type\":\"Person\",\"@id\":\"https:\\\/\\\/www.patchwork-perles-broderies.com\\\/blog\\\/author\\\/admin\\\/#author\",\"url\":\"https:\\\/\\\/www.patchwork-perles-broderies.com\\\/blog\\\/author\\\/admin\\\/\",\"name\":\"admin\",\"image\":{\"@type\":\"ImageObject\",\"@id\":\"https:\\\/\\\/www.patchwork-perles-broderies.com\\\/blog\\\/2016\\\/02\\\/12\\\/saint-valentin\\\/#authorImage\",\"url\":\"https:\\\/\\\/secure.gravatar.com\\\/avatar\\\/f8283cc8f0bd73ad8d4a00aade7fefd9b739f96e8a9e5f8fa202319c0962314e?s=96&d=identicon&r=g\",\"width\":96,\"height\":96,\"caption\":\"admin\"}},{\"@type\":\"WebPage\",\"@id\":\"https:\\\/\\\/www.patchwork-perles-broderies.com\\\/blog\\\/2016\\\/02\\\/12\\\/saint-valentin\\\/#webpage\",\"url\":\"https:\\\/\\\/www.patchwork-perles-broderies.com\\\/blog\\\/2016\\\/02\\\/12\\\/saint-valentin\\\/\",\"name\":\"Saint Valentin | Patchwork Perles et Broderies - Le Blog\",\"description\":\"La Saint Valentin a introduit une ambiance festive dans ce mois de F\\u00e9vrier g\\u00e9n\\u00e9ralement froid et plong\\u00e9 dans la grisaille. Les cr\\u00eapes ne sont plus qu'un souvenir et ce matin le temps est si mauvais que nous nous sommes tous entass\\u00e9s autour de la chemin\\u00e9e ( mes chiens, chats et moi) pour trouver un peu de\",\"inLanguage\":\"fr-FR\",\"isPartOf\":{\"@id\":\"https:\\\/\\\/www.patchwork-perles-broderies.com\\\/blog\\\/#website\"},\"breadcrumb\":{\"@id\":\"https:\\\/\\\/www.patchwork-perles-broderies.com\\\/blog\\\/2016\\\/02\\\/12\\\/saint-valentin\\\/#breadcrumblist\"},\"author\":{\"@id\":\"https:\\\/\\\/www.patchwork-perles-broderies.com\\\/blog\\\/author\\\/admin\\\/#author\"},\"creator\":{\"@id\":\"https:\\\/\\\/www.patchwork-perles-broderies.com\\\/blog\\\/author\\\/admin\\\/#author\"},\"datePublished\":\"2016-02-12T11:48:43+01:00\",\"dateModified\":\"2016-02-12T11:51:22+01:00\"},{\"@type\":\"WebSite\",\"@id\":\"https:\\\/\\\/www.patchwork-perles-broderies.com\\\/blog\\\/#website\",\"url\":\"https:\\\/\\\/www.patchwork-perles-broderies.com\\\/blog\\\/\",\"name\":\"Patchwork Perles et Broderies\",\"description\":\"La Passion du Patch Orn\\u00e9 ( Website : patchwork-perles-broderies.com )\",\"inLanguage\":\"fr-FR\",\"publisher\":{\"@id\":\"https:\\\/\\\/www.patchwork-perles-broderies.com\\\/blog\\\/#person\"}}]}\n\t\t<\/script>\n\t\t<!-- All in One SEO -->\n\n","aioseo_head_json":{"title":"Saint Valentin | Patchwork Perles et Broderies - Le Blog","description":"La Saint Valentin a introduit une ambiance festive dans ce mois de F\u00e9vrier g\u00e9n\u00e9ralement froid et plong\u00e9 dans la grisaille. Les cr\u00eapes ne sont plus qu'un souvenir et ce matin le temps est si mauvais que nous nous sommes tous entass\u00e9s autour de la chemin\u00e9e ( mes chiens, chats et moi) pour trouver un peu de","canonical_url":"https:\/\/www.patchwork-perles-broderies.com\/blog\/2016\/02\/12\/saint-valentin\/","robots":"max-image-preview:large","keywords":"saint valentin,valentine day,coeurs,noeud d\\'amour,lovers knot","webmasterTools":{"miscellaneous":""},"schema":{"@context":"https:\/\/schema.org","@graph":[{"@type":"Article","@id":"https:\/\/www.patchwork-perles-broderies.com\/blog\/2016\/02\/12\/saint-valentin\/#article","name":"Saint Valentin | Patchwork Perles et Broderies - Le Blog","headline":"Saint Valentin","author":{"@id":"https:\/\/www.patchwork-perles-broderies.com\/blog\/author\/admin\/#author"},"publisher":{"@id":"https:\/\/www.patchwork-perles-broderies.com\/blog\/#person"},"image":{"@type":"ImageObject","url":"http:\/\/www.patchwork-perles-broderies.com\/blog\/wp-content\/uploads\/2016\/02\/starry-heart-quilt-block-150x150.jpg","@id":"https:\/\/www.patchwork-perles-broderies.com\/blog\/2016\/02\/12\/saint-valentin\/#articleImage"},"datePublished":"2016-02-12T11:48:43+01:00","dateModified":"2016-02-12T11:51:22+01:00","inLanguage":"fr-FR","commentCount":4,"mainEntityOfPage":{"@id":"https:\/\/www.patchwork-perles-broderies.com\/blog\/2016\/02\/12\/saint-valentin\/#webpage"},"isPartOf":{"@id":"https:\/\/www.patchwork-perles-broderies.com\/blog\/2016\/02\/12\/saint-valentin\/#webpage"},"articleSection":"F\u00eates"},{"@type":"BreadcrumbList","@id":"https:\/\/www.patchwork-perles-broderies.com\/blog\/2016\/02\/12\/saint-valentin\/#breadcrumblist","itemListElement":[{"@type":"ListItem","@id":"https:\/\/www.patchwork-perles-broderies.com\/blog#listItem","position":1,"name":"Accueil","item":"https:\/\/www.patchwork-perles-broderies.com\/blog","nextItem":{"@type":"ListItem","@id":"https:\/\/www.patchwork-perles-broderies.com\/blog\/category\/fetes\/#listItem","name":"F\u00eates"}},{"@type":"ListItem","@id":"https:\/\/www.patchwork-perles-broderies.com\/blog\/category\/fetes\/#listItem","position":2,"name":"F\u00eates","item":"https:\/\/www.patchwork-perles-broderies.com\/blog\/category\/fetes\/","nextItem":{"@type":"ListItem","@id":"https:\/\/www.patchwork-perles-broderies.com\/blog\/2016\/02\/12\/saint-valentin\/#listItem","name":"Saint Valentin"},"previousItem":{"@type":"ListItem","@id":"https:\/\/www.patchwork-perles-broderies.com\/blog#listItem","name":"Accueil"}},{"@type":"ListItem","@id":"https:\/\/www.patchwork-perles-broderies.com\/blog\/2016\/02\/12\/saint-valentin\/#listItem","position":3,"name":"Saint Valentin","previousItem":{"@type":"ListItem","@id":"https:\/\/www.patchwork-perles-broderies.com\/blog\/category\/fetes\/#listItem","name":"F\u00eates"}}]},{"@type":"Person","@id":"https:\/\/www.patchwork-perles-broderies.com\/blog\/#person","name":"admin","image":{"@type":"ImageObject","@id":"https:\/\/www.patchwork-perles-broderies.com\/blog\/2016\/02\/12\/saint-valentin\/#personImage","url":"https:\/\/secure.gravatar.com\/avatar\/f8283cc8f0bd73ad8d4a00aade7fefd9b739f96e8a9e5f8fa202319c0962314e?s=96&d=identicon&r=g","width":96,"height":96,"caption":"admin"}},{"@type":"Person","@id":"https:\/\/www.patchwork-perles-broderies.com\/blog\/author\/admin\/#author","url":"https:\/\/www.patchwork-perles-broderies.com\/blog\/author\/admin\/","name":"admin","image":{"@type":"ImageObject","@id":"https:\/\/www.patchwork-perles-broderies.com\/blog\/2016\/02\/12\/saint-valentin\/#authorImage","url":"https:\/\/secure.gravatar.com\/avatar\/f8283cc8f0bd73ad8d4a00aade7fefd9b739f96e8a9e5f8fa202319c0962314e?s=96&d=identicon&r=g","width":96,"height":96,"caption":"admin"}},{"@type":"WebPage","@id":"https:\/\/www.patchwork-perles-broderies.com\/blog\/2016\/02\/12\/saint-valentin\/#webpage","url":"https:\/\/www.patchwork-perles-broderies.com\/blog\/2016\/02\/12\/saint-valentin\/","name":"Saint Valentin | Patchwork Perles et Broderies - Le Blog","description":"La Saint Valentin a introduit une ambiance festive dans ce mois de F\u00e9vrier g\u00e9n\u00e9ralement froid et plong\u00e9 dans la grisaille. Les cr\u00eapes ne sont plus qu'un souvenir et ce matin le temps est si mauvais que nous nous sommes tous entass\u00e9s autour de la chemin\u00e9e ( mes chiens, chats et moi) pour trouver un peu de","inLanguage":"fr-FR","isPartOf":{"@id":"https:\/\/www.patchwork-perles-broderies.com\/blog\/#website"},"breadcrumb":{"@id":"https:\/\/www.patchwork-perles-broderies.com\/blog\/2016\/02\/12\/saint-valentin\/#breadcrumblist"},"author":{"@id":"https:\/\/www.patchwork-perles-broderies.com\/blog\/author\/admin\/#author"},"creator":{"@id":"https:\/\/www.patchwork-perles-broderies.com\/blog\/author\/admin\/#author"},"datePublished":"2016-02-12T11:48:43+01:00","dateModified":"2016-02-12T11:51:22+01:00"},{"@type":"WebSite","@id":"https:\/\/www.patchwork-perles-broderies.com\/blog\/#website","url":"https:\/\/www.patchwork-perles-broderies.com\/blog\/","name":"Patchwork Perles et Broderies","description":"La Passion du Patch Orn\u00e9 ( Website : patchwork-perles-broderies.com )","inLanguage":"fr-FR","publisher":{"@id":"https:\/\/www.patchwork-perles-broderies.com\/blog\/#person"}}]},"og:locale":"fr_FR","og:site_name":"Patchwork Perles et Broderies - Le Blog |  La Passion du Patch Orn\u00e9 ( Website : patchwork-perles-broderies.com )","og:type":"article","og:title":"Saint Valentin | Patchwork Perles et Broderies - Le Blog","og:description":"La Saint Valentin a introduit une ambiance festive dans ce mois de F\u00e9vrier g\u00e9n\u00e9ralement froid et plong\u00e9 dans la grisaille. Les cr\u00eapes ne sont plus qu'un souvenir et ce matin le temps est si mauvais que nous nous sommes tous entass\u00e9s autour de la chemin\u00e9e ( mes chiens, chats et moi) pour trouver un peu de","og:url":"https:\/\/www.patchwork-perles-broderies.com\/blog\/2016\/02\/12\/saint-valentin\/","article:published_time":"2016-02-12T10:48:43+00:00","article:modified_time":"2016-02-12T10:51:22+00:00","twitter:card":"summary","twitter:title":"Saint Valentin | Patchwork Perles et Broderies - Le Blog","twitter:description":"La Saint Valentin a introduit une ambiance festive dans ce mois de F\u00e9vrier g\u00e9n\u00e9ralement froid et plong\u00e9 dans la grisaille. Les cr\u00eapes ne sont plus qu'un souvenir et ce matin le temps est si mauvais que nous nous sommes tous entass\u00e9s autour de la chemin\u00e9e ( mes chiens, chats et moi) pour trouver un peu de"},"aioseo_meta_data":{"post_id":"3139","title":"Saint Valentin | #site_title","description":null,"keywords":[{"label":"Saint Valentin","value":"Saint Valentin"},{"label":"Valentine Day","value":"Valentine Day"},{"label":"Coeurs","value":"Coeurs"},{"label":"noeud d'amour","value":"noeud d'amour"},{"label":"Lovers knot","value":"Lovers knot"}],"keyphrases":null,"primary_term":null,"canonical_url":null,"og_title":null,"og_description":null,"og_object_type":"default","og_image_type":"default","og_image_url":null,"og_image_width":null,"og_image_height":null,"og_image_custom_url":null,"og_image_custom_fields":null,"og_video":null,"og_custom_url":null,"og_article_section":null,"og_article_tags":null,"twitter_use_og":false,"twitter_card":"default","twitter_image_type":"default","twitter_image_url":null,"twitter_image_custom_url":null,"twitter_image_custom_fields":null,"twitter_title":null,"twitter_description":null,"schema":{"blockGraphs":[],"customGraphs":[],"default":{"data":{"Article":[],"Course":[],"Dataset":[],"FAQPage":[],"Movie":[],"Person":[],"Product":[],"ProductReview":[],"Car":[],"Recipe":[],"Service":[],"SoftwareApplication":[],"WebPage":[]},"graphName":"","isEnabled":true},"graphs":[]},"schema_type":null,"schema_type_options":null,"pillar_content":false,"robots_default":true,"robots_noindex":false,"robots_noarchive":false,"robots_nosnippet":false,"robots_nofollow":false,"robots_noimageindex":false,"robots_noodp":false,"robots_notranslate":false,"robots_max_snippet":null,"robots_max_videopreview":null,"robots_max_imagepreview":"large","priority":null,"frequency":null,"location":null,"local_seo":null,"breadcrumb_settings":null,"limit_modified_date":false,"ai":null,"created":"2021-01-22 11:25:19","updated":"2025-06-28 22:10:58","focus_keyword":null,"additional_keywords":null,"truseo_locale":null,"seo_analyzer_scan_date":null},"aioseo_breadcrumb":"<div class=\"aioseo-breadcrumbs\"><span class=\"aioseo-breadcrumb\">\n\t\t\t<a href=\"https:\/\/www.patchwork-perles-broderies.com\/blog\" title=\"Accueil\">Accueil<\/a>\n\t\t<\/span><span class=\"aioseo-breadcrumb-separator\">&raquo;<\/span><span class=\"aioseo-breadcrumb\">\n\t\t\t<a href=\"https:\/\/www.patchwork-perles-broderies.com\/blog\/category\/fetes\/\" title=\"F\u00eates\">F\u00eates<\/a>\n\t\t<\/span><span class=\"aioseo-breadcrumb-separator\">&raquo;<\/span><span class=\"aioseo-breadcrumb\">\n\t\t\tSaint Valentin\n\t\t<\/span><\/div>","aioseo_breadcrumb_json":[{"label":"Accueil","link":"https:\/\/www.patchwork-perles-broderies.com\/blog"},{"label":"F\u00eates","link":"https:\/\/www.patchwork-perles-broderies.com\/blog\/category\/fetes\/"},{"label":"Saint Valentin","link":"https:\/\/www.patchwork-perles-broderies.com\/blog\/2016\/02\/12\/saint-valentin\/"}],"_links":{"self":[{"href":"https:\/\/www.patchwork-perles-broderies.com\/blog\/wp-json\/wp\/v2\/posts\/3139","targetHints":{"allow":["GET"]}}],"collection":[{"href":"https:\/\/www.patchwork-perles-broderies.com\/blog\/wp-json\/wp\/v2\/posts"}],"about":[{"href":"https:\/\/www.patchwork-perles-broderies.com\/blog\/wp-json\/wp\/v2\/types\/post"}],"author":[{"embeddable":true,"href":"https:\/\/www.patchwork-perles-broderies.com\/blog\/wp-json\/wp\/v2\/users\/1"}],"replies":[{"embeddable":true,"href":"https:\/\/www.patchwork-perles-broderies.com\/blog\/wp-json\/wp\/v2\/comments?post=3139"}],"version-history":[{"count":6,"href":"https:\/\/www.patchwork-perles-broderies.com\/blog\/wp-json\/wp\/v2\/posts\/3139\/revisions"}],"predecessor-version":[{"id":3154,"href":"https:\/\/www.patchwork-perles-broderies.com\/blog\/wp-json\/wp\/v2\/posts\/3139\/revisions\/3154"}],"wp:attachment":[{"href":"https:\/\/www.patchwork-perles-broderies.com\/blog\/wp-json\/wp\/v2\/media?parent=3139"}],"wp:term":[{"taxonomy":"category","embeddable":true,"href":"https:\/\/www.patchwork-perles-broderies.com\/blog\/wp-json\/wp\/v2\/categories?post=3139"},{"taxonomy":"post_tag","embeddable":true,"href":"https:\/\/www.patchwork-perles-broderies.com\/blog\/wp-json\/wp\/v2\/tags?post=3139"}],"curies":[{"name":"wp","href":"https:\/\/api.w.org\/{rel}","templated":true}]}}