{"id":3172,"date":"2016-02-27T12:07:37","date_gmt":"2016-02-27T11:07:37","guid":{"rendered":"http:\/\/www.patchwork-perles-broderies.com\/blog\/?p=3172"},"modified":"2016-02-27T12:08:21","modified_gmt":"2016-02-27T11:08:21","slug":"bermondsey-liberty-in-fashion-1","status":"publish","type":"post","link":"https:\/\/www.patchwork-perles-broderies.com\/blog\/2016\/02\/27\/bermondsey-liberty-in-fashion-1\/","title":{"rendered":"Bermondsey  Liberty in Fashion 1"},"content":{"rendered":"<p style=\"text-align: justify;\"><a href=\"http:\/\/www.patchwork-perles-broderies.com\/blog\/wp-content\/uploads\/2016\/02\/DSCF3188.gif\" rel=\"attachment wp-att-3173\"><img loading=\"lazy\" decoding=\"async\" class=\"alignleft size-medium wp-image-3173\" src=\"http:\/\/www.patchwork-perles-broderies.com\/blog\/wp-content\/uploads\/2016\/02\/DSCF3188-195x300.gif\" alt=\"Bermonsey Street\" width=\"195\" height=\"300\" srcset=\"https:\/\/www.patchwork-perles-broderies.com\/blog\/wp-content\/uploads\/2016\/02\/DSCF3188-195x300.gif 195w, https:\/\/www.patchwork-perles-broderies.com\/blog\/wp-content\/uploads\/2016\/02\/DSCF3188-768x1181.gif 768w, https:\/\/www.patchwork-perles-broderies.com\/blog\/wp-content\/uploads\/2016\/02\/DSCF3188-666x1024.gif 666w, https:\/\/www.patchwork-perles-broderies.com\/blog\/wp-content\/uploads\/2016\/02\/DSCF3188-600x922.gif 600w, https:\/\/www.patchwork-perles-broderies.com\/blog\/wp-content\/uploads\/2016\/02\/DSCF3188-624x959.gif 624w\" sizes=\"auto, (max-width: 195px) 100vw, 195px\" \/><\/a>Je reviens tout juste d&rsquo;un petit voyage \u00e0 Londres. Le temps a \u00e9t\u00e9 exceptionnellement ensoleill\u00e9 et doux ce qui donnait des envies de promenades. J&rsquo;ai donc combin\u00e9 mon d\u00e9sir d&rsquo;exploration et une exposition consacr\u00e9e \u00e0 \u00ab\u00a0Liberty in Fashion\u00a0\u00bb et j&rsquo;ai parcouru un quartier que je ne connaissais pas encore, Bermondsey.<\/p>\n<p>Bermondsey est un de ces quartiers tranquilles dont Londres a le secret, des ruelles anim\u00e9es avec leurs petits commerces ,des parcs o\u00f9 il fait bon de se reposer au soleil. Il avait \u00e9t\u00e9 compl\u00e8tement bombard\u00e9 pendant la guerre et les b\u00e2timents sont donc r\u00e9cents pour la plupart, reconstruits dans cette brique jaune si sp\u00e9cifique de Londres, et le quartier a retrouv\u00e9 une grande partie de son charme <!--more--><\/p>\n<p style=\"text-align: justify;\"><a href=\"http:\/\/www.patchwork-perles-broderies.com\/blog\/wp-content\/uploads\/2016\/02\/DSCF3215.gif\" rel=\"attachment wp-att-3177\"><img loading=\"lazy\" decoding=\"async\" class=\"aligncenter wp-image-3177 size-full\" src=\"http:\/\/www.patchwork-perles-broderies.com\/blog\/wp-content\/uploads\/2016\/02\/DSCF3215.gif\" alt=\"DSCF3215\" width=\"850\" height=\"479\" \/><\/a><\/p>\n<p style=\"text-align: justify;\"><a href=\"http:\/\/www.patchwork-perles-broderies.com\/blog\/wp-content\/uploads\/2016\/02\/DSCF3217.gif\" rel=\"attachment wp-att-3178\"><img loading=\"lazy\" decoding=\"async\" class=\"alignright wp-image-3178 size-medium\" src=\"http:\/\/www.patchwork-perles-broderies.com\/blog\/wp-content\/uploads\/2016\/02\/DSCF3217-169x300.gif\" alt=\"Bermondsey et le shard\" width=\"169\" height=\"300\" \/><\/a>Mais sa particularit\u00e9 est d&rsquo;\u00eatre nich\u00e9 contre la City\u00a0 et les b\u00e2timents d&rsquo;un modernisme agressif comme \u00ab\u00a0The Shard\u00a0\u00bb projettent leur ombre mena\u00e7ante et leur d\u00e9sir d&rsquo;envahir tout l&rsquo;espace.<\/p>\n<p style=\"text-align: justify;\">Le printemps est bien avanc\u00e9 l\u00e0 bas comme chez nous, tout fleurit. Et j&rsquo;ai pu assister \u00e0 un spectacle incroyable: des pigeons se gavaient tranquillement de miettes mises l\u00e0 par un promeneur et un \u00e9cureuil audacieux s&rsquo;amusait follement \u00e0 les leur voler. Il sautait dans tous les sens zig-zagait parmi les pigeons indiff\u00e9rents, grimpait soudain dans un arbre et revenait aussit\u00f4t. Je n&rsquo;ai\u00a0 pas pu vraiment l&rsquo;approcher car il \u00e9tait tr\u00e8s sauvage, et il allait si vite qu&rsquo;il \u00e9tait difficile \u00e0 saisir.<\/p>\n<table>\n<tbody>\n<tr>\n<td><a href=\"http:\/\/www.patchwork-perles-broderies.com\/blog\/wp-content\/uploads\/2016\/02\/DSCF3220.gif\" rel=\"attachment wp-att-3181\"><img loading=\"lazy\" decoding=\"async\" class=\"alignleft size-medium wp-image-3181\" src=\"http:\/\/www.patchwork-perles-broderies.com\/blog\/wp-content\/uploads\/2016\/02\/DSCF3220-300x202.gif\" alt=\"DSCF3220\" width=\"300\" height=\"202\" srcset=\"https:\/\/www.patchwork-perles-broderies.com\/blog\/wp-content\/uploads\/2016\/02\/DSCF3220-300x202.gif 300w, https:\/\/www.patchwork-perles-broderies.com\/blog\/wp-content\/uploads\/2016\/02\/DSCF3220-768x517.gif 768w, https:\/\/www.patchwork-perles-broderies.com\/blog\/wp-content\/uploads\/2016\/02\/DSCF3220-600x404.gif 600w, https:\/\/www.patchwork-perles-broderies.com\/blog\/wp-content\/uploads\/2016\/02\/DSCF3220-624x420.gif 624w\" sizes=\"auto, (max-width: 300px) 100vw, 300px\" \/><\/a><\/td>\n<td><a href=\"http:\/\/www.patchwork-perles-broderies.com\/blog\/wp-content\/uploads\/2016\/02\/DSCF3219.gif\" rel=\"attachment wp-att-3180\"><img loading=\"lazy\" decoding=\"async\" class=\"alignright size-medium wp-image-3180\" src=\"http:\/\/www.patchwork-perles-broderies.com\/blog\/wp-content\/uploads\/2016\/02\/DSCF3219-300x169.gif\" alt=\"DSCF3219\" width=\"300\" height=\"169\" srcset=\"https:\/\/www.patchwork-perles-broderies.com\/blog\/wp-content\/uploads\/2016\/02\/DSCF3219-300x169.gif 300w, https:\/\/www.patchwork-perles-broderies.com\/blog\/wp-content\/uploads\/2016\/02\/DSCF3219-768x433.gif 768w, https:\/\/www.patchwork-perles-broderies.com\/blog\/wp-content\/uploads\/2016\/02\/DSCF3219-600x338.gif 600w, https:\/\/www.patchwork-perles-broderies.com\/blog\/wp-content\/uploads\/2016\/02\/DSCF3219-624x352.gif 624w\" sizes=\"auto, (max-width: 300px) 100vw, 300px\" \/><\/a><\/td>\n<\/tr>\n<\/tbody>\n<\/table>\n<p style=\"text-align: justify;\">Ensuite je me suis dirig\u00e9e vers un petit mus\u00e9e dont j&rsquo;ignorais jusqu&rsquo;alors l&rsquo;existence, \u00ab\u00a0The Fashion and Textile Museum\u00a0\u00bb qui proposait une exposition consacr\u00e9e aux v\u00eatements Liberty.<br \/>\nIl n&rsquo;existe je pense aucune couturi\u00e8re qui n&rsquo;ait entendu parler un jour ou l&rsquo;autre des fameux tissus Liberty, ces merveilleux \u00ab\u00a0Tana Lawn \u00a0\u00bb aux motifs fleuris que l&rsquo;on reconnait du premier coup d&rsquo;oeil et qui ont enchant\u00e9 plusieurs g\u00e9n\u00e9rations de couturi\u00e8res .<br \/>\nL&rsquo;avantage de cette exposition est qu&rsquo;elle nous montre beaucoup plus que cela.<\/p>\n<div id=\"attachment_3175\" style=\"width: 577px\" class=\"wp-caption aligncenter\"><a href=\"http:\/\/www.patchwork-perles-broderies.com\/blog\/wp-content\/uploads\/2016\/02\/DSCF3190.gif\" rel=\"attachment wp-att-3175\"><img loading=\"lazy\" decoding=\"async\" aria-describedby=\"caption-attachment-3175\" class=\"wp-image-3175 size-full\" src=\"http:\/\/www.patchwork-perles-broderies.com\/blog\/wp-content\/uploads\/2016\/02\/DSCF3190.gif\" alt=\"manteau aux iris\" width=\"567\" height=\"1006\" \/><\/a><p id=\"caption-attachment-3175\" class=\"wp-caption-text\">une profusion d&rsquo;iris brod\u00e9s \u00e0 la main au pass\u00e9 plat<\/p><\/div>\n<p style=\"text-align: justify;\">L&rsquo;histoire de Liberty a commenc\u00e9 il y a 140 ans avec Arthur Lasenby Liberty\u00a0 qui ouvrit un entrep\u00f4t destin\u00e9 \u00e0 vendre des produits \u00e0 la mode\u00a0 provenant d&rsquo; extr\u00eame Orient et surtout du Japon. Mais son ambition \u00e9tait de cr\u00e9er un style qui distinguerait ses produits de ceux des autres. Et effectivement, tr\u00e8s rapidement il cr\u00e9a un style\u00a0 tr\u00e8s particulier au sein du milieu de la monde Britannique. Au d\u00e9but il important ses soies du Japon, puis tr\u00e8s vite il fabriqua ses propres tissus ce qui lui permit d&rsquo;imposer sa vision au monde de la mode et du tissu dans le monde entier.<\/p>\n<p style=\"text-align: justify;\">L&rsquo;exposition pr\u00e9sente quantit\u00e9 de cr\u00e9ations\u00a0 dont les plus anciennes remontent \u00e0 la fin du XIX\u00e8me si\u00e8cle. Peu de ces tissus \u00e0 fleurs que nous connaissons, mais une profusion de broderies, de perles et une cr\u00e9ativit\u00e9 \u00e9tonnante au niveau des styles.<br \/>\nJ&rsquo;ai pris des tas de photos ( sans flash c&rsquo;\u00e9tait interdit\u00a0 heureusement que mon appareil est tr\u00e8s bon) . En voici quelques unes je vous en pr\u00e9senterai davantage la semaine prochaine.<\/p>\n<p style=\"text-align: justify;\">Les v\u00eatements les plus anciens sont abondamment brod\u00e9s comme le voulait la mode de l&rsquo;\u00e9poque. Chaque ouvri\u00e8re pr\u00e9tendant \u00e0 l&#8217;embauche devait montrer ses talents de brodeuse en ex\u00e9cutant une \u00e9charpe&#8230;.<\/p>\n<div id=\"attachment_3176\" style=\"width: 577px\" class=\"wp-caption aligncenter\"><a href=\"http:\/\/www.patchwork-perles-broderies.com\/blog\/wp-content\/uploads\/2016\/02\/DSCF3191.gif\" rel=\"attachment wp-att-3176\"><img loading=\"lazy\" decoding=\"async\" aria-describedby=\"caption-attachment-3176\" class=\"size-full wp-image-3176\" src=\"http:\/\/www.patchwork-perles-broderies.com\/blog\/wp-content\/uploads\/2016\/02\/DSCF3191.gif\" alt=\"Veste brod\u00e9e\" width=\"567\" height=\"747\" \/><\/a><p id=\"caption-attachment-3176\" class=\"wp-caption-text\">De d\u00e9licates broderies cr\u00e8me animent la soie grise de la veste<\/p><\/div>\n<div id=\"attachment_3174\" style=\"width: 860px\" class=\"wp-caption aligncenter\"><a href=\"http:\/\/www.patchwork-perles-broderies.com\/blog\/wp-content\/uploads\/2016\/02\/DSCF3189.gif\" rel=\"attachment wp-att-3174\"><img loading=\"lazy\" decoding=\"async\" aria-describedby=\"caption-attachment-3174\" class=\"size-full wp-image-3174\" src=\"http:\/\/www.patchwork-perles-broderies.com\/blog\/wp-content\/uploads\/2016\/02\/DSCF3189.gif\" alt=\"fin XIX \u00e8me si\u00e8cle\" width=\"850\" height=\"479\" \/><\/a><p id=\"caption-attachment-3174\" class=\"wp-caption-text\">Le mouvement Esth\u00e9tique pr\u00f4nait une fa\u00e7on de s&rsquo;habiller fluide<\/p><\/div>\n","protected":false},"excerpt":{"rendered":"<p>Je reviens tout juste d&rsquo;un petit voyage \u00e0 Londres. Le temps a \u00e9t\u00e9 exceptionnellement ensoleill\u00e9 et doux ce qui donnait des envies de promenades. J&rsquo;ai donc combin\u00e9 mon d\u00e9sir d&rsquo;exploration et une exposition consacr\u00e9e \u00e0 \u00ab\u00a0Liberty in Fashion\u00a0\u00bb et j&rsquo;ai parcouru un quartier que je ne connaissais pas encore, Bermondsey. Bermondsey est un de ces [&hellip;]<\/p>\n","protected":false},"author":1,"featured_media":0,"comment_status":"open","ping_status":"open","sticky":false,"template":"","format":"standard","meta":{"footnotes":""},"categories":[226,1,228],"tags":[],"class_list":["post-3172","post","type-post","status-publish","format-standard","hentry","category-expositions","category-non-classe","category-tourisme"],"aioseo_notices":[],"_links":{"self":[{"href":"https:\/\/www.patchwork-perles-broderies.com\/blog\/wp-json\/wp\/v2\/posts\/3172","targetHints":{"allow":["GET"]}}],"collection":[{"href":"https:\/\/www.patchwork-perles-broderies.com\/blog\/wp-json\/wp\/v2\/posts"}],"about":[{"href":"https:\/\/www.patchwork-perles-broderies.com\/blog\/wp-json\/wp\/v2\/types\/post"}],"author":[{"embeddable":true,"href":"https:\/\/www.patchwork-perles-broderies.com\/blog\/wp-json\/wp\/v2\/users\/1"}],"replies":[{"embeddable":true,"href":"https:\/\/www.patchwork-perles-broderies.com\/blog\/wp-json\/wp\/v2\/comments?post=3172"}],"version-history":[{"count":2,"href":"https:\/\/www.patchwork-perles-broderies.com\/blog\/wp-json\/wp\/v2\/posts\/3172\/revisions"}],"predecessor-version":[{"id":3184,"href":"https:\/\/www.patchwork-perles-broderies.com\/blog\/wp-json\/wp\/v2\/posts\/3172\/revisions\/3184"}],"wp:attachment":[{"href":"https:\/\/www.patchwork-perles-broderies.com\/blog\/wp-json\/wp\/v2\/media?parent=3172"}],"wp:term":[{"taxonomy":"category","embeddable":true,"href":"https:\/\/www.patchwork-perles-broderies.com\/blog\/wp-json\/wp\/v2\/categories?post=3172"},{"taxonomy":"post_tag","embeddable":true,"href":"https:\/\/www.patchwork-perles-broderies.com\/blog\/wp-json\/wp\/v2\/tags?post=3172"}],"curies":[{"name":"wp","href":"https:\/\/api.w.org\/{rel}","templated":true}]}}