{"id":3187,"date":"2016-03-05T11:18:36","date_gmt":"2016-03-05T10:18:36","guid":{"rendered":"http:\/\/www.patchwork-perles-broderies.com\/blog\/?p=3187"},"modified":"2016-03-05T11:19:21","modified_gmt":"2016-03-05T10:19:21","slug":"liberty-in-fashion","status":"publish","type":"post","link":"https:\/\/www.patchwork-perles-broderies.com\/blog\/2016\/03\/05\/liberty-in-fashion\/","title":{"rendered":"Liberty in Fashion"},"content":{"rendered":"<p style=\"text-align: justify;\"><a href=\"http:\/\/www.patchwork-perles-broderies.com\/blog\/wp-content\/uploads\/2016\/03\/robe-e\u0301te\u0301.gif\" rel=\"attachment wp-att-3197\"><img loading=\"lazy\" decoding=\"async\" class=\"alignleft size-medium wp-image-3197\" src=\"http:\/\/www.patchwork-perles-broderies.com\/blog\/wp-content\/uploads\/2016\/03\/robe-e\u0301te\u0301-183x300.gif\" alt=\"_robe-e\u0301te\u0301\" width=\"183\" height=\"300\" srcset=\"https:\/\/www.patchwork-perles-broderies.com\/blog\/wp-content\/uploads\/2016\/03\/robe-e\u0301te\u0301-183x300.gif 183w, https:\/\/www.patchwork-perles-broderies.com\/blog\/wp-content\/uploads\/2016\/03\/robe-e\u0301te\u0301-768x1262.gif 768w, https:\/\/www.patchwork-perles-broderies.com\/blog\/wp-content\/uploads\/2016\/03\/robe-e\u0301te\u0301-623x1024.gif 623w, https:\/\/www.patchwork-perles-broderies.com\/blog\/wp-content\/uploads\/2016\/03\/robe-e\u0301te\u0301-600x986.gif 600w, https:\/\/www.patchwork-perles-broderies.com\/blog\/wp-content\/uploads\/2016\/03\/robe-e\u0301te\u0301-624x1026.gif 624w\" sizes=\"auto, (max-width: 183px) 100vw, 183px\" \/><\/a>Je vous avais promis davantage de photos de l&rsquo;exposition qu&rsquo;avait organis\u00e9 le Mus\u00e9e du Textile et de la Mode pour f\u00eater le 140 \u00e8me anniversaire de la cr\u00e9ation de la maison Liberty.<\/p>\n<p style=\"text-align: justify;\">Elles ne sont pas fameuses, il est tr\u00e8s difficile de photographier correctement une exposition en raison des \u00e9clairages artificiels et des panneaux de verre qui prot\u00e8gent souvent les tissus. De plus le flash \u00e9tait interdit comme je vous l&rsquo;ai dit ce qui rendait les choses plus difficiles encore.<br \/>\nJ&rsquo;esp\u00e8re n\u00e9anmoins que\u00a0 cela vous donnera une id\u00e9e des merveilles qu&rsquo;on pouvait voir.<!--more--><\/p>\n<p style=\"text-align: justify;\">Les robes \u00e9taient pr\u00e9sent\u00e9es plus ou moins par ordre chronologique et la semaine derni\u00e8re vous avez vu les plus anciennes. J&rsquo;y ajouterai cette extraordinaire robe en lam\u00e9 avec des broderies sur tulle m&rsquo;a-t-il sembl\u00e9. Je dois dire que j&rsquo;adore les robes de cette \u00e9poque, leur sophistication, l&rsquo;incroyable cr\u00e9ativit\u00e9 dont t\u00e9moignaient les couturiers (en France nous avions Poiret pour concevoir ce genre de robe.)<\/p>\n<p style=\"text-align: justify;\"><a href=\"http:\/\/www.patchwork-perles-broderies.com\/blog\/wp-content\/uploads\/2016\/03\/robe-lame\u0301.gif\" rel=\"attachment wp-att-3199\"><img loading=\"lazy\" decoding=\"async\" class=\"size-large wp-image-3199 aligncenter\" src=\"http:\/\/www.patchwork-perles-broderies.com\/blog\/wp-content\/uploads\/2016\/03\/robe-lame\u0301-577x1024.gif\" alt=\"robe-lame\u0301\" width=\"577\" height=\"1024\" srcset=\"https:\/\/www.patchwork-perles-broderies.com\/blog\/wp-content\/uploads\/2016\/03\/robe-lame\u0301-577x1024.gif 577w, https:\/\/www.patchwork-perles-broderies.com\/blog\/wp-content\/uploads\/2016\/03\/robe-lame\u0301-169x300.gif 169w, https:\/\/www.patchwork-perles-broderies.com\/blog\/wp-content\/uploads\/2016\/03\/robe-lame\u0301-768x1363.gif 768w, https:\/\/www.patchwork-perles-broderies.com\/blog\/wp-content\/uploads\/2016\/03\/robe-lame\u0301-600x1065.gif 600w, https:\/\/www.patchwork-perles-broderies.com\/blog\/wp-content\/uploads\/2016\/03\/robe-lame\u0301-624x1108.gif 624w\" sizes=\"auto, (max-width: 577px) 100vw, 577px\" \/><\/a><br \/>\nIl y avait aussi plusieurs robes d&rsquo;enfants en tissu uni abondamment orn\u00e9 de smocks. L&rsquo;art des smocks s&rsquo;est bien perdu aujourd&rsquo;hui, pourtant \u00e7a permettait de faire des choses ravissantes, je me souviens avoir fait des robes \u00e0 smocks pour mes filles c&rsquo;\u00e9tait bien amusant \u00e0 faire et le r\u00e9sultat \u00e9tait spectaculaire .<\/p>\n<p style=\"text-align: justify;\"><a href=\"http:\/\/www.patchwork-perles-broderies.com\/blog\/wp-content\/uploads\/2016\/03\/robe-a\u0300-smocks.gif\" rel=\"attachment wp-att-3194\"><img loading=\"lazy\" decoding=\"async\" class=\"aligncenter size-large wp-image-3194\" src=\"http:\/\/www.patchwork-perles-broderies.com\/blog\/wp-content\/uploads\/2016\/03\/robe-a\u0300-smocks-694x1024.gif\" alt=\"robe-a\u0300-smocks\" width=\"625\" height=\"922\" srcset=\"https:\/\/www.patchwork-perles-broderies.com\/blog\/wp-content\/uploads\/2016\/03\/robe-a\u0300-smocks-694x1024.gif 694w, https:\/\/www.patchwork-perles-broderies.com\/blog\/wp-content\/uploads\/2016\/03\/robe-a\u0300-smocks-203x300.gif 203w, https:\/\/www.patchwork-perles-broderies.com\/blog\/wp-content\/uploads\/2016\/03\/robe-a\u0300-smocks-768x1133.gif 768w, https:\/\/www.patchwork-perles-broderies.com\/blog\/wp-content\/uploads\/2016\/03\/robe-a\u0300-smocks-600x885.gif 600w, https:\/\/www.patchwork-perles-broderies.com\/blog\/wp-content\/uploads\/2016\/03\/robe-a\u0300-smocks-624x921.gif 624w\" sizes=\"auto, (max-width: 625px) 100vw, 625px\" \/><\/a><a href=\"http:\/\/www.patchwork-perles-broderies.com\/blog\/wp-content\/uploads\/2016\/03\/robe-a\u0300-smocks2.gif\" rel=\"attachment wp-att-3195\"><img loading=\"lazy\" decoding=\"async\" class=\"aligncenter size-large wp-image-3195\" src=\"http:\/\/www.patchwork-perles-broderies.com\/blog\/wp-content\/uploads\/2016\/03\/robe-a\u0300-smocks2-552x1024.gif\" alt=\"robe-a\u0300-smocks2\" width=\"552\" height=\"1024\" srcset=\"https:\/\/www.patchwork-perles-broderies.com\/blog\/wp-content\/uploads\/2016\/03\/robe-a\u0300-smocks2-552x1024.gif 552w, https:\/\/www.patchwork-perles-broderies.com\/blog\/wp-content\/uploads\/2016\/03\/robe-a\u0300-smocks2-162x300.gif 162w, https:\/\/www.patchwork-perles-broderies.com\/blog\/wp-content\/uploads\/2016\/03\/robe-a\u0300-smocks2-768x1424.gif 768w, https:\/\/www.patchwork-perles-broderies.com\/blog\/wp-content\/uploads\/2016\/03\/robe-a\u0300-smocks2-600x1112.gif 600w, https:\/\/www.patchwork-perles-broderies.com\/blog\/wp-content\/uploads\/2016\/03\/robe-a\u0300-smocks2-624x1157.gif 624w\" sizes=\"auto, (max-width: 552px) 100vw, 552px\" \/><\/a><\/p>\n<p style=\"text-align: justify;\"><a href=\"http:\/\/www.patchwork-perles-broderies.com\/blog\/wp-content\/uploads\/2016\/03\/souliersjpg.gif\" rel=\"attachment wp-att-3200\"><img loading=\"lazy\" decoding=\"async\" class=\"alignleft wp-image-3200 size-thumbnail\" src=\"http:\/\/www.patchwork-perles-broderies.com\/blog\/wp-content\/uploads\/2016\/03\/souliersjpg-150x150.gif\" alt=\"escarpins Liberty\" width=\"150\" height=\"150\" \/><\/a>Une bonne partie des robes \u00e9taient r\u00e9alis\u00e9es avec les Tana Lawn floraux qui symbolisent le Liberty pour la plupart d&rsquo;entre nous. Il y avait m\u00eame un \u00e9tonnant complet pour homme r\u00e9alis\u00e9 dans un imprim\u00e9 bleu et aussi quelques paires de chaussures&#8230;<\/p>\n<p style=\"text-align: justify;\"><a href=\"http:\/\/www.patchwork-perles-broderies.com\/blog\/wp-content\/uploads\/2016\/03\/costume-homme.gif\" rel=\"attachment wp-att-3188\"><img loading=\"lazy\" decoding=\"async\" class=\"aligncenter size-full wp-image-3188\" src=\"http:\/\/www.patchwork-perles-broderies.com\/blog\/wp-content\/uploads\/2016\/03\/costume-homme.gif\" alt=\"costume-homme Liberty\" width=\"787\" height=\"1015\" \/><\/a><\/p>\n<p style=\"text-align: justify;\">Mais ce qui m&rsquo;a enthousiasm\u00e9e c&rsquo;est la vari\u00e9t\u00e9 des coupes . Comme le Liberty se d\u00e9clinait dans une s\u00e9rie de motifs de tailles tr\u00e8s diff\u00e9rentes mais de coloris harmonis\u00e9s les couturiers s&rsquo;en sont donn\u00e9 \u00e0 coeur joie: jupes dont tous les panneaux sont faits de tissus diff\u00e9rents, incrustations, dentelles.\u00a0 La plupart des mod\u00e8les \u00e9taient si frais et donnaient une telle impression de confort et de l\u00e9g\u00e8ret\u00e9 qu&rsquo;on avait envie de les rev\u00eatir sur le champ et de partir se promener au soleil?<\/p>\n<p style=\"text-align: justify;\"><a href=\"http:\/\/www.patchwork-perles-broderies.com\/blog\/wp-content\/uploads\/2016\/03\/volantsjpg.gif\" rel=\"attachment wp-att-3201\"><img loading=\"lazy\" decoding=\"async\" class=\"aligncenter size-large wp-image-3201\" src=\"http:\/\/www.patchwork-perles-broderies.com\/blog\/wp-content\/uploads\/2016\/03\/volantsjpg-644x1024.gif\" alt=\"volantsjpg\" width=\"625\" height=\"994\" srcset=\"https:\/\/www.patchwork-perles-broderies.com\/blog\/wp-content\/uploads\/2016\/03\/volantsjpg-644x1024.gif 644w, https:\/\/www.patchwork-perles-broderies.com\/blog\/wp-content\/uploads\/2016\/03\/volantsjpg-189x300.gif 189w, https:\/\/www.patchwork-perles-broderies.com\/blog\/wp-content\/uploads\/2016\/03\/volantsjpg-768x1221.gif 768w, https:\/\/www.patchwork-perles-broderies.com\/blog\/wp-content\/uploads\/2016\/03\/volantsjpg-600x954.gif 600w, https:\/\/www.patchwork-perles-broderies.com\/blog\/wp-content\/uploads\/2016\/03\/volantsjpg-624x992.gif 624w\" sizes=\"auto, (max-width: 625px) 100vw, 625px\" \/><\/a><\/p>\n<p style=\"text-align: justify;\"><a href=\"http:\/\/www.patchwork-perles-broderies.com\/blog\/wp-content\/uploads\/2016\/03\/smock-adulte.gif\" rel=\"attachment wp-att-3196\"><img loading=\"lazy\" decoding=\"async\" class=\"alignleft size-full wp-image-3196\" src=\"http:\/\/www.patchwork-perles-broderies.com\/blog\/wp-content\/uploads\/2016\/03\/smock-adulte.gif\" alt=\"smocks-adulte\" width=\"787\" height=\"1397\" \/><\/a><\/p>\n<p style=\"text-align: justify;\"><a href=\"http:\/\/www.patchwork-perles-broderies.com\/blog\/wp-content\/uploads\/2016\/03\/jupe-panneaux.gif\" rel=\"attachment wp-att-3193\"><img loading=\"lazy\" decoding=\"async\" class=\"aligncenter size-full wp-image-3193\" src=\"http:\/\/www.patchwork-perles-broderies.com\/blog\/wp-content\/uploads\/2016\/03\/jupe-panneaux.gif\" alt=\"jupe-panneaux Liberty\" width=\"787\" height=\"1045\" \/><\/a><a href=\"http:\/\/www.patchwork-perles-broderies.com\/blog\/wp-content\/uploads\/2016\/03\/robe-volant.gif\" rel=\"attachment wp-att-3203\"><img loading=\"lazy\" decoding=\"async\" class=\"aligncenter size-large wp-image-3203\" src=\"http:\/\/www.patchwork-perles-broderies.com\/blog\/wp-content\/uploads\/2016\/03\/robe-volant-716x1024.gif\" alt=\"incrustations et volants\" width=\"625\" height=\"894\" srcset=\"https:\/\/www.patchwork-perles-broderies.com\/blog\/wp-content\/uploads\/2016\/03\/robe-volant-716x1024.gif 716w, https:\/\/www.patchwork-perles-broderies.com\/blog\/wp-content\/uploads\/2016\/03\/robe-volant-210x300.gif 210w, https:\/\/www.patchwork-perles-broderies.com\/blog\/wp-content\/uploads\/2016\/03\/robe-volant-768x1099.gif 768w, https:\/\/www.patchwork-perles-broderies.com\/blog\/wp-content\/uploads\/2016\/03\/robe-volant-600x858.gif 600w, https:\/\/www.patchwork-perles-broderies.com\/blog\/wp-content\/uploads\/2016\/03\/robe-volant-624x893.gif 624w\" sizes=\"auto, (max-width: 625px) 100vw, 625px\" \/><\/a>Une salle enti\u00e8re \u00e9tait consacr\u00e9e \u00e0 la \u00ab\u00a0technique\u00a0\u00bb. On y pr\u00e9sentait quantit\u00e9 d&rsquo;\u00e9chantillons pour montrer la diversit\u00e9 des tissus\u00a0 Liberty. C&rsquo;\u00e9tait d&rsquo;autant plus int\u00e9ressant qu&rsquo;on ignore souvent que la marque a produit bien plus que des tissus \u00e0 fleurs, des ramages, de l&rsquo;abstrait etc&#8230;<br \/>\nPartout il y avait des panneaux explicatifs tr\u00e8s bien faits, d\u00e9taillant la provenance des robes, l&rsquo;histoire des stylistes qui ont cr\u00e9\u00e9 les tissus et les mod\u00e8les.<\/p>\n<p style=\"text-align: justify;\"><a href=\"http:\/\/www.patchwork-perles-broderies.com\/blog\/wp-content\/uploads\/2016\/03\/De\u0301chantillons.gif\" rel=\"attachment wp-att-3189\"><img loading=\"lazy\" decoding=\"async\" class=\"aligncenter size-full wp-image-3189\" src=\"http:\/\/www.patchwork-perles-broderies.com\/blog\/wp-content\/uploads\/2016\/03\/De\u0301chantillons.gif\" alt=\"Echantillons Liberty\" width=\"787\" height=\"1216\" \/><\/a><a href=\"http:\/\/www.patchwork-perles-broderies.com\/blog\/wp-content\/uploads\/2016\/03\/e\u0301chantillons1jpg.gif\" rel=\"attachment wp-att-3191\"><img loading=\"lazy\" decoding=\"async\" class=\"aligncenter size-full wp-image-3191\" src=\"http:\/\/www.patchwork-perles-broderies.com\/blog\/wp-content\/uploads\/2016\/03\/e\u0301chantillons1jpg.gif\" alt=\"echantillonsLiberty abstraits\" width=\"787\" height=\"1189\" \/><\/a><\/p>\n<p><a href=\"http:\/\/www.patchwork-perles-broderies.com\/blog\/wp-content\/uploads\/2016\/03\/journal100-ans.gif\" rel=\"attachment wp-att-3192\"><img loading=\"lazy\" decoding=\"async\" class=\"alignleft size-medium wp-image-3192\" src=\"http:\/\/www.patchwork-perles-broderies.com\/blog\/wp-content\/uploads\/2016\/03\/journal100-ans-300x169.gif\" alt=\"journal100-ans Liberty\" width=\"300\" height=\"169\" srcset=\"https:\/\/www.patchwork-perles-broderies.com\/blog\/wp-content\/uploads\/2016\/03\/journal100-ans-300x169.gif 300w, https:\/\/www.patchwork-perles-broderies.com\/blog\/wp-content\/uploads\/2016\/03\/journal100-ans-768x432.gif 768w, https:\/\/www.patchwork-perles-broderies.com\/blog\/wp-content\/uploads\/2016\/03\/journal100-ans-1024x576.gif 1024w, https:\/\/www.patchwork-perles-broderies.com\/blog\/wp-content\/uploads\/2016\/03\/journal100-ans-600x337.gif 600w, https:\/\/www.patchwork-perles-broderies.com\/blog\/wp-content\/uploads\/2016\/03\/journal100-ans-624x351.gif 624w\" sizes=\"auto, (max-width: 300px) 100vw, 300px\" \/><\/a>Naturellement le centi\u00e8me anniversaire de la firme avait donn\u00e9 lieu \u00e0 de grandes festivit\u00e9s qui avaient trouv\u00e9 un \u00e9cho jusqu&rsquo;en France comme en t\u00e9moigne ce journal pr\u00e9sent\u00e9 dans une vitrine.<\/p>\n<p>Bref une tr\u00e8s belle exposition qui h\u00e9las vient de se terminer. D\u00e9sormais je sens que je vais suivre ce que fait ce mus\u00e9e tr\u00e8s int\u00e9ressant et si peu connu encore. Il m\u00e9rite de le d\u00e9tour.<\/p>\n","protected":false},"excerpt":{"rendered":"<p>Je vous avais promis davantage de photos de l&rsquo;exposition qu&rsquo;avait organis\u00e9 le Mus\u00e9e du Textile et de la Mode pour f\u00eater le 140 \u00e8me anniversaire de la cr\u00e9ation de la maison Liberty. Elles ne sont pas fameuses, il est tr\u00e8s difficile de photographier correctement une exposition en raison des \u00e9clairages artificiels et des panneaux de [&hellip;]<\/p>\n","protected":false},"author":1,"featured_media":0,"comment_status":"open","ping_status":"open","sticky":false,"template":"","format":"standard","meta":{"footnotes":""},"categories":[226],"tags":[],"class_list":["post-3187","post","type-post","status-publish","format-standard","hentry","category-expositions"],"aioseo_notices":[],"_links":{"self":[{"href":"https:\/\/www.patchwork-perles-broderies.com\/blog\/wp-json\/wp\/v2\/posts\/3187","targetHints":{"allow":["GET"]}}],"collection":[{"href":"https:\/\/www.patchwork-perles-broderies.com\/blog\/wp-json\/wp\/v2\/posts"}],"about":[{"href":"https:\/\/www.patchwork-perles-broderies.com\/blog\/wp-json\/wp\/v2\/types\/post"}],"author":[{"embeddable":true,"href":"https:\/\/www.patchwork-perles-broderies.com\/blog\/wp-json\/wp\/v2\/users\/1"}],"replies":[{"embeddable":true,"href":"https:\/\/www.patchwork-perles-broderies.com\/blog\/wp-json\/wp\/v2\/comments?post=3187"}],"version-history":[{"count":3,"href":"https:\/\/www.patchwork-perles-broderies.com\/blog\/wp-json\/wp\/v2\/posts\/3187\/revisions"}],"predecessor-version":[{"id":3206,"href":"https:\/\/www.patchwork-perles-broderies.com\/blog\/wp-json\/wp\/v2\/posts\/3187\/revisions\/3206"}],"wp:attachment":[{"href":"https:\/\/www.patchwork-perles-broderies.com\/blog\/wp-json\/wp\/v2\/media?parent=3187"}],"wp:term":[{"taxonomy":"category","embeddable":true,"href":"https:\/\/www.patchwork-perles-broderies.com\/blog\/wp-json\/wp\/v2\/categories?post=3187"},{"taxonomy":"post_tag","embeddable":true,"href":"https:\/\/www.patchwork-perles-broderies.com\/blog\/wp-json\/wp\/v2\/tags?post=3187"}],"curies":[{"name":"wp","href":"https:\/\/api.w.org\/{rel}","templated":true}]}}