{"id":3246,"date":"2016-04-05T09:12:25","date_gmt":"2016-04-05T08:12:25","guid":{"rendered":"http:\/\/www.patchwork-perles-broderies.com\/blog\/?p=3246"},"modified":"2016-04-05T09:36:06","modified_gmt":"2016-04-05T08:36:06","slug":"exposition-du-patrimoine","status":"publish","type":"post","link":"https:\/\/www.patchwork-perles-broderies.com\/blog\/2016\/04\/05\/exposition-du-patrimoine\/","title":{"rendered":"Exposition du patrimoine"},"content":{"rendered":"<p style=\"text-align: justify;\"><a href=\"http:\/\/www.patchwork-perles-broderies.com\/blog\/wp-content\/uploads\/2016\/04\/DSCF3395.gif\" rel=\"attachment wp-att-3247\"><img loading=\"lazy\" decoding=\"async\" class=\"alignleft size-medium wp-image-3247\" src=\"http:\/\/www.patchwork-perles-broderies.com\/blog\/wp-content\/uploads\/2016\/04\/DSCF3395-191x300.gif\" alt=\"Centre culturel de Roques\" width=\"191\" height=\"300\" srcset=\"https:\/\/www.patchwork-perles-broderies.com\/blog\/wp-content\/uploads\/2016\/04\/DSCF3395-191x300.gif 191w, https:\/\/www.patchwork-perles-broderies.com\/blog\/wp-content\/uploads\/2016\/04\/DSCF3395-768x1208.gif 768w, https:\/\/www.patchwork-perles-broderies.com\/blog\/wp-content\/uploads\/2016\/04\/DSCF3395-651x1024.gif 651w, https:\/\/www.patchwork-perles-broderies.com\/blog\/wp-content\/uploads\/2016\/04\/DSCF3395-600x944.gif 600w, https:\/\/www.patchwork-perles-broderies.com\/blog\/wp-content\/uploads\/2016\/04\/DSCF3395-624x982.gif 624w\" sizes=\"auto, (max-width: 191px) 100vw, 191px\" \/><\/a>L&rsquo;autre jour je suis all\u00e9e \u00e0 Roques admirer l&rsquo;exposition organis\u00e9e par la d\u00e9l\u00e9gation sur le th\u00e8me du patrimoine. Une salle superbe mise \u00e0 disposition par la mairie de Roques, abritait 69 ouvrages de grande qualit\u00e9. Tous avaient \u00e9t\u00e9 faits avec soin et amour pour d\u00e9crire le patrimoine de notre r\u00e9gion. La plupart des broderies avaient \u00e9t\u00e9 faites \u00e0 la main et d\u00e9crivaient nos monuments, nos clochers murs, nos pigeonniers.<br \/>\nUn seul b\u00e9mol: les murs ocr\u00e9s qui accentuaient l&rsquo;effet de la lumi\u00e8re artificielle&#8230;.. mes photos sont bien mauvaises dans l&rsquo;ensemble et je n&rsquo;ai pu en sauver que quelques unes.<\/p>\n<p style=\"text-align: justify;\"><!--more--><\/p>\n<p style=\"text-align: justify;\"><em>Trois\u00a0pi\u00e8ces tr\u00e8s \u00e9tonnantes:<\/em> \u00a0deux tableautins consacr\u00e9s \u00e0 la comtesse de S\u00e9gur et \u00e0 ses petites filles mod\u00e8les. je n&rsquo;avais jamais r\u00e9alis\u00e9 que le ch\u00e2teau de Villaret o\u00f9 elles ont v\u00e9cu \u00e9tait dans notre r\u00e9gion. Et elles sont enterr\u00e9es dans le cimeti\u00e8re de Verfeil.<\/p>\n<p style=\"text-align: justify;\"><a href=\"http:\/\/www.patchwork-perles-broderies.com\/blog\/wp-content\/uploads\/2016\/04\/DSCF3405.gif\" rel=\"attachment wp-att-3252\"><img loading=\"lazy\" decoding=\"async\" class=\"aligncenter size-full wp-image-3252\" src=\"http:\/\/www.patchwork-perles-broderies.com\/blog\/wp-content\/uploads\/2016\/04\/DSCF3405.gif\" alt=\"Les petites filles mod\u00e8les\" width=\"567\" height=\"690\" \/><\/a><\/p>\n<p style=\"text-align: justify;\">Un quilt \u00e9tonnant consacr\u00e9 \u00e0 Paule de Viguier \u00a0\u00ab\u00a0la belle Paule\u00a0\u00bbc\u00e9l\u00e8br\u00e9e au XVI\u00e8me si\u00e8cle pour sa beaut\u00e9 et immortalis\u00e9e par le peintre Henri Rachou dans la salle des illustres du Capitole.<\/p>\n<p style=\"text-align: justify;\"><a href=\"http:\/\/www.patchwork-perles-broderies.com\/blog\/wp-content\/uploads\/2016\/04\/DSCF3418.gif\" rel=\"attachment wp-att-3254\"><img loading=\"lazy\" decoding=\"async\" class=\"aligncenter size-full wp-image-3254\" src=\"http:\/\/www.patchwork-perles-broderies.com\/blog\/wp-content\/uploads\/2016\/04\/DSCF3418.gif\" alt=\"La Belle Paule\" width=\"567\" height=\"910\" \/><\/a><\/p>\n<p style=\"text-align: justify;\">Un quilt &#8211; le seul ex\u00e9cut\u00e9 par un homme- consacr\u00e9 au mus\u00e9um d&rsquo;histoire naturelle avec de tr\u00e8s belles broderies d&rsquo;insectes. Pour ma part j&rsquo;aurais pr\u00e9f\u00e9r\u00e9 qu&rsquo;il n&rsquo;ait pas de bordure et que l&rsquo;oeil reste fix\u00e9 sur ces insectes dont je ne soup\u00e7onnais pas qu&rsquo;ils seraient aussi d\u00e9coratifs. La photo h\u00e9las \u00e9tait atroce et je ne peux pas l&rsquo;ins\u00e9rer dans cet article.<\/p>\n<p style=\"text-align: justify;\"><a href=\"http:\/\/www.patchwork-perles-broderies.com\/blog\/wp-content\/uploads\/2016\/04\/DSCF3406.gif\" rel=\"attachment wp-att-3253\"><img loading=\"lazy\" decoding=\"async\" class=\"aligncenter size-full wp-image-3253\" src=\"http:\/\/www.patchwork-perles-broderies.com\/blog\/wp-content\/uploads\/2016\/04\/DSCF3406.gif\" alt=\"Pigeonniers\" width=\"567\" height=\"720\" \/><\/a><a href=\"http:\/\/www.patchwork-perles-broderies.com\/blog\/wp-content\/uploads\/2016\/04\/DSCF3402-1.gif\" rel=\"attachment wp-att-3257\"><img loading=\"lazy\" decoding=\"async\" class=\"aligncenter wp-image-3257 size-full\" src=\"http:\/\/www.patchwork-perles-broderies.com\/blog\/wp-content\/uploads\/2016\/04\/DSCF3402-1.gif\" alt=\"Maz\u00e8res\" width=\"567\" height=\"713\" \/><\/a><a href=\"http:\/\/www.patchwork-perles-broderies.com\/blog\/wp-content\/uploads\/2016\/04\/DSCF3402.gif\" rel=\"attachment wp-att-3250\"><br \/>\n<\/a><br \/>\n<a href=\"http:\/\/www.patchwork-perles-broderies.com\/blog\/wp-content\/uploads\/2016\/04\/DSCF3398.gif\" rel=\"attachment wp-att-3249\"><img loading=\"lazy\" decoding=\"async\" class=\"aligncenter size-full wp-image-3249\" src=\"http:\/\/www.patchwork-perles-broderies.com\/blog\/wp-content\/uploads\/2016\/04\/DSCF3398.gif\" alt=\"Roques sur Garonne\" width=\"567\" height=\"593\" \/><\/a><a href=\"http:\/\/www.patchwork-perles-broderies.com\/blog\/wp-content\/uploads\/2016\/04\/DSCF3397.gif\" rel=\"attachment wp-att-3248\"><img loading=\"lazy\" decoding=\"async\" class=\"aligncenter size-full wp-image-3248\" src=\"http:\/\/www.patchwork-perles-broderies.com\/blog\/wp-content\/uploads\/2016\/04\/DSCF3397.gif\" alt=\"DSCF3397\" width=\"567\" height=\"599\" \/><\/a><br \/>\nDifficile de choisir entre toutes ces pi\u00e8ces si jolies. Je m&rsquo;en suis donc tenue \u00e0 celles que la photo avait \u00e9pargn\u00e9es ou presque&#8230; Mais surtout ne manquez pas d&rsquo;aller visiter le centre culturel de Roques et d&rsquo;admirer les quilts pr\u00e9sent\u00e9s.<\/p>\n<p style=\"text-align: justify;\">Pour ma part j&rsquo;avais fait ce patch. Il ne r\u00e9pondait pas aux r\u00e8gles fix\u00e9es sauf par la taille mais Katell a eu la gentillesse de l&rsquo;accepter. Il c\u00e9l\u00e8bre \u00ab\u00a0La Ligne\u00a0\u00bb cette ligne a\u00e9ropostale Paris Dakar r\u00eav\u00e9e par Pierre Lat\u00e9co\u00e8re et r\u00e9alis\u00e9e\u00a0gr\u00e2ce \u00e0 l&rsquo;organisation\u00a0 de Didier Daurat, au travail de fourmi fourni par les m\u00e9caniciens et personnels au sol et au courage fou des dizaines de pilotes qui ont assur\u00e9 la liaison au p\u00e9ril de leur vie&#8230;. des dizaines ayant perdu\u00a0cette vie pour que vive la Ligne.<\/p>\n<p style=\"text-align: justify;\"><a href=\"http:\/\/www.patchwork-perles-broderies.com\/blog\/wp-content\/uploads\/2016\/04\/La-Ligne.gif\" rel=\"attachment wp-att-3255\"><img loading=\"lazy\" decoding=\"async\" class=\"aligncenter size-full wp-image-3255\" src=\"http:\/\/www.patchwork-perles-broderies.com\/blog\/wp-content\/uploads\/2016\/04\/La-Ligne.gif\" alt=\"La-Ligne\" width=\"787\" height=\"799\" \/><\/a><\/p>\n","protected":false},"excerpt":{"rendered":"<p>L&rsquo;autre jour je suis all\u00e9e \u00e0 Roques admirer l&rsquo;exposition organis\u00e9e par la d\u00e9l\u00e9gation sur le th\u00e8me du patrimoine. Une salle superbe mise \u00e0 disposition par la mairie de Roques, abritait 69 ouvrages de grande qualit\u00e9. Tous avaient \u00e9t\u00e9 faits avec soin et amour pour d\u00e9crire le patrimoine de notre r\u00e9gion. La plupart des broderies avaient [&hellip;]<\/p>\n","protected":false},"author":1,"featured_media":0,"comment_status":"open","ping_status":"open","sticky":false,"template":"","format":"standard","meta":{"footnotes":""},"categories":[226],"tags":[],"class_list":["post-3246","post","type-post","status-publish","format-standard","hentry","category-expositions"],"aioseo_notices":[],"_links":{"self":[{"href":"https:\/\/www.patchwork-perles-broderies.com\/blog\/wp-json\/wp\/v2\/posts\/3246","targetHints":{"allow":["GET"]}}],"collection":[{"href":"https:\/\/www.patchwork-perles-broderies.com\/blog\/wp-json\/wp\/v2\/posts"}],"about":[{"href":"https:\/\/www.patchwork-perles-broderies.com\/blog\/wp-json\/wp\/v2\/types\/post"}],"author":[{"embeddable":true,"href":"https:\/\/www.patchwork-perles-broderies.com\/blog\/wp-json\/wp\/v2\/users\/1"}],"replies":[{"embeddable":true,"href":"https:\/\/www.patchwork-perles-broderies.com\/blog\/wp-json\/wp\/v2\/comments?post=3246"}],"version-history":[{"count":8,"href":"https:\/\/www.patchwork-perles-broderies.com\/blog\/wp-json\/wp\/v2\/posts\/3246\/revisions"}],"predecessor-version":[{"id":3264,"href":"https:\/\/www.patchwork-perles-broderies.com\/blog\/wp-json\/wp\/v2\/posts\/3246\/revisions\/3264"}],"wp:attachment":[{"href":"https:\/\/www.patchwork-perles-broderies.com\/blog\/wp-json\/wp\/v2\/media?parent=3246"}],"wp:term":[{"taxonomy":"category","embeddable":true,"href":"https:\/\/www.patchwork-perles-broderies.com\/blog\/wp-json\/wp\/v2\/categories?post=3246"},{"taxonomy":"post_tag","embeddable":true,"href":"https:\/\/www.patchwork-perles-broderies.com\/blog\/wp-json\/wp\/v2\/tags?post=3246"}],"curies":[{"name":"wp","href":"https:\/\/api.w.org\/{rel}","templated":true}]}}