{"id":3347,"date":"2016-06-02T20:40:34","date_gmt":"2016-06-02T19:40:34","guid":{"rendered":"http:\/\/www.patchwork-perles-broderies.com\/blog\/?p=3347"},"modified":"2016-06-02T20:40:34","modified_gmt":"2016-06-02T19:40:34","slug":"le-hangar-aux-tissus","status":"publish","type":"post","link":"https:\/\/www.patchwork-perles-broderies.com\/blog\/2016\/06\/02\/le-hangar-aux-tissus\/","title":{"rendered":"Le Hangar aux Tissus"},"content":{"rendered":"<p style=\"text-align: justify;\"><a href=\"http:\/\/www.patchwork-perles-broderies.com\/blog\/wp-content\/uploads\/2016\/06\/on-entre.gif\" rel=\"attachment wp-att-3353\"><img loading=\"lazy\" decoding=\"async\" class=\"alignleft size-medium wp-image-3353\" src=\"http:\/\/www.patchwork-perles-broderies.com\/blog\/wp-content\/uploads\/2016\/06\/on-entre-300x225.gif\" alt=\"on-entre\" width=\"300\" height=\"225\" \/><\/a>Nous sommes all\u00e9es passer quelques jours \u00e0 Port Leucate et , bien entendu il y avait au programme une exp\u00e9dition \u00e0 Perpignan pour visiter les magasins de tissu. Nous n\u2019en avons que quelques placards pleins \u00e0 la maison et il \u00e9tait donc urgent de nous approvisionner.<\/p>\n<p style=\"text-align: justify;\">Une amie nous avait donn\u00e9 les adresses \u00e0 visiter mais je ne m\u2019attendais pas \u00e0 la merveilleuse surprise que nous a r\u00e9serv\u00e9 le \u00ab\u00a0hangar aux tissus\u00a0\u00bb.<\/p>\n<p style=\"text-align: justify;\"><a href=\"http:\/\/www.patchwork-perles-broderies.com\/blog\/wp-content\/uploads\/2016\/06\/le-hangar.gif\" rel=\"attachment wp-att-3357\"><img loading=\"lazy\" decoding=\"async\" class=\"aligncenter wp-image-3357\" src=\"http:\/\/www.patchwork-perles-broderies.com\/blog\/wp-content\/uploads\/2016\/06\/le-hangar.gif\" alt=\"le-hangar\" width=\"567\" height=\"426\" \/><\/a>Il est perdu \u00e0 Pia au fond d\u2019une rue r\u00e9sidentielle de l\u2019espace du polygone et nous pensions avoir mal suivi les instructions lorsqu\u2019enfin nous sommes tomb\u00e9es sur une petite plaque annon\u00e7ant sa pr\u00e9sence.<\/p>\n<p style=\"text-align: justify;\"><a href=\"http:\/\/www.patchwork-perles-broderies.com\/blog\/wp-content\/uploads\/2016\/06\/la-chienne.gif\" rel=\"attachment wp-att-3351\"><img loading=\"lazy\" decoding=\"async\" class=\"alignleft size-medium wp-image-3351\" src=\"http:\/\/www.patchwork-perles-broderies.com\/blog\/wp-content\/uploads\/2016\/06\/la-chienne-300x204.gif\" alt=\"la-chienne\" width=\"300\" height=\"204\" srcset=\"https:\/\/www.patchwork-perles-broderies.com\/blog\/wp-content\/uploads\/2016\/06\/la-chienne-300x204.gif 300w, https:\/\/www.patchwork-perles-broderies.com\/blog\/wp-content\/uploads\/2016\/06\/la-chienne-768x522.gif 768w, https:\/\/www.patchwork-perles-broderies.com\/blog\/wp-content\/uploads\/2016\/06\/la-chienne-600x408.gif 600w, https:\/\/www.patchwork-perles-broderies.com\/blog\/wp-content\/uploads\/2016\/06\/la-chienne-624x424.gif 624w\" sizes=\"auto, (max-width: 300px) 100vw, 300px\" \/><\/a>Une impasse \u00e9troite, un portail ouvert sur une grande cour, un hangar tout simple sans vitrine all\u00e9chante. Nous avons \u00e9t\u00e9 gentiment accueillies par la petite chienne de la maison qui est venu nous faire ses amiti\u00e9s et nous a conduit jusqu\u2019\u00e0 l\u2019entr\u00e9e. Et lorsque nous avons\u00a0 franchi le seuil, nous avons eu le souffle coup\u00e9.<\/p>\n<p style=\"text-align: justify;\"><a href=\"http:\/\/www.patchwork-perles-broderies.com\/blog\/wp-content\/uploads\/2016\/06\/lentr\u00e9e.gif\" rel=\"attachment wp-att-3350\"><img loading=\"lazy\" decoding=\"async\" class=\"aligncenter size-full wp-image-3350\" src=\"http:\/\/www.patchwork-perles-broderies.com\/blog\/wp-content\/uploads\/2016\/06\/lentr\u00e9e.gif\" alt=\"l'entr\u00e9e\" width=\"567\" height=\"756\" \/><\/a><a href=\"http:\/\/www.patchwork-perles-broderies.com\/blog\/wp-content\/uploads\/2016\/06\/vue-densemble.gif\" rel=\"attachment wp-att-3356\"><img loading=\"lazy\" decoding=\"async\" class=\"aligncenter wp-image-3356\" src=\"http:\/\/www.patchwork-perles-broderies.com\/blog\/wp-content\/uploads\/2016\/06\/vue-densemble.gif\" alt=\"vue-d'ensemble\" width=\"650\" height=\"488\" \/><\/a>L\u2019espace est gigantesque, je pense qu\u2019on pourrait presque y loger un terrain de foot et les tissus s\u2019amonc\u00e8lent , d\u00e9goulinent jusqu\u2019au sol dans une profusion de rouleaux, de drap\u00e9s , une orgie de couleurs et de dessins. Des lam\u00e9s, des vichys, des lainages, beaucoup de tissus d\u2019ameublement bien s\u00fbr, mais aussi de ces velours et de ces chintz qui deviennent introuvables ainsi qu\u2019un tr\u00e8s honorable rayon patchwork pour les inconditionnelles.<\/p>\n<p style=\"text-align: justify;\"><a href=\"http:\/\/www.patchwork-perles-broderies.com\/blog\/wp-content\/uploads\/2016\/06\/rouleaux.gif\" rel=\"attachment wp-att-3354\"><img loading=\"lazy\" decoding=\"async\" class=\"aligncenter size-full wp-image-3354\" src=\"http:\/\/www.patchwork-perles-broderies.com\/blog\/wp-content\/uploads\/2016\/06\/rouleaux.gif\" alt=\"rouleaux\" width=\"567\" height=\"756\" \/><\/a><a href=\"http:\/\/www.patchwork-perles-broderies.com\/blog\/wp-content\/uploads\/2016\/06\/une-all\u00e9e.gif\" rel=\"attachment wp-att-3355\"><img loading=\"lazy\" decoding=\"async\" class=\"aligncenter size-full wp-image-3355\" src=\"http:\/\/www.patchwork-perles-broderies.com\/blog\/wp-content\/uploads\/2016\/06\/une-all\u00e9e.gif\" alt=\"une-all\u00e9e\" width=\"567\" height=\"756\" \/><\/a><a href=\"http:\/\/www.patchwork-perles-broderies.com\/blog\/wp-content\/uploads\/2016\/06\/c\u00f4t\u00e9-patch.gif\" rel=\"attachment wp-att-3349\"><img loading=\"lazy\" decoding=\"async\" class=\"aligncenter wp-image-3349\" src=\"http:\/\/www.patchwork-perles-broderies.com\/blog\/wp-content\/uploads\/2016\/06\/c\u00f4t\u00e9-patch.gif\" alt=\"c\u00f4t\u00e9-patch\" width=\"567\" height=\"426\" \/><\/a>Et comme un terrain de foot c&rsquo;est trop petit, il y avait aussi une autre salle, de dimensions plus modestes mais tout aussi pleine.<\/p>\n<p style=\"text-align: justify;\"><a href=\"http:\/\/www.patchwork-perles-broderies.com\/blog\/wp-content\/uploads\/2016\/06\/chintz.gif\" rel=\"attachment wp-att-3348\"><img loading=\"lazy\" decoding=\"async\" class=\"aligncenter size-full wp-image-3348\" src=\"http:\/\/www.patchwork-perles-broderies.com\/blog\/wp-content\/uploads\/2016\/06\/chintz.gif\" alt=\"chintz\" width=\"850\" height=\"638\" \/><\/a><br \/>\nNous avons eu droit \u00e0 un accueil chaleureux mais\u00a0 les propri\u00e9taires de ce lieu magique nous ont laiss\u00e9 nous promener en toute libert\u00e9 avant de nous servir tr\u00e8s vite d\u00e9s que nous en avons manifest\u00e9 le d\u00e9sir.<\/p>\n<p style=\"text-align: justify;\">On aurait pu passer des heures \u00e0 tout regarder de pr\u00e8s, on se serait invent\u00e9 des choses \u00e0 faire pour pouvoir acqu\u00e9rir l\u2019un ou l\u2019autre de ces tissus de qualit\u00e9 irr\u00e9prochable pour des prix tr\u00e8s abordables.<\/p>\n<p>Nous sommes parties \u00e0 regret, mais je sens que je vais trouver des raisons de revenir \u00e0 Perpignan.<\/p>\n","protected":false},"excerpt":{"rendered":"<p>Nous sommes all\u00e9es passer quelques jours \u00e0 Port Leucate et , bien entendu il y avait au programme une exp\u00e9dition \u00e0 Perpignan pour visiter les magasins de tissu. Nous n\u2019en avons que quelques placards pleins \u00e0 la maison et il \u00e9tait donc urgent de nous approvisionner. Une amie nous avait donn\u00e9 les adresses \u00e0 visiter [&hellip;]<\/p>\n","protected":false},"author":1,"featured_media":0,"comment_status":"open","ping_status":"open","sticky":false,"template":"","format":"standard","meta":{"footnotes":""},"categories":[228],"tags":[],"class_list":["post-3347","post","type-post","status-publish","format-standard","hentry","category-tourisme"],"aioseo_notices":[],"_links":{"self":[{"href":"https:\/\/www.patchwork-perles-broderies.com\/blog\/wp-json\/wp\/v2\/posts\/3347","targetHints":{"allow":["GET"]}}],"collection":[{"href":"https:\/\/www.patchwork-perles-broderies.com\/blog\/wp-json\/wp\/v2\/posts"}],"about":[{"href":"https:\/\/www.patchwork-perles-broderies.com\/blog\/wp-json\/wp\/v2\/types\/post"}],"author":[{"embeddable":true,"href":"https:\/\/www.patchwork-perles-broderies.com\/blog\/wp-json\/wp\/v2\/users\/1"}],"replies":[{"embeddable":true,"href":"https:\/\/www.patchwork-perles-broderies.com\/blog\/wp-json\/wp\/v2\/comments?post=3347"}],"version-history":[{"count":1,"href":"https:\/\/www.patchwork-perles-broderies.com\/blog\/wp-json\/wp\/v2\/posts\/3347\/revisions"}],"predecessor-version":[{"id":3358,"href":"https:\/\/www.patchwork-perles-broderies.com\/blog\/wp-json\/wp\/v2\/posts\/3347\/revisions\/3358"}],"wp:attachment":[{"href":"https:\/\/www.patchwork-perles-broderies.com\/blog\/wp-json\/wp\/v2\/media?parent=3347"}],"wp:term":[{"taxonomy":"category","embeddable":true,"href":"https:\/\/www.patchwork-perles-broderies.com\/blog\/wp-json\/wp\/v2\/categories?post=3347"},{"taxonomy":"post_tag","embeddable":true,"href":"https:\/\/www.patchwork-perles-broderies.com\/blog\/wp-json\/wp\/v2\/tags?post=3347"}],"curies":[{"name":"wp","href":"https:\/\/api.w.org\/{rel}","templated":true}]}}