{"id":3360,"date":"2016-06-17T09:36:39","date_gmt":"2016-06-17T08:36:39","guid":{"rendered":"http:\/\/www.patchwork-perles-broderies.com\/blog\/?p=3360"},"modified":"2016-06-17T09:37:39","modified_gmt":"2016-06-17T08:37:39","slug":"rangements","status":"publish","type":"post","link":"https:\/\/www.patchwork-perles-broderies.com\/blog\/2016\/06\/17\/rangements\/","title":{"rendered":"Rangements"},"content":{"rendered":"<p style=\"text-align: justify;\">J&rsquo;ai \u00e9t\u00e9 bien absente du blog et Fb me fait remarquer chaque jour que je ne donne pas de nouvelles! Ce n&rsquo;est pas que je ne pense pas \u00e0 vous, mais je travaille trop. L&rsquo;article sur les Osages est boucl\u00e9 et devrait para\u00eetre dans le num\u00e9ro de Septembre de la Pratique du Patchwork. Il sera accompagn\u00e9 par un \u00ab\u00a0pas \u00e0 pas\u00a0\u00bb, une petite pochette destin\u00e9e \u00e0 vous permettre d&rsquo;exp\u00e9rimenter la technique.<\/p>\n<p style=\"text-align: justify;\">Le livre que j&rsquo;\u00e9cris sur le sujet est \u00e0 moiti\u00e9 \u00e9crit et devrait para\u00eetre &#8211; si tout va bien en m\u00eame temps que l&rsquo;article ou presque.<\/p>\n<p style=\"text-align: justify;\">Pour me vider la t\u00eate entre deux patch j&rsquo;ai d\u00e9cid\u00e9 de faire des rangements. Le rangement des quilt est un th\u00e8me r\u00e9current sur les blogs et j&rsquo;ai pens\u00e9 que \u00e7a vous amuserait de voir la solution que j&rsquo;ai adopt\u00e9e.<br \/>\nLorsqu&rsquo;on plie les patch pendant longtemps la mousse\u00a0finit par se casser \u00e0 l&rsquo;endroit du pli et c&rsquo;est difficilement r\u00e9versible. Pendant longtemps je les\u00a0ai donc stock\u00e9s\u00a0\u00e0 plat sur le lit de la chambre d&rsquo;amis ce qui m&rsquo;obligeait \u00e0 tout virer lorsque quelqu&rsquo;un venait dormir chez moi ou simplement lorsque je voulais en r\u00e9cup\u00e9rer un pour une raison ou pour une autre.<br \/>\nEt puis un jour lors d&rsquo;une visite chez Emma\u00fcs je suis tomb\u00e9e en arr\u00eat devant un superbe lit mezzanine. Il avait le double avantage d&rsquo;\u00eatre robuste et haut (pratiquement 2 m). Nous l&rsquo;avons donc mont\u00e9 dans un coin du grenier, j&rsquo;ai ajout\u00e9 une barre lat\u00e9rale interm\u00e9diaire \u00e0 1,50m \u00a0et j&rsquo;ai achet\u00e9 des barres en bois pour suspendre les patchs&#8230;<br \/>\nEn jouant sur les rambardes et la barre suppl\u00e9mentaire je dispose de 4 hauteurs de rangements diff\u00e9rentes. Il m&rsquo;a fallu \u00e9quiper les patch d&rsquo;anneaux de suspension mais je crois que le r\u00e9sultat en vaut la peine. Il est bien plus facile de retrouver la pi\u00e8ce dont j&rsquo;ai besoin. Il faut simplement que je trouve le temps un jour de fabriquer un \u00ab\u00a0to\u00eet\u00a0\u00bb pour les prot\u00e9ger de la poussi\u00e8re.<\/p>\n<p style=\"text-align: justify;\"><a href=\"http:\/\/www.patchwork-perles-broderies.com\/blog\/wp-content\/uploads\/2016\/06\/DSCF0105.gif\" rel=\"attachment wp-att-3363\"><img loading=\"lazy\" decoding=\"async\" class=\"aligncenter size-full wp-image-3363\" src=\"http:\/\/www.patchwork-perles-broderies.com\/blog\/wp-content\/uploads\/2016\/06\/DSCF0105.gif\" alt=\"rangement de face\" width=\"850\" height=\"961\" \/><\/a><\/p>\n<p style=\"text-align: justify;\"><a href=\"http:\/\/www.patchwork-perles-broderies.com\/blog\/wp-content\/uploads\/2016\/06\/DSCF0106.gif\" rel=\"attachment wp-att-3364\"><img loading=\"lazy\" decoding=\"async\" class=\"aligncenter size-full wp-image-3364\" src=\"http:\/\/www.patchwork-perles-broderies.com\/blog\/wp-content\/uploads\/2016\/06\/DSCF0106.gif\" alt=\"rangement dec\u00f4t\u00e9\" width=\"709\" height=\"937\" \/><\/a><\/p>\n","protected":false},"excerpt":{"rendered":"<p>J&rsquo;ai \u00e9t\u00e9 bien absente du blog et Fb me fait remarquer chaque jour que je ne donne pas de nouvelles! Ce n&rsquo;est pas que je ne pense pas \u00e0 vous, mais je travaille trop. L&rsquo;article sur les Osages est boucl\u00e9 et devrait para\u00eetre dans le num\u00e9ro de Septembre de la Pratique du Patchwork. Il sera [&hellip;]<\/p>\n","protected":false},"author":1,"featured_media":0,"comment_status":"open","ping_status":"open","sticky":false,"template":"","format":"standard","meta":{"footnotes":""},"categories":[1],"tags":[],"class_list":["post-3360","post","type-post","status-publish","format-standard","hentry","category-non-classe"],"aioseo_notices":[],"_links":{"self":[{"href":"https:\/\/www.patchwork-perles-broderies.com\/blog\/wp-json\/wp\/v2\/posts\/3360","targetHints":{"allow":["GET"]}}],"collection":[{"href":"https:\/\/www.patchwork-perles-broderies.com\/blog\/wp-json\/wp\/v2\/posts"}],"about":[{"href":"https:\/\/www.patchwork-perles-broderies.com\/blog\/wp-json\/wp\/v2\/types\/post"}],"author":[{"embeddable":true,"href":"https:\/\/www.patchwork-perles-broderies.com\/blog\/wp-json\/wp\/v2\/users\/1"}],"replies":[{"embeddable":true,"href":"https:\/\/www.patchwork-perles-broderies.com\/blog\/wp-json\/wp\/v2\/comments?post=3360"}],"version-history":[{"count":4,"href":"https:\/\/www.patchwork-perles-broderies.com\/blog\/wp-json\/wp\/v2\/posts\/3360\/revisions"}],"predecessor-version":[{"id":3367,"href":"https:\/\/www.patchwork-perles-broderies.com\/blog\/wp-json\/wp\/v2\/posts\/3360\/revisions\/3367"}],"wp:attachment":[{"href":"https:\/\/www.patchwork-perles-broderies.com\/blog\/wp-json\/wp\/v2\/media?parent=3360"}],"wp:term":[{"taxonomy":"category","embeddable":true,"href":"https:\/\/www.patchwork-perles-broderies.com\/blog\/wp-json\/wp\/v2\/categories?post=3360"},{"taxonomy":"post_tag","embeddable":true,"href":"https:\/\/www.patchwork-perles-broderies.com\/blog\/wp-json\/wp\/v2\/tags?post=3360"}],"curies":[{"name":"wp","href":"https:\/\/api.w.org\/{rel}","templated":true}]}}