{"id":3504,"date":"2016-09-30T15:27:57","date_gmt":"2016-09-30T14:27:57","guid":{"rendered":"http:\/\/www.patchwork-perles-broderies.com\/blog\/?p=3504"},"modified":"2016-09-30T15:29:48","modified_gmt":"2016-09-30T14:29:48","slug":"pour-les-bebes","status":"publish","type":"post","link":"https:\/\/www.patchwork-perles-broderies.com\/blog\/2016\/09\/30\/pour-les-bebes\/","title":{"rendered":"Pour les b\u00e9b\u00e9s"},"content":{"rendered":"<p>Bonjour<\/p>\n<p>J&rsquo;ai \u00e9t\u00e9 un peu surbook\u00e9e ces temps ci. Il me fallait terminer l&rsquo;article et le pas \u00e0 pas pour le num\u00e9ro de D\u00e9cembre de la Pratique du patchwork.<br \/>\nL&rsquo;article est consacr\u00e9 aux blocs cr\u00e9\u00e9s pour les femmes de Pr\u00e9sidents am\u00e9ricains. J&rsquo;aurais aim\u00e9 m&rsquo;\u00e9tendre davantage sur la vie de ces femmes vraiment extraordinaires mais l&rsquo;espace \u00e9tait limit\u00e9.<br \/>\nLe pas \u00e0 pas vous permettra de continuer avec les bandes Osages. cette fois il s&rsquo;agit d&rsquo;un sac. J&rsquo;esp\u00e8re que tout cela vous plaira.<\/p>\n<p>Et j&rsquo;ai d\u00fb aussi pr\u00e9voir \u00a0trois quilts de b\u00e9b\u00e9\u00a0.<\/p>\n<p>J&rsquo;ai utilis\u00e9 les imprim\u00e9s de Michael Miller ce qui m&rsquo;a permis de faire des choses simples qui font beaucoup d&rsquo;effet.<\/p>\n<p>Deux\u00a0\u00a0tapis d&rsquo;\u00e9veil ( on n&rsquo;ose plus dire tapis de parc pour ne pas \u00eatre trait\u00e9 de bourreau d&rsquo;enfant hihi):<\/p>\n<p>Une ambiance marine et romantique avec les imprim\u00e9s de Michael. Comme le tapis mesure 1m\/1m les morceaux de l&rsquo;\u00e9toile g\u00e9ante sont tr\u00e8s grands et on peut la r\u00e9aliser en un apr\u00e8s midi.<\/p>\n<div id=\"attachment_3508\" style=\"width: 560px\" class=\"wp-caption aligncenter\"><img loading=\"lazy\" decoding=\"async\" aria-describedby=\"caption-attachment-3508\" class=\"size-full wp-image-3508\" src=\"http:\/\/www.patchwork-perles-broderies.com\/blog\/wp-content\/uploads\/2016\/09\/\u00e9toile-marine.gif\" alt=\"Des tissus &quot;marin&quot; de Michael Miller\" width=\"550\" height=\"551\" \/><p id=\"caption-attachment-3508\" class=\"wp-caption-text\">Des tissus \u00ab\u00a0marin\u00a0\u00bb de Michael Miller<\/p><\/div>\n<p>Un autre patch bien plus color\u00e9 avec un imprim\u00e9 de jungle ( bien que je ne sois pas s\u00fbre qu&rsquo;il y ait des paons dans la jungle). La bande est faite aussi avec un imprim\u00e9 qui\u00a0donne sans peine l&rsquo;impression qu&rsquo;on a assembl\u00e9 les centaines de petits triangles des arcs de cercle.<\/p>\n<div id=\"attachment_3510\" style=\"width: 560px\" class=\"wp-caption aligncenter\"><img loading=\"lazy\" decoding=\"async\" aria-describedby=\"caption-attachment-3510\" class=\"wp-image-3510\" src=\"http:\/\/www.patchwork-perles-broderies.com\/blog\/wp-content\/uploads\/2016\/09\/lions.gif\" alt=\"Une ambiance Jungle\" width=\"550\" height=\"551\" \/><p id=\"caption-attachment-3510\" class=\"wp-caption-text\">Une ambiance Jungle<\/p><\/div>\n<p>Le plus \u00e9labor\u00e9 est destin\u00e9 \u00e0 mettre en valeur un des imprim\u00e9s r\u00e9tro de Michael consacr\u00e9 aux cow boys. Le tissu imprim\u00e9 de fer \u00e0 cheval \u00a0temp\u00e8re l&rsquo;exub\u00e9rance \u00a0du r\u00e9tro. Le tout est mont\u00e9 \u00e0 l&rsquo;aide du traditionnel \u00a0\u00bb garden Maze\u00a0\u00bb ( Labyrinthe de jardin)<\/p>\n<div id=\"attachment_3509\" style=\"width: 560px\" class=\"wp-caption aligncenter\"><img loading=\"lazy\" decoding=\"async\" aria-describedby=\"caption-attachment-3509\" class=\"wp-image-3509\" src=\"http:\/\/www.patchwork-perles-broderies.com\/blog\/wp-content\/uploads\/2016\/09\/garden-maze.gif\" alt=\"Des barri\u00e8res pour les champs des Cow boys\" width=\"550\" height=\"567\" \/><p id=\"caption-attachment-3509\" class=\"wp-caption-text\">Des barri\u00e8res pour les champs des Cow boys<\/p><\/div>\n<p>Aujourd&rsquo;hui c&rsquo;est fini et je prend un petit moment pour partager tout cela avec vous.<\/p>\n","protected":false},"excerpt":{"rendered":"<p>Bonjour J&rsquo;ai \u00e9t\u00e9 un peu surbook\u00e9e ces temps ci. Il me fallait terminer l&rsquo;article et le pas \u00e0 pas pour le num\u00e9ro de D\u00e9cembre de la Pratique du patchwork. L&rsquo;article est consacr\u00e9 aux blocs cr\u00e9\u00e9s pour les femmes de Pr\u00e9sidents am\u00e9ricains. J&rsquo;aurais aim\u00e9 m&rsquo;\u00e9tendre davantage sur la vie de ces femmes vraiment extraordinaires mais l&rsquo;espace [&hellip;]<\/p>\n","protected":false},"author":1,"featured_media":0,"comment_status":"open","ping_status":"open","sticky":false,"template":"","format":"standard","meta":{"footnotes":""},"categories":[12],"tags":[],"class_list":["post-3504","post","type-post","status-publish","format-standard","hentry","category-quilts"],"aioseo_notices":[],"aioseo_head":"\n\t\t<!-- All in One SEO 5.0.1.1 - aioseo.com -->\n\t<meta name=\"description\" content=\"Des tapis d&#039;\u00e9veil avec les tissus de Michael Miller\" \/>\n\t<meta name=\"robots\" content=\"max-image-preview:large\" \/>\n\t<meta name=\"author\" content=\"admin\"\/>\n\t<link rel=\"canonical\" href=\"https:\/\/www.patchwork-perles-broderies.com\/blog\/2016\/09\/30\/pour-les-bebes\/\" \/>\n\t<meta name=\"generator\" content=\"All in One SEO (AIOSEO) 5.0.1.1\" \/>\n\t\t<meta property=\"og:locale\" content=\"fr_FR\" \/>\n\t\t<meta property=\"og:site_name\" content=\"Patchwork Perles et Broderies - Le Blog |  La Passion du Patch Orn\u00e9 ( Website : patchwork-perles-broderies.com )\" \/>\n\t\t<meta property=\"og:type\" content=\"article\" \/>\n\t\t<meta property=\"og:title\" content=\"Pour les b\u00e9b\u00e9s | Patchwork Perles et Broderies - Le Blog\" \/>\n\t\t<meta property=\"og:description\" content=\"Des tapis d&#039;\u00e9veil avec les tissus de Michael Miller\" \/>\n\t\t<meta property=\"og:url\" content=\"https:\/\/www.patchwork-perles-broderies.com\/blog\/2016\/09\/30\/pour-les-bebes\/\" \/>\n\t\t<meta property=\"article:published_time\" content=\"2016-09-30T14:27:57+00:00\" \/>\n\t\t<meta property=\"article:modified_time\" content=\"2016-09-30T14:29:48+00:00\" \/>\n\t\t<meta name=\"twitter:card\" content=\"summary\" \/>\n\t\t<meta name=\"twitter:title\" content=\"Pour les b\u00e9b\u00e9s | Patchwork Perles et Broderies - Le Blog\" \/>\n\t\t<meta name=\"twitter:description\" content=\"Des tapis d&#039;\u00e9veil avec les tissus de Michael Miller\" \/>\n\t\t<script type=\"application\/ld+json\" class=\"aioseo-schema\">\n\t\t\t{\"@context\":\"https:\\\/\\\/schema.org\",\"@graph\":[{\"@type\":\"Article\",\"@id\":\"https:\\\/\\\/www.patchwork-perles-broderies.com\\\/blog\\\/2016\\\/09\\\/30\\\/pour-les-bebes\\\/#article\",\"name\":\"Pour les b\\u00e9b\\u00e9s | Patchwork Perles et Broderies - Le Blog\",\"headline\":\"Pour les b\\u00e9b\\u00e9s\",\"author\":{\"@id\":\"https:\\\/\\\/www.patchwork-perles-broderies.com\\\/blog\\\/author\\\/admin\\\/#author\"},\"publisher\":{\"@id\":\"https:\\\/\\\/www.patchwork-perles-broderies.com\\\/blog\\\/#person\"},\"image\":{\"@type\":\"ImageObject\",\"url\":\"https:\\\/\\\/www.patchwork-perles-broderies.com\\\/blog\\\/wp-content\\\/uploads\\\/2016\\\/09\\\/\\u00e9toile-marine.gif\",\"@id\":\"https:\\\/\\\/www.patchwork-perles-broderies.com\\\/blog\\\/2016\\\/09\\\/30\\\/pour-les-bebes\\\/#articleImage\",\"width\":550,\"height\":551,\"caption\":\"Des tissus \\\"marin\\\" de Michael Miller\"},\"datePublished\":\"2016-09-30T15:27:57+01:00\",\"dateModified\":\"2016-09-30T15:29:48+01:00\",\"inLanguage\":\"fr-FR\",\"commentCount\":5,\"mainEntityOfPage\":{\"@id\":\"https:\\\/\\\/www.patchwork-perles-broderies.com\\\/blog\\\/2016\\\/09\\\/30\\\/pour-les-bebes\\\/#webpage\"},\"isPartOf\":{\"@id\":\"https:\\\/\\\/www.patchwork-perles-broderies.com\\\/blog\\\/2016\\\/09\\\/30\\\/pour-les-bebes\\\/#webpage\"},\"articleSection\":\"Quilts\"},{\"@type\":\"BreadcrumbList\",\"@id\":\"https:\\\/\\\/www.patchwork-perles-broderies.com\\\/blog\\\/2016\\\/09\\\/30\\\/pour-les-bebes\\\/#breadcrumblist\",\"itemListElement\":[{\"@type\":\"ListItem\",\"@id\":\"https:\\\/\\\/www.patchwork-perles-broderies.com\\\/blog#listItem\",\"position\":1,\"name\":\"Accueil\",\"item\":\"https:\\\/\\\/www.patchwork-perles-broderies.com\\\/blog\",\"nextItem\":{\"@type\":\"ListItem\",\"@id\":\"https:\\\/\\\/www.patchwork-perles-broderies.com\\\/blog\\\/category\\\/quilts\\\/#listItem\",\"name\":\"Quilts\"}},{\"@type\":\"ListItem\",\"@id\":\"https:\\\/\\\/www.patchwork-perles-broderies.com\\\/blog\\\/category\\\/quilts\\\/#listItem\",\"position\":2,\"name\":\"Quilts\",\"item\":\"https:\\\/\\\/www.patchwork-perles-broderies.com\\\/blog\\\/category\\\/quilts\\\/\",\"nextItem\":{\"@type\":\"ListItem\",\"@id\":\"https:\\\/\\\/www.patchwork-perles-broderies.com\\\/blog\\\/2016\\\/09\\\/30\\\/pour-les-bebes\\\/#listItem\",\"name\":\"Pour les b\\u00e9b\\u00e9s\"},\"previousItem\":{\"@type\":\"ListItem\",\"@id\":\"https:\\\/\\\/www.patchwork-perles-broderies.com\\\/blog#listItem\",\"name\":\"Accueil\"}},{\"@type\":\"ListItem\",\"@id\":\"https:\\\/\\\/www.patchwork-perles-broderies.com\\\/blog\\\/2016\\\/09\\\/30\\\/pour-les-bebes\\\/#listItem\",\"position\":3,\"name\":\"Pour les b\\u00e9b\\u00e9s\",\"previousItem\":{\"@type\":\"ListItem\",\"@id\":\"https:\\\/\\\/www.patchwork-perles-broderies.com\\\/blog\\\/category\\\/quilts\\\/#listItem\",\"name\":\"Quilts\"}}]},{\"@type\":\"Person\",\"@id\":\"https:\\\/\\\/www.patchwork-perles-broderies.com\\\/blog\\\/#person\",\"name\":\"admin\",\"image\":{\"@type\":\"ImageObject\",\"@id\":\"https:\\\/\\\/www.patchwork-perles-broderies.com\\\/blog\\\/2016\\\/09\\\/30\\\/pour-les-bebes\\\/#personImage\",\"url\":\"https:\\\/\\\/secure.gravatar.com\\\/avatar\\\/f8283cc8f0bd73ad8d4a00aade7fefd9b739f96e8a9e5f8fa202319c0962314e?s=96&d=identicon&r=g\",\"width\":96,\"height\":96,\"caption\":\"admin\"}},{\"@type\":\"Person\",\"@id\":\"https:\\\/\\\/www.patchwork-perles-broderies.com\\\/blog\\\/author\\\/admin\\\/#author\",\"url\":\"https:\\\/\\\/www.patchwork-perles-broderies.com\\\/blog\\\/author\\\/admin\\\/\",\"name\":\"admin\",\"image\":{\"@type\":\"ImageObject\",\"@id\":\"https:\\\/\\\/www.patchwork-perles-broderies.com\\\/blog\\\/2016\\\/09\\\/30\\\/pour-les-bebes\\\/#authorImage\",\"url\":\"https:\\\/\\\/secure.gravatar.com\\\/avatar\\\/f8283cc8f0bd73ad8d4a00aade7fefd9b739f96e8a9e5f8fa202319c0962314e?s=96&d=identicon&r=g\",\"width\":96,\"height\":96,\"caption\":\"admin\"}},{\"@type\":\"WebPage\",\"@id\":\"https:\\\/\\\/www.patchwork-perles-broderies.com\\\/blog\\\/2016\\\/09\\\/30\\\/pour-les-bebes\\\/#webpage\",\"url\":\"https:\\\/\\\/www.patchwork-perles-broderies.com\\\/blog\\\/2016\\\/09\\\/30\\\/pour-les-bebes\\\/\",\"name\":\"Pour les b\\u00e9b\\u00e9s | Patchwork Perles et Broderies - Le Blog\",\"description\":\"Des tapis d'\\u00e9veil avec les tissus de Michael Miller\",\"inLanguage\":\"fr-FR\",\"isPartOf\":{\"@id\":\"https:\\\/\\\/www.patchwork-perles-broderies.com\\\/blog\\\/#website\"},\"breadcrumb\":{\"@id\":\"https:\\\/\\\/www.patchwork-perles-broderies.com\\\/blog\\\/2016\\\/09\\\/30\\\/pour-les-bebes\\\/#breadcrumblist\"},\"author\":{\"@id\":\"https:\\\/\\\/www.patchwork-perles-broderies.com\\\/blog\\\/author\\\/admin\\\/#author\"},\"creator\":{\"@id\":\"https:\\\/\\\/www.patchwork-perles-broderies.com\\\/blog\\\/author\\\/admin\\\/#author\"},\"datePublished\":\"2016-09-30T15:27:57+01:00\",\"dateModified\":\"2016-09-30T15:29:48+01:00\"},{\"@type\":\"WebSite\",\"@id\":\"https:\\\/\\\/www.patchwork-perles-broderies.com\\\/blog\\\/#website\",\"url\":\"https:\\\/\\\/www.patchwork-perles-broderies.com\\\/blog\\\/\",\"name\":\"Patchwork Perles et Broderies\",\"description\":\"La Passion du Patch Orn\\u00e9 ( Website : patchwork-perles-broderies.com )\",\"inLanguage\":\"fr-FR\",\"publisher\":{\"@id\":\"https:\\\/\\\/www.patchwork-perles-broderies.com\\\/blog\\\/#person\"}}]}\n\t\t<\/script>\n\t\t<!-- All in One SEO -->\n\n","aioseo_head_json":{"title":"Pour les b\u00e9b\u00e9s | Patchwork Perles et Broderies - Le Blog","description":"Des tapis d'\u00e9veil avec les tissus de Michael Miller","canonical_url":"https:\/\/www.patchwork-perles-broderies.com\/blog\/2016\/09\/30\/pour-les-bebes\/","robots":"max-image-preview:large","keywords":"","webmasterTools":{"miscellaneous":""},"schema":{"@context":"https:\/\/schema.org","@graph":[{"@type":"Article","@id":"https:\/\/www.patchwork-perles-broderies.com\/blog\/2016\/09\/30\/pour-les-bebes\/#article","name":"Pour les b\u00e9b\u00e9s | Patchwork Perles et Broderies - Le Blog","headline":"Pour les b\u00e9b\u00e9s","author":{"@id":"https:\/\/www.patchwork-perles-broderies.com\/blog\/author\/admin\/#author"},"publisher":{"@id":"https:\/\/www.patchwork-perles-broderies.com\/blog\/#person"},"image":{"@type":"ImageObject","url":"https:\/\/www.patchwork-perles-broderies.com\/blog\/wp-content\/uploads\/2016\/09\/\u00e9toile-marine.gif","@id":"https:\/\/www.patchwork-perles-broderies.com\/blog\/2016\/09\/30\/pour-les-bebes\/#articleImage","width":550,"height":551,"caption":"Des tissus \"marin\" de Michael Miller"},"datePublished":"2016-09-30T15:27:57+01:00","dateModified":"2016-09-30T15:29:48+01:00","inLanguage":"fr-FR","commentCount":5,"mainEntityOfPage":{"@id":"https:\/\/www.patchwork-perles-broderies.com\/blog\/2016\/09\/30\/pour-les-bebes\/#webpage"},"isPartOf":{"@id":"https:\/\/www.patchwork-perles-broderies.com\/blog\/2016\/09\/30\/pour-les-bebes\/#webpage"},"articleSection":"Quilts"},{"@type":"BreadcrumbList","@id":"https:\/\/www.patchwork-perles-broderies.com\/blog\/2016\/09\/30\/pour-les-bebes\/#breadcrumblist","itemListElement":[{"@type":"ListItem","@id":"https:\/\/www.patchwork-perles-broderies.com\/blog#listItem","position":1,"name":"Accueil","item":"https:\/\/www.patchwork-perles-broderies.com\/blog","nextItem":{"@type":"ListItem","@id":"https:\/\/www.patchwork-perles-broderies.com\/blog\/category\/quilts\/#listItem","name":"Quilts"}},{"@type":"ListItem","@id":"https:\/\/www.patchwork-perles-broderies.com\/blog\/category\/quilts\/#listItem","position":2,"name":"Quilts","item":"https:\/\/www.patchwork-perles-broderies.com\/blog\/category\/quilts\/","nextItem":{"@type":"ListItem","@id":"https:\/\/www.patchwork-perles-broderies.com\/blog\/2016\/09\/30\/pour-les-bebes\/#listItem","name":"Pour les b\u00e9b\u00e9s"},"previousItem":{"@type":"ListItem","@id":"https:\/\/www.patchwork-perles-broderies.com\/blog#listItem","name":"Accueil"}},{"@type":"ListItem","@id":"https:\/\/www.patchwork-perles-broderies.com\/blog\/2016\/09\/30\/pour-les-bebes\/#listItem","position":3,"name":"Pour les b\u00e9b\u00e9s","previousItem":{"@type":"ListItem","@id":"https:\/\/www.patchwork-perles-broderies.com\/blog\/category\/quilts\/#listItem","name":"Quilts"}}]},{"@type":"Person","@id":"https:\/\/www.patchwork-perles-broderies.com\/blog\/#person","name":"admin","image":{"@type":"ImageObject","@id":"https:\/\/www.patchwork-perles-broderies.com\/blog\/2016\/09\/30\/pour-les-bebes\/#personImage","url":"https:\/\/secure.gravatar.com\/avatar\/f8283cc8f0bd73ad8d4a00aade7fefd9b739f96e8a9e5f8fa202319c0962314e?s=96&d=identicon&r=g","width":96,"height":96,"caption":"admin"}},{"@type":"Person","@id":"https:\/\/www.patchwork-perles-broderies.com\/blog\/author\/admin\/#author","url":"https:\/\/www.patchwork-perles-broderies.com\/blog\/author\/admin\/","name":"admin","image":{"@type":"ImageObject","@id":"https:\/\/www.patchwork-perles-broderies.com\/blog\/2016\/09\/30\/pour-les-bebes\/#authorImage","url":"https:\/\/secure.gravatar.com\/avatar\/f8283cc8f0bd73ad8d4a00aade7fefd9b739f96e8a9e5f8fa202319c0962314e?s=96&d=identicon&r=g","width":96,"height":96,"caption":"admin"}},{"@type":"WebPage","@id":"https:\/\/www.patchwork-perles-broderies.com\/blog\/2016\/09\/30\/pour-les-bebes\/#webpage","url":"https:\/\/www.patchwork-perles-broderies.com\/blog\/2016\/09\/30\/pour-les-bebes\/","name":"Pour les b\u00e9b\u00e9s | Patchwork Perles et Broderies - Le Blog","description":"Des tapis d'\u00e9veil avec les tissus de Michael Miller","inLanguage":"fr-FR","isPartOf":{"@id":"https:\/\/www.patchwork-perles-broderies.com\/blog\/#website"},"breadcrumb":{"@id":"https:\/\/www.patchwork-perles-broderies.com\/blog\/2016\/09\/30\/pour-les-bebes\/#breadcrumblist"},"author":{"@id":"https:\/\/www.patchwork-perles-broderies.com\/blog\/author\/admin\/#author"},"creator":{"@id":"https:\/\/www.patchwork-perles-broderies.com\/blog\/author\/admin\/#author"},"datePublished":"2016-09-30T15:27:57+01:00","dateModified":"2016-09-30T15:29:48+01:00"},{"@type":"WebSite","@id":"https:\/\/www.patchwork-perles-broderies.com\/blog\/#website","url":"https:\/\/www.patchwork-perles-broderies.com\/blog\/","name":"Patchwork Perles et Broderies","description":"La Passion du Patch Orn\u00e9 ( Website : patchwork-perles-broderies.com )","inLanguage":"fr-FR","publisher":{"@id":"https:\/\/www.patchwork-perles-broderies.com\/blog\/#person"}}]},"og:locale":"fr_FR","og:site_name":"Patchwork Perles et Broderies - Le Blog |  La Passion du Patch Orn\u00e9 ( Website : patchwork-perles-broderies.com )","og:type":"article","og:title":"Pour les b\u00e9b\u00e9s | Patchwork Perles et Broderies - Le Blog","og:description":"Des tapis d'\u00e9veil avec les tissus de Michael Miller","og:url":"https:\/\/www.patchwork-perles-broderies.com\/blog\/2016\/09\/30\/pour-les-bebes\/","article:published_time":"2016-09-30T14:27:57+00:00","article:modified_time":"2016-09-30T14:29:48+00:00","twitter:card":"summary","twitter:title":"Pour les b\u00e9b\u00e9s | Patchwork Perles et Broderies - Le Blog","twitter:description":"Des tapis d'\u00e9veil avec les tissus de Michael Miller"},"aioseo_meta_data":{"post_id":"3504","title":"Pour les b\u00e9b\u00e9s | #site_title","description":"Des tapis d'\u00e9veil avec les tissus de Michael Miller","keywords":null,"keyphrases":null,"primary_term":null,"canonical_url":null,"og_title":null,"og_description":null,"og_object_type":"default","og_image_type":"default","og_image_url":null,"og_image_width":null,"og_image_height":null,"og_image_custom_url":null,"og_image_custom_fields":null,"og_video":null,"og_custom_url":null,"og_article_section":null,"og_article_tags":null,"twitter_use_og":false,"twitter_card":"default","twitter_image_type":"default","twitter_image_url":null,"twitter_image_custom_url":null,"twitter_image_custom_fields":null,"twitter_title":null,"twitter_description":null,"schema":{"blockGraphs":[],"customGraphs":[],"default":{"data":{"Article":[],"Course":[],"Dataset":[],"FAQPage":[],"Movie":[],"Person":[],"Product":[],"ProductReview":[],"Car":[],"Recipe":[],"Service":[],"SoftwareApplication":[],"WebPage":[]},"graphName":"","isEnabled":true},"graphs":[]},"schema_type":null,"schema_type_options":null,"pillar_content":false,"robots_default":true,"robots_noindex":false,"robots_noarchive":false,"robots_nosnippet":false,"robots_nofollow":false,"robots_noimageindex":false,"robots_noodp":false,"robots_notranslate":false,"robots_max_snippet":null,"robots_max_videopreview":null,"robots_max_imagepreview":"large","priority":null,"frequency":null,"location":null,"local_seo":null,"breadcrumb_settings":null,"limit_modified_date":false,"ai":null,"created":"2021-01-22 11:25:21","updated":"2025-06-28 22:15:15","focus_keyword":null,"additional_keywords":null,"truseo_locale":null,"seo_analyzer_scan_date":null},"aioseo_breadcrumb":"<div class=\"aioseo-breadcrumbs\"><span class=\"aioseo-breadcrumb\">\n\t\t\t<a href=\"https:\/\/www.patchwork-perles-broderies.com\/blog\" title=\"Accueil\">Accueil<\/a>\n\t\t<\/span><span class=\"aioseo-breadcrumb-separator\">&raquo;<\/span><span class=\"aioseo-breadcrumb\">\n\t\t\t<a href=\"https:\/\/www.patchwork-perles-broderies.com\/blog\/category\/quilts\/\" title=\"Quilts\">Quilts<\/a>\n\t\t<\/span><span class=\"aioseo-breadcrumb-separator\">&raquo;<\/span><span class=\"aioseo-breadcrumb\">\n\t\t\tPour les b\u00e9b\u00e9s\n\t\t<\/span><\/div>","aioseo_breadcrumb_json":[{"label":"Accueil","link":"https:\/\/www.patchwork-perles-broderies.com\/blog"},{"label":"Quilts","link":"https:\/\/www.patchwork-perles-broderies.com\/blog\/category\/quilts\/"},{"label":"Pour les b\u00e9b\u00e9s","link":"https:\/\/www.patchwork-perles-broderies.com\/blog\/2016\/09\/30\/pour-les-bebes\/"}],"_links":{"self":[{"href":"https:\/\/www.patchwork-perles-broderies.com\/blog\/wp-json\/wp\/v2\/posts\/3504","targetHints":{"allow":["GET"]}}],"collection":[{"href":"https:\/\/www.patchwork-perles-broderies.com\/blog\/wp-json\/wp\/v2\/posts"}],"about":[{"href":"https:\/\/www.patchwork-perles-broderies.com\/blog\/wp-json\/wp\/v2\/types\/post"}],"author":[{"embeddable":true,"href":"https:\/\/www.patchwork-perles-broderies.com\/blog\/wp-json\/wp\/v2\/users\/1"}],"replies":[{"embeddable":true,"href":"https:\/\/www.patchwork-perles-broderies.com\/blog\/wp-json\/wp\/v2\/comments?post=3504"}],"version-history":[{"count":4,"href":"https:\/\/www.patchwork-perles-broderies.com\/blog\/wp-json\/wp\/v2\/posts\/3504\/revisions"}],"predecessor-version":[{"id":3514,"href":"https:\/\/www.patchwork-perles-broderies.com\/blog\/wp-json\/wp\/v2\/posts\/3504\/revisions\/3514"}],"wp:attachment":[{"href":"https:\/\/www.patchwork-perles-broderies.com\/blog\/wp-json\/wp\/v2\/media?parent=3504"}],"wp:term":[{"taxonomy":"category","embeddable":true,"href":"https:\/\/www.patchwork-perles-broderies.com\/blog\/wp-json\/wp\/v2\/categories?post=3504"},{"taxonomy":"post_tag","embeddable":true,"href":"https:\/\/www.patchwork-perles-broderies.com\/blog\/wp-json\/wp\/v2\/tags?post=3504"}],"curies":[{"name":"wp","href":"https:\/\/api.w.org\/{rel}","templated":true}]}}