{"id":3615,"date":"2016-12-13T11:19:41","date_gmt":"2016-12-13T10:19:41","guid":{"rendered":"http:\/\/www.patchwork-perles-broderies.com\/blog\/?p=3615"},"modified":"2016-12-13T11:23:28","modified_gmt":"2016-12-13T10:23:28","slug":"mon-beau-sapin","status":"publish","type":"post","link":"https:\/\/www.patchwork-perles-broderies.com\/blog\/2016\/12\/13\/mon-beau-sapin\/","title":{"rendered":"Mon beau sapin"},"content":{"rendered":"<p>Lorsque nous avons visit\u00e9 l&rsquo;exposition de Fiac, j&rsquo;ai eu l&rsquo;oeil attir\u00e9 par quelques panneaux muraux orn\u00e9s de sapins. L&rsquo;avantage \u00e9tant qu&rsquo;ils ne perdront pas leurs aiguilles et pourront resservir tous les ans!<\/p>\n<p>Les deux sapins surmont\u00e9s d&rsquo;un \u00e9toile rouge \u00a0\u00e9taient faits avec d&rsquo;astucieux pliages<\/p>\n<p><img loading=\"lazy\" decoding=\"async\" class=\"aligncenter wp-image-3618 size-full\" src=\"http:\/\/www.patchwork-perles-broderies.com\/blog\/wp-content\/uploads\/2016\/12\/DSCF1583.jpg\" alt=\"sapin en pliage avec perles\" width=\"1875\" height=\"2397\" srcset=\"https:\/\/www.patchwork-perles-broderies.com\/blog\/wp-content\/uploads\/2016\/12\/DSCF1583.jpg 1875w, https:\/\/www.patchwork-perles-broderies.com\/blog\/wp-content\/uploads\/2016\/12\/DSCF1583-235x300.jpg 235w, https:\/\/www.patchwork-perles-broderies.com\/blog\/wp-content\/uploads\/2016\/12\/DSCF1583-768x982.jpg 768w, https:\/\/www.patchwork-perles-broderies.com\/blog\/wp-content\/uploads\/2016\/12\/DSCF1583-801x1024.jpg 801w, https:\/\/www.patchwork-perles-broderies.com\/blog\/wp-content\/uploads\/2016\/12\/DSCF1583-600x767.jpg 600w, https:\/\/www.patchwork-perles-broderies.com\/blog\/wp-content\/uploads\/2016\/12\/DSCF1583-624x798.jpg 624w\" sizes=\"auto, (max-width: 1875px) 100vw, 1875px\" \/> <img loading=\"lazy\" decoding=\"async\" class=\"aligncenter wp-image-3617 size-full\" src=\"http:\/\/www.patchwork-perles-broderies.com\/blog\/wp-content\/uploads\/2016\/12\/DSCF1581.jpg\" alt=\"sapin en pliage\" width=\"1668\" height=\"1746\" srcset=\"https:\/\/www.patchwork-perles-broderies.com\/blog\/wp-content\/uploads\/2016\/12\/DSCF1581.jpg 1668w, https:\/\/www.patchwork-perles-broderies.com\/blog\/wp-content\/uploads\/2016\/12\/DSCF1581-287x300.jpg 287w, https:\/\/www.patchwork-perles-broderies.com\/blog\/wp-content\/uploads\/2016\/12\/DSCF1581-768x804.jpg 768w, https:\/\/www.patchwork-perles-broderies.com\/blog\/wp-content\/uploads\/2016\/12\/DSCF1581-978x1024.jpg 978w, https:\/\/www.patchwork-perles-broderies.com\/blog\/wp-content\/uploads\/2016\/12\/DSCF1581-600x628.jpg 600w, https:\/\/www.patchwork-perles-broderies.com\/blog\/wp-content\/uploads\/2016\/12\/DSCF1581-624x653.jpg 624w\" sizes=\"auto, (max-width: 1668px) 100vw, 1668px\" \/>\u00a0le troisi\u00e8me , plus discret \u00a0quoique tr\u00e8s \u00e9labor\u00e9 \u00e9tait aussi tr\u00e8s sympa.<\/p>\n<p><img loading=\"lazy\" decoding=\"async\" class=\"aligncenter wp-image-3619 size-full\" src=\"http:\/\/www.patchwork-perles-broderies.com\/blog\/wp-content\/uploads\/2016\/12\/DSCF1585.jpg\" alt=\"sapin avec perles et pompons\" width=\"1557\" height=\"1533\" srcset=\"https:\/\/www.patchwork-perles-broderies.com\/blog\/wp-content\/uploads\/2016\/12\/DSCF1585.jpg 1557w, https:\/\/www.patchwork-perles-broderies.com\/blog\/wp-content\/uploads\/2016\/12\/DSCF1585-300x295.jpg 300w, https:\/\/www.patchwork-perles-broderies.com\/blog\/wp-content\/uploads\/2016\/12\/DSCF1585-768x756.jpg 768w, https:\/\/www.patchwork-perles-broderies.com\/blog\/wp-content\/uploads\/2016\/12\/DSCF1585-1024x1008.jpg 1024w, https:\/\/www.patchwork-perles-broderies.com\/blog\/wp-content\/uploads\/2016\/12\/DSCF1585-600x591.jpg 600w, https:\/\/www.patchwork-perles-broderies.com\/blog\/wp-content\/uploads\/2016\/12\/DSCF1585-624x614.jpg 624w\" sizes=\"auto, (max-width: 1557px) 100vw, 1557px\" \/><\/p>\n<p>De notre c\u00f4t\u00e9 nous avons travaill\u00e9. En plus de sapins \u00a0\u00bb de table\u00a0\u00bb en yoyo \u00a0tr\u00e8s semblables \u00e0 ceux r\u00e9alis\u00e9s par mes petits enfants, nous avons fait un panneau avec des sapins en relief \u00a0faits d&rsquo;apr\u00e8s un mod\u00e8le trouv\u00e9 sur internet.<\/p>\n<p><img loading=\"lazy\" decoding=\"async\" class=\"aligncenter size-full wp-image-3616\" src=\"http:\/\/www.patchwork-perles-broderies.com\/blog\/wp-content\/uploads\/2016\/12\/DSCF1574.jpg\" alt=\"sapins en yoyos\" width=\"2592\" height=\"1944\" srcset=\"https:\/\/www.patchwork-perles-broderies.com\/blog\/wp-content\/uploads\/2016\/12\/DSCF1574.jpg 2592w, https:\/\/www.patchwork-perles-broderies.com\/blog\/wp-content\/uploads\/2016\/12\/DSCF1574-300x225.jpg 300w, https:\/\/www.patchwork-perles-broderies.com\/blog\/wp-content\/uploads\/2016\/12\/DSCF1574-768x576.jpg 768w, https:\/\/www.patchwork-perles-broderies.com\/blog\/wp-content\/uploads\/2016\/12\/DSCF1574-1024x768.jpg 1024w, https:\/\/www.patchwork-perles-broderies.com\/blog\/wp-content\/uploads\/2016\/12\/DSCF1574-600x450.jpg 600w, https:\/\/www.patchwork-perles-broderies.com\/blog\/wp-content\/uploads\/2016\/12\/DSCF1574-624x468.jpg 624w\" sizes=\"auto, (max-width: 2592px) 100vw, 2592px\" \/><\/p>\n<p><img loading=\"lazy\" decoding=\"async\" class=\"aligncenter size-full wp-image-3621\" src=\"http:\/\/www.patchwork-perles-broderies.com\/blog\/wp-content\/uploads\/2016\/12\/sapins-club.jpg\" alt=\"sapins-club\" width=\"1186\" height=\"616\" srcset=\"https:\/\/www.patchwork-perles-broderies.com\/blog\/wp-content\/uploads\/2016\/12\/sapins-club.jpg 1186w, https:\/\/www.patchwork-perles-broderies.com\/blog\/wp-content\/uploads\/2016\/12\/sapins-club-300x156.jpg 300w, https:\/\/www.patchwork-perles-broderies.com\/blog\/wp-content\/uploads\/2016\/12\/sapins-club-768x399.jpg 768w, https:\/\/www.patchwork-perles-broderies.com\/blog\/wp-content\/uploads\/2016\/12\/sapins-club-1024x532.jpg 1024w, https:\/\/www.patchwork-perles-broderies.com\/blog\/wp-content\/uploads\/2016\/12\/sapins-club-600x312.jpg 600w, https:\/\/www.patchwork-perles-broderies.com\/blog\/wp-content\/uploads\/2016\/12\/sapins-club-624x324.jpg 624w\" sizes=\"auto, (max-width: 1186px) 100vw, 1186px\" \/>Et Maril\u00e8ne a fait pour une de ses ni\u00e8ces un autre petit panneau, tr\u00e8s sympa aussi.<\/p>\n<p><img loading=\"lazy\" decoding=\"async\" class=\"aligncenter size-full wp-image-3620\" src=\"http:\/\/www.patchwork-perles-broderies.com\/blog\/wp-content\/uploads\/2016\/12\/sapin-Maril\u00e8ne.jpg.jpg\" alt=\"sapin-marilene-jpg\" width=\"1392\" height=\"1620\" srcset=\"https:\/\/www.patchwork-perles-broderies.com\/blog\/wp-content\/uploads\/2016\/12\/sapin-Maril\u00e8ne.jpg.jpg 1392w, https:\/\/www.patchwork-perles-broderies.com\/blog\/wp-content\/uploads\/2016\/12\/sapin-Maril\u00e8ne.jpg-258x300.jpg 258w, https:\/\/www.patchwork-perles-broderies.com\/blog\/wp-content\/uploads\/2016\/12\/sapin-Maril\u00e8ne.jpg-768x894.jpg 768w, https:\/\/www.patchwork-perles-broderies.com\/blog\/wp-content\/uploads\/2016\/12\/sapin-Maril\u00e8ne.jpg-880x1024.jpg 880w, https:\/\/www.patchwork-perles-broderies.com\/blog\/wp-content\/uploads\/2016\/12\/sapin-Maril\u00e8ne.jpg-600x698.jpg 600w, https:\/\/www.patchwork-perles-broderies.com\/blog\/wp-content\/uploads\/2016\/12\/sapin-Maril\u00e8ne.jpg-624x726.jpg 624w\" sizes=\"auto, (max-width: 1392px) 100vw, 1392px\" \/><br \/>\nEt pour celles qui ont besoin d&rsquo;un cadeau de derni\u00e8re minute je vous propose ce mod\u00e8le ultra- simple qu&rsquo;on peut r\u00e9aliser en quelques minutes&#8230;<\/p>\n<p><img loading=\"lazy\" decoding=\"async\" class=\"aligncenter size-full wp-image-3624\" src=\"http:\/\/www.patchwork-perles-broderies.com\/blog\/wp-content\/uploads\/2016\/12\/sapin.jpg\" alt=\"sapin\" width=\"677\" height=\"678\" srcset=\"https:\/\/www.patchwork-perles-broderies.com\/blog\/wp-content\/uploads\/2016\/12\/sapin.jpg 677w, https:\/\/www.patchwork-perles-broderies.com\/blog\/wp-content\/uploads\/2016\/12\/sapin-150x150.jpg 150w, https:\/\/www.patchwork-perles-broderies.com\/blog\/wp-content\/uploads\/2016\/12\/sapin-300x300.jpg 300w, https:\/\/www.patchwork-perles-broderies.com\/blog\/wp-content\/uploads\/2016\/12\/sapin-600x601.jpg 600w, https:\/\/www.patchwork-perles-broderies.com\/blog\/wp-content\/uploads\/2016\/12\/sapin-624x625.jpg 624w\" sizes=\"auto, (max-width: 677px) 100vw, 677px\" \/>Il est si facile \u00e0 faire avec ses bandes superpos\u00e9es que vous aurez m\u00eame le temps de faire une for\u00eat de sapins et de la d\u00e9corer \u00e0 votre guise.<\/p>\n<p><img loading=\"lazy\" decoding=\"async\" class=\"aligncenter size-full wp-image-3625\" src=\"http:\/\/www.patchwork-perles-broderies.com\/blog\/wp-content\/uploads\/2016\/12\/sapin-aux-elfes.jpg\" alt=\"sapin-aux-elfes\" width=\"992\" height=\"678\" srcset=\"https:\/\/www.patchwork-perles-broderies.com\/blog\/wp-content\/uploads\/2016\/12\/sapin-aux-elfes.jpg 992w, https:\/\/www.patchwork-perles-broderies.com\/blog\/wp-content\/uploads\/2016\/12\/sapin-aux-elfes-300x205.jpg 300w, https:\/\/www.patchwork-perles-broderies.com\/blog\/wp-content\/uploads\/2016\/12\/sapin-aux-elfes-768x525.jpg 768w, https:\/\/www.patchwork-perles-broderies.com\/blog\/wp-content\/uploads\/2016\/12\/sapin-aux-elfes-600x410.jpg 600w, https:\/\/www.patchwork-perles-broderies.com\/blog\/wp-content\/uploads\/2016\/12\/sapin-aux-elfes-624x426.jpg 624w\" sizes=\"auto, (max-width: 992px) 100vw, 992px\" \/><\/p>\n<p>Nous n&rsquo;avons peut \u00eatre pas encore \u00a0tout ce qu&rsquo;il faut pour No\u00ebl, mais nous ne manquerons \u00a0pas de sapins.<\/p>\n","protected":false},"excerpt":{"rendered":"<p>Lorsque nous avons visit\u00e9 l&rsquo;exposition de Fiac, j&rsquo;ai eu l&rsquo;oeil attir\u00e9 par quelques panneaux muraux orn\u00e9s de sapins. L&rsquo;avantage \u00e9tant qu&rsquo;ils ne perdront pas leurs aiguilles et pourront resservir tous les ans! Les deux sapins surmont\u00e9s d&rsquo;un \u00e9toile rouge \u00a0\u00e9taient faits avec d&rsquo;astucieux pliages \u00a0le troisi\u00e8me , plus discret \u00a0quoique tr\u00e8s \u00e9labor\u00e9 \u00e9tait aussi tr\u00e8s [&hellip;]<\/p>\n","protected":false},"author":1,"featured_media":0,"comment_status":"open","ping_status":"open","sticky":false,"template":"","format":"standard","meta":{"footnotes":""},"categories":[227,18],"tags":[],"class_list":["post-3615","post","type-post","status-publish","format-standard","hentry","category-fetes","category-piece-technique-patch"],"aioseo_notices":[],"_links":{"self":[{"href":"https:\/\/www.patchwork-perles-broderies.com\/blog\/wp-json\/wp\/v2\/posts\/3615","targetHints":{"allow":["GET"]}}],"collection":[{"href":"https:\/\/www.patchwork-perles-broderies.com\/blog\/wp-json\/wp\/v2\/posts"}],"about":[{"href":"https:\/\/www.patchwork-perles-broderies.com\/blog\/wp-json\/wp\/v2\/types\/post"}],"author":[{"embeddable":true,"href":"https:\/\/www.patchwork-perles-broderies.com\/blog\/wp-json\/wp\/v2\/users\/1"}],"replies":[{"embeddable":true,"href":"https:\/\/www.patchwork-perles-broderies.com\/blog\/wp-json\/wp\/v2\/comments?post=3615"}],"version-history":[{"count":5,"href":"https:\/\/www.patchwork-perles-broderies.com\/blog\/wp-json\/wp\/v2\/posts\/3615\/revisions"}],"predecessor-version":[{"id":3628,"href":"https:\/\/www.patchwork-perles-broderies.com\/blog\/wp-json\/wp\/v2\/posts\/3615\/revisions\/3628"}],"wp:attachment":[{"href":"https:\/\/www.patchwork-perles-broderies.com\/blog\/wp-json\/wp\/v2\/media?parent=3615"}],"wp:term":[{"taxonomy":"category","embeddable":true,"href":"https:\/\/www.patchwork-perles-broderies.com\/blog\/wp-json\/wp\/v2\/categories?post=3615"},{"taxonomy":"post_tag","embeddable":true,"href":"https:\/\/www.patchwork-perles-broderies.com\/blog\/wp-json\/wp\/v2\/tags?post=3615"}],"curies":[{"name":"wp","href":"https:\/\/api.w.org\/{rel}","templated":true}]}}