{"id":3724,"date":"2017-03-18T13:25:05","date_gmt":"2017-03-18T12:25:05","guid":{"rendered":"http:\/\/www.patchwork-perles-broderies.com\/blog\/?p=3724"},"modified":"2017-03-24T10:45:07","modified_gmt":"2017-03-24T09:45:07","slug":"voila-les-printemps","status":"publish","type":"post","link":"https:\/\/www.patchwork-perles-broderies.com\/blog\/2017\/03\/18\/voila-les-printemps\/","title":{"rendered":"Voil\u00e0 le printemps"},"content":{"rendered":"<p><img loading=\"lazy\" decoding=\"async\" class=\"size-full wp-image-3729 alignleft\" src=\"http:\/\/www.patchwork-perles-broderies.com\/blog\/wp-content\/uploads\/2017\/03\/bloc-Mars.jpg\" alt=\"bloc Mars\" width=\"234\" height=\"237\" \/>Avec le printemps revient le d\u00e9sir de faire des quilts gais et fleuris qui s&rsquo;accordent \u00e0 la saison.<br \/>\nJ&rsquo;avais vu sur le net cette amusante combinaison\u00a0de bandes qui peut se faire rapidement avec de gros morceaux \u00a0et j&rsquo;en ai cr\u00e9\u00e9 une variation \u00e0 base de tissus \u00e0 fleurs.<\/p>\n<p>Le carr\u00e9 lui m\u00eame fait 24 cm de c\u00f4t\u00e9. je vous le donne \u00e0 dimension mais il est tr\u00e8s facile \u00e0 dessiner.<\/p>\n<div id=\"attachment_3727\" style=\"width: 690px\" class=\"wp-caption aligncenter\"><img loading=\"lazy\" decoding=\"async\" aria-describedby=\"caption-attachment-3727\" class=\"size-full wp-image-3727\" src=\"http:\/\/www.patchwork-perles-broderies.com\/blog\/wp-content\/uploads\/2017\/03\/carr\u00e9-Mars.jpg\" alt=\"le gabarit du bloc\" width=\"680\" height=\"680\" srcset=\"https:\/\/www.patchwork-perles-broderies.com\/blog\/wp-content\/uploads\/2017\/03\/carr\u00e9-Mars.jpg 680w, https:\/\/www.patchwork-perles-broderies.com\/blog\/wp-content\/uploads\/2017\/03\/carr\u00e9-Mars-150x150.jpg 150w, https:\/\/www.patchwork-perles-broderies.com\/blog\/wp-content\/uploads\/2017\/03\/carr\u00e9-Mars-300x300.jpg 300w, https:\/\/www.patchwork-perles-broderies.com\/blog\/wp-content\/uploads\/2017\/03\/carr\u00e9-Mars-600x600.jpg 600w, https:\/\/www.patchwork-perles-broderies.com\/blog\/wp-content\/uploads\/2017\/03\/carr\u00e9-Mars-624x624.jpg 624w\" sizes=\"auto, (max-width: 680px) 100vw, 680px\" \/><p id=\"caption-attachment-3727\" class=\"wp-caption-text\">le gabarit du bloc<\/p><\/div>\n<p>Une fois vos blocs faits vous pouvez les tourner de fa\u00e7on \u00e0 obtenir une combinaison qui vous plaise&#8230;. Plus il y aura de blocs, plus le nombre de variations disponibles augmentera.<\/p>\n<p><img loading=\"lazy\" decoding=\"async\" class=\"aligncenter wp-image-3725\" src=\"http:\/\/www.patchwork-perles-broderies.com\/blog\/wp-content\/uploads\/2017\/03\/carr\u00e9-Mars-combi1.jpg\" alt=\"carr\u00e9 Mars combi1\" width=\"567\" height=\"567\" srcset=\"https:\/\/www.patchwork-perles-broderies.com\/blog\/wp-content\/uploads\/2017\/03\/carr\u00e9-Mars-combi1.jpg 709w, https:\/\/www.patchwork-perles-broderies.com\/blog\/wp-content\/uploads\/2017\/03\/carr\u00e9-Mars-combi1-150x150.jpg 150w, https:\/\/www.patchwork-perles-broderies.com\/blog\/wp-content\/uploads\/2017\/03\/carr\u00e9-Mars-combi1-300x300.jpg 300w, https:\/\/www.patchwork-perles-broderies.com\/blog\/wp-content\/uploads\/2017\/03\/carr\u00e9-Mars-combi1-600x600.jpg 600w, https:\/\/www.patchwork-perles-broderies.com\/blog\/wp-content\/uploads\/2017\/03\/carr\u00e9-Mars-combi1-624x624.jpg 624w\" sizes=\"auto, (max-width: 567px) 100vw, 567px\" \/><\/p>\n<p><img loading=\"lazy\" decoding=\"async\" class=\"aligncenter wp-image-3726 size-full\" src=\"http:\/\/www.patchwork-perles-broderies.com\/blog\/wp-content\/uploads\/2017\/03\/carr\u00e9-Mars-combi2.jpg\" alt=\"carr\u00e9 Mars combi2\" width=\"567\" height=\"567\" srcset=\"https:\/\/www.patchwork-perles-broderies.com\/blog\/wp-content\/uploads\/2017\/03\/carr\u00e9-Mars-combi2.jpg 567w, https:\/\/www.patchwork-perles-broderies.com\/blog\/wp-content\/uploads\/2017\/03\/carr\u00e9-Mars-combi2-150x150.jpg 150w, https:\/\/www.patchwork-perles-broderies.com\/blog\/wp-content\/uploads\/2017\/03\/carr\u00e9-Mars-combi2-300x300.jpg 300w\" sizes=\"auto, (max-width: 567px) 100vw, 567px\" \/><\/p>\n<p>&nbsp;<\/p>\n<p>Une peu de matelassage machine et hop votre quilt est termin\u00e9. Je recommanderais ce mod\u00e8le pour les quilts d&rsquo;enfants. S&rsquo;ils les tra\u00eenent partout dans la maison vous \u00a0les regarderez faire avec s\u00e9r\u00e9nit\u00e9 puisqu&rsquo;\u00e0 n&rsquo;importe quel moment vous pourrez faire un autre patch lorsque celui l\u00e0\u00a0 sera us\u00e9.<br \/>\nAmusez-vous bien<\/p>\n","protected":false},"excerpt":{"rendered":"<p>Avec le printemps revient le d\u00e9sir de faire des quilts gais et fleuris qui s&rsquo;accordent \u00e0 la saison. J&rsquo;avais vu sur le net cette amusante combinaison\u00a0de bandes qui peut se faire rapidement avec de gros morceaux \u00a0et j&rsquo;en ai cr\u00e9\u00e9 une variation \u00e0 base de tissus \u00e0 fleurs. Le carr\u00e9 lui m\u00eame fait 24 cm [&hellip;]<\/p>\n","protected":false},"author":1,"featured_media":3729,"comment_status":"open","ping_status":"open","sticky":false,"template":"","format":"standard","meta":{"footnotes":""},"categories":[11],"tags":[],"class_list":["post-3724","post","type-post","status-publish","format-standard","has-post-thumbnail","hentry","category-piece"],"aioseo_notices":[],"_links":{"self":[{"href":"https:\/\/www.patchwork-perles-broderies.com\/blog\/wp-json\/wp\/v2\/posts\/3724","targetHints":{"allow":["GET"]}}],"collection":[{"href":"https:\/\/www.patchwork-perles-broderies.com\/blog\/wp-json\/wp\/v2\/posts"}],"about":[{"href":"https:\/\/www.patchwork-perles-broderies.com\/blog\/wp-json\/wp\/v2\/types\/post"}],"author":[{"embeddable":true,"href":"https:\/\/www.patchwork-perles-broderies.com\/blog\/wp-json\/wp\/v2\/users\/1"}],"replies":[{"embeddable":true,"href":"https:\/\/www.patchwork-perles-broderies.com\/blog\/wp-json\/wp\/v2\/comments?post=3724"}],"version-history":[{"count":7,"href":"https:\/\/www.patchwork-perles-broderies.com\/blog\/wp-json\/wp\/v2\/posts\/3724\/revisions"}],"predecessor-version":[{"id":3736,"href":"https:\/\/www.patchwork-perles-broderies.com\/blog\/wp-json\/wp\/v2\/posts\/3724\/revisions\/3736"}],"wp:featuredmedia":[{"embeddable":true,"href":"https:\/\/www.patchwork-perles-broderies.com\/blog\/wp-json\/wp\/v2\/media\/3729"}],"wp:attachment":[{"href":"https:\/\/www.patchwork-perles-broderies.com\/blog\/wp-json\/wp\/v2\/media?parent=3724"}],"wp:term":[{"taxonomy":"category","embeddable":true,"href":"https:\/\/www.patchwork-perles-broderies.com\/blog\/wp-json\/wp\/v2\/categories?post=3724"},{"taxonomy":"post_tag","embeddable":true,"href":"https:\/\/www.patchwork-perles-broderies.com\/blog\/wp-json\/wp\/v2\/tags?post=3724"}],"curies":[{"name":"wp","href":"https:\/\/api.w.org\/{rel}","templated":true}]}}