{"id":3737,"date":"2017-04-15T10:04:29","date_gmt":"2017-04-15T09:04:29","guid":{"rendered":"http:\/\/www.patchwork-perles-broderies.com\/blog\/?p=3737"},"modified":"2017-04-15T10:04:29","modified_gmt":"2017-04-15T09:04:29","slug":"paques","status":"publish","type":"post","link":"https:\/\/www.patchwork-perles-broderies.com\/blog\/2017\/04\/15\/paques\/","title":{"rendered":"P\u00e2ques"},"content":{"rendered":"<p style=\"text-align: justify;\">P\u00e2ques est tout proche. \u00a0Cette f\u00eate co\u00efncide plus ou moins avec l&rsquo;\u00e9quinoxe de printemps et elle consacre le renouveau de la nature et le d\u00e9but de ce printemps tout autant que la renaissance du Christ.<\/p>\n<p style=\"text-align: justify;\"><img loading=\"lazy\" decoding=\"async\" class=\"alignleft size-medium wp-image-3745\" src=\"http:\/\/www.patchwork-perles-broderies.com\/blog\/wp-content\/uploads\/2017\/03\/oeufs-de-paques-roumanie-300x228.jpg\" alt=\"\" width=\"300\" height=\"228\" srcset=\"https:\/\/www.patchwork-perles-broderies.com\/blog\/wp-content\/uploads\/2017\/03\/oeufs-de-paques-roumanie-300x228.jpg 300w, https:\/\/www.patchwork-perles-broderies.com\/blog\/wp-content\/uploads\/2017\/03\/oeufs-de-paques-roumanie.jpg 549w\" sizes=\"auto, (max-width: 300px) 100vw, 300px\" \/>Pour c\u00e9l\u00e9brer ce renouveau la plupart des peuples ont utilis\u00e9 <em>l&rsquo;oeuf,<\/em> \u00a0symbole de la germination et des naissances \u00e0 venir. Vid\u00e9 et peint comme on le fait en Europe de l&rsquo;Est ou en chocolat envelopp\u00e9 de papier brillant et color\u00e9 \u00a0il participe \u00e0 toutes les\u00a0f\u00eates. Cet oeuf ou plut\u00f4t ces oeufs vont \u00eatre accroch\u00e9s aux branches d&rsquo;un arbre ou cach\u00e9s dans le jardin pour que les enfants puissent se livrer \u00e0 une chasse aux oeufs.<\/p>\n<p style=\"text-align: justify;\"><em><img loading=\"lazy\" decoding=\"async\" class=\"alignright size-full wp-image-3743\" src=\"http:\/\/www.patchwork-perles-broderies.com\/blog\/wp-content\/uploads\/2017\/03\/easter-rabbit6.jpg\" alt=\"\" width=\"225\" height=\"225\" srcset=\"https:\/\/www.patchwork-perles-broderies.com\/blog\/wp-content\/uploads\/2017\/03\/easter-rabbit6.jpg 225w, https:\/\/www.patchwork-perles-broderies.com\/blog\/wp-content\/uploads\/2017\/03\/easter-rabbit6-150x150.jpg 150w\" sizes=\"auto, (max-width: 225px) 100vw, 225px\" \/>Le lapin <\/em>\u00a0est un\u00a0autre symbole de f\u00e9condit\u00e9 et de renouveau \u00a0et c&rsquo;est aussi un messager. \u00a0Il nous vient de haute Allemagne \u00a0(<i><span class=\"lang-de\" lang=\"de\">Osterhase) .\u00a0<\/span><\/i><span class=\"lang-de\" lang=\"de\">Une jolie l\u00e9gende lui est attach\u00e9:\u00a0une femme pauvre, ne pouvant offrir de douceurs \u00e0 ses enfants, d\u00e9cora des \u0153ufs qu&rsquo;elle cacha dans le jardin. Les enfants, apercevant un lapin, crurent que celui-ci avait pondu les \u0153ufs.<\/span><\/p>\n<p style=\"text-align: justify;\">Une autre tradition du<em> li\u00e8vre<\/em> de P\u00e2ques vient de Saxe et est attach\u00e9e au culte de la d\u00e9esse Eostre (Eastre). c&rsquo;est d&rsquo;ailleurs le nom de cette d\u00e9esse qui est \u00e0 l&rsquo;origine du mot anglais Easter qui d\u00e9signe P\u00e2ques. Le li\u00e8vre \u00e9tait l&rsquo;animal embl\u00e9matique de la d\u00e9esse \u00a0et\u00a0 il est rest\u00e9 associ\u00e9 aux f\u00eates de P\u00e2ques. De m\u00eame, dans les traditions celtiques et scandinaves, le li\u00e8vre \u00e9tait le symbole de la d\u00e9esse m\u00e8re<span style=\"font-size: 10.5px;\">.\u00a0<\/span><span class=\"lang-de\" lang=\"de\">Les immigrants allemands apport\u00e8rent avec eux cette tradition qui s&rsquo;est r\u00e9pandue aux Etats Unis avant de revenir en Europe.\u00a0<\/span><\/p>\n<p style=\"text-align: justify;\"><span class=\"lang-de\" lang=\"de\"><br \/>\nToutes ces traditions ont inspir\u00e9 les quilteuses. Le li\u00e8vre est le grand favori. Il y a peu d&rsquo;ouvrages consacr\u00e9s \u00e0 l&rsquo;arbre, probablement parce que des oeufs de patchwork ont \u00e9t\u00e9 r\u00e9alis\u00e9s puis accroch\u00e9s dans l&rsquo;arbre v\u00e9ritable\u00a0<\/span><\/p>\n<p style=\"text-align: justify;\"><img loading=\"lazy\" decoding=\"async\" class=\"aligncenter wp-image-3741\" src=\"http:\/\/www.patchwork-perles-broderies.com\/blog\/wp-content\/uploads\/2017\/03\/Bunnies-Prefer-Coco-by-Fleda-Gorbea-photo-by-Quilt-Inspiration.jpg\" alt=\"\" width=\"500\" height=\"554\" srcset=\"https:\/\/www.patchwork-perles-broderies.com\/blog\/wp-content\/uploads\/2017\/03\/Bunnies-Prefer-Coco-by-Fleda-Gorbea-photo-by-Quilt-Inspiration.jpg 578w, https:\/\/www.patchwork-perles-broderies.com\/blog\/wp-content\/uploads\/2017\/03\/Bunnies-Prefer-Coco-by-Fleda-Gorbea-photo-by-Quilt-Inspiration-271x300.jpg 271w\" sizes=\"auto, (max-width: 500px) 100vw, 500px\" \/><\/p>\n<p style=\"text-align: justify;\"><img loading=\"lazy\" decoding=\"async\" class=\"aligncenter wp-image-3740\" src=\"http:\/\/www.patchwork-perles-broderies.com\/blog\/wp-content\/uploads\/2017\/03\/Bunnies-on-the-Champs-Elysees-by-Jan-Soules-photo-by-Quilt-Inspiration.jpg\" alt=\"\" width=\"500\" height=\"664\" srcset=\"https:\/\/www.patchwork-perles-broderies.com\/blog\/wp-content\/uploads\/2017\/03\/Bunnies-on-the-Champs-Elysees-by-Jan-Soules-photo-by-Quilt-Inspiration.jpg 482w, https:\/\/www.patchwork-perles-broderies.com\/blog\/wp-content\/uploads\/2017\/03\/Bunnies-on-the-Champs-Elysees-by-Jan-Soules-photo-by-Quilt-Inspiration-226x300.jpg 226w\" sizes=\"auto, (max-width: 500px) 100vw, 500px\" \/><\/p>\n<div id=\"attachment_3746\" style=\"width: 510px\" class=\"wp-caption aligncenter\"><img loading=\"lazy\" decoding=\"async\" aria-describedby=\"caption-attachment-3746\" class=\"wp-image-3746\" src=\"http:\/\/www.patchwork-perles-broderies.com\/blog\/wp-content\/uploads\/2017\/03\/Hare-looking-at-you.jpg\" alt=\"\" width=\"500\" height=\"622\" srcset=\"https:\/\/www.patchwork-perles-broderies.com\/blog\/wp-content\/uploads\/2017\/03\/Hare-looking-at-you.jpg 482w, https:\/\/www.patchwork-perles-broderies.com\/blog\/wp-content\/uploads\/2017\/03\/Hare-looking-at-you-241x300.jpg 241w\" sizes=\"auto, (max-width: 500px) 100vw, 500px\" \/><p id=\"caption-attachment-3746\" class=\"wp-caption-text\">Hare looking at you by Karen Brow<\/p><\/div>\n<p style=\"text-align: justify;\"><img loading=\"lazy\" decoding=\"async\" class=\"alignleft size-thumbnail wp-image-3750\" src=\"http:\/\/www.patchwork-perles-broderies.com\/blog\/wp-content\/uploads\/2017\/03\/oeuf-en-patch-150x150.jpg\" alt=\"\" width=\"150\" height=\"150\" srcset=\"https:\/\/www.patchwork-perles-broderies.com\/blog\/wp-content\/uploads\/2017\/03\/oeuf-en-patch-150x150.jpg 150w, https:\/\/www.patchwork-perles-broderies.com\/blog\/wp-content\/uploads\/2017\/03\/oeuf-en-patch-300x300.jpg 300w, https:\/\/www.patchwork-perles-broderies.com\/blog\/wp-content\/uploads\/2017\/03\/oeuf-en-patch.jpg 564w\" sizes=\"auto, (max-width: 150px) 100vw, 150px\" \/>Les oeufs peuvent aussi \u00eatre accroch\u00e9s dans l<em>&lsquo;arbre de P\u00e2ques<\/em>. \u00a0Cette tradition aussi est d&rsquo;origine allemande. Elle est moins r\u00e9pandue que les autres du fait sans doute qu&rsquo;il n&rsquo;y a pas de chasse \u00e0 l&rsquo;oeuf pour les enfants. Mais l&rsquo;arbre de P\u00e2ques constitue une bien jolie d\u00e9coration dont il serait dommage de se priver. Le terme \u00a0\u00bb arbre\u00a0\u00bb est un peu \u00a0excessif. On utilise g\u00e9n\u00e9ralement une branche d\u00e9pourvue de feuilles ( souvent du saule ou du noisetier) que l&rsquo;on plante dans un vase avant de la d\u00e9corer d&rsquo;oeufs vid\u00e9s et peints.<\/p>\n<p style=\"text-align: justify;\"><img loading=\"lazy\" decoding=\"async\" class=\"aligncenter size-full wp-image-3747\" src=\"http:\/\/www.patchwork-perles-broderies.com\/blog\/wp-content\/uploads\/2017\/03\/arbre-de-p\u00e2ques.jpg\" alt=\"\" width=\"340\" height=\"421\" srcset=\"https:\/\/www.patchwork-perles-broderies.com\/blog\/wp-content\/uploads\/2017\/03\/arbre-de-p\u00e2ques.jpg 340w, https:\/\/www.patchwork-perles-broderies.com\/blog\/wp-content\/uploads\/2017\/03\/arbre-de-p\u00e2ques-242x300.jpg 242w\" sizes=\"auto, (max-width: 340px) 100vw, 340px\" \/><\/p>\n<p style=\"text-align: justify;\">Lorsque j&rsquo;\u00e9tais enfant la tradition du lapin n&rsquo;avait pas encore triomph\u00e9 et j&rsquo;\u00e9tais tout \u00e0 fait s\u00fbre que les oeufs que j&rsquo;allais chercher dans le jardin avaient \u00e9t\u00e9 apport\u00e9s par les<em> cloches<\/em>.<\/p>\n<p style=\"text-align: justify;\">Cette tradition des cloches est purement catholique. Elle vient de ce que le jeudi Saint, \u00a0les cloches cessent de sonner en signe de deuil. Dans les \u00e9glises l&rsquo;autel est vide et d\u00e9pouill\u00e9 \u00a0et les chr\u00e9tiens accompagnent le Christ dans sa longue marche vers \u00a0Geths\u00e9mani. Pour expliquer l\u2019absence de sonnerie pendant cette p\u00e9riode, on a dit longtemps aux enfants que les cloches partaient \u00e0 Rome. Le Pape les b\u00e9nissait avant leur retour.<br \/>\nLe dimanche de P\u00e2ques les cloches recommencent \u00e0 sonner \u00e0 toute vol\u00e9e \u00a0pour annoncer la r\u00e9surrection du Christ et c\u00e9l\u00e9brer notre joie. Et les oeufs qu&rsquo;elles s\u00e8ment le long de leur route t\u00e9moignent de cette joie retrouv\u00e9e.<\/p>\n<p style=\"text-align: justify;\">Le dimanche de P\u00e2ques les enfants vont ramasser les oeufs cach\u00e9s dans le jardin. Regardez comme Sunbonnet Sue a \u00e9t\u00e9 g\u00e2t\u00e9e. Elle en a trouv\u00e9 une pleine brouette.<br \/>\n<img loading=\"lazy\" decoding=\"async\" class=\"aligncenter size-full wp-image-3744\" src=\"http:\/\/www.patchwork-perles-broderies.com\/blog\/wp-content\/uploads\/2017\/03\/sunbonnet-sue-and-eggs1.jpg\" alt=\"\" width=\"236\" height=\"215\" \/><\/p>\n<p>Quelle que soit votre tradition n&rsquo;oubliez pas le cadeau qui nous est fait par l&rsquo;univers lorsque l&rsquo;\u00e9quinoxe nous annonce qu&rsquo;il y aura un nouveau printemps, une nouvelle r\u00e9colte pour nous nourrir, de nouveaux\u00a0petits dans les troupeaux et dans nos foyers.<\/p>\n<p class=\"p1\">\n","protected":false},"excerpt":{"rendered":"<p>P\u00e2ques est tout proche. \u00a0Cette f\u00eate co\u00efncide plus ou moins avec l&rsquo;\u00e9quinoxe de printemps et elle consacre le renouveau de la nature et le d\u00e9but de ce printemps tout autant que la renaissance du Christ. Pour c\u00e9l\u00e9brer ce renouveau la plupart des peuples ont utilis\u00e9 l&rsquo;oeuf, \u00a0symbole de la germination et des naissances \u00e0 venir. [&hellip;]<\/p>\n","protected":false},"author":1,"featured_media":3744,"comment_status":"open","ping_status":"open","sticky":false,"template":"","format":"standard","meta":{"footnotes":""},"categories":[227],"tags":[],"class_list":["post-3737","post","type-post","status-publish","format-standard","has-post-thumbnail","hentry","category-fetes"],"aioseo_notices":[],"_links":{"self":[{"href":"https:\/\/www.patchwork-perles-broderies.com\/blog\/wp-json\/wp\/v2\/posts\/3737","targetHints":{"allow":["GET"]}}],"collection":[{"href":"https:\/\/www.patchwork-perles-broderies.com\/blog\/wp-json\/wp\/v2\/posts"}],"about":[{"href":"https:\/\/www.patchwork-perles-broderies.com\/blog\/wp-json\/wp\/v2\/types\/post"}],"author":[{"embeddable":true,"href":"https:\/\/www.patchwork-perles-broderies.com\/blog\/wp-json\/wp\/v2\/users\/1"}],"replies":[{"embeddable":true,"href":"https:\/\/www.patchwork-perles-broderies.com\/blog\/wp-json\/wp\/v2\/comments?post=3737"}],"version-history":[{"count":4,"href":"https:\/\/www.patchwork-perles-broderies.com\/blog\/wp-json\/wp\/v2\/posts\/3737\/revisions"}],"predecessor-version":[{"id":3751,"href":"https:\/\/www.patchwork-perles-broderies.com\/blog\/wp-json\/wp\/v2\/posts\/3737\/revisions\/3751"}],"wp:featuredmedia":[{"embeddable":true,"href":"https:\/\/www.patchwork-perles-broderies.com\/blog\/wp-json\/wp\/v2\/media\/3744"}],"wp:attachment":[{"href":"https:\/\/www.patchwork-perles-broderies.com\/blog\/wp-json\/wp\/v2\/media?parent=3737"}],"wp:term":[{"taxonomy":"category","embeddable":true,"href":"https:\/\/www.patchwork-perles-broderies.com\/blog\/wp-json\/wp\/v2\/categories?post=3737"},{"taxonomy":"post_tag","embeddable":true,"href":"https:\/\/www.patchwork-perles-broderies.com\/blog\/wp-json\/wp\/v2\/tags?post=3737"}],"curies":[{"name":"wp","href":"https:\/\/api.w.org\/{rel}","templated":true}]}}