{"id":3780,"date":"2017-04-10T17:35:23","date_gmt":"2017-04-10T16:35:23","guid":{"rendered":"http:\/\/www.patchwork-perles-broderies.com\/blog\/?p=3780"},"modified":"2017-04-10T17:35:23","modified_gmt":"2017-04-10T16:35:23","slug":"exposition-de-leguevin","status":"publish","type":"post","link":"https:\/\/www.patchwork-perles-broderies.com\/blog\/2017\/04\/10\/exposition-de-leguevin\/","title":{"rendered":"Exposition de Leguevin"},"content":{"rendered":"<p style=\"text-align: justify;\"><img loading=\"lazy\" decoding=\"async\" class=\"alignleft size-medium wp-image-3782\" src=\"http:\/\/www.patchwork-perles-broderies.com\/blog\/wp-content\/uploads\/2017\/04\/DSCF1588-164x300.jpg\" alt=\"\" width=\"164\" height=\"300\" srcset=\"https:\/\/www.patchwork-perles-broderies.com\/blog\/wp-content\/uploads\/2017\/04\/DSCF1588-164x300.jpg 164w, https:\/\/www.patchwork-perles-broderies.com\/blog\/wp-content\/uploads\/2017\/04\/DSCF1588-768x1406.jpg 768w, https:\/\/www.patchwork-perles-broderies.com\/blog\/wp-content\/uploads\/2017\/04\/DSCF1588-559x1024.jpg 559w, https:\/\/www.patchwork-perles-broderies.com\/blog\/wp-content\/uploads\/2017\/04\/DSCF1588-600x1098.jpg 600w, https:\/\/www.patchwork-perles-broderies.com\/blog\/wp-content\/uploads\/2017\/04\/DSCF1588-624x1142.jpg 624w, https:\/\/www.patchwork-perles-broderies.com\/blog\/wp-content\/uploads\/2017\/04\/DSCF1588.jpg 1149w\" sizes=\"auto, (max-width: 164px) 100vw, 164px\" \/>L&rsquo;autre jour j&rsquo;ai \u00e9t\u00e9 faire un tour \u00a0\u00e0 l&rsquo;exposition de L\u00e9guevin. Le village a \u00e9t\u00e9 tr\u00e8s bien restaur\u00e9, trop peut \u00eatre \u00e0 mon go\u00fbt. J&rsquo;ai \u00e0 peine reconnu la rue principale que nous traversions r\u00e9guli\u00e8rement mon mari et moi il y a si longtemps lorsque nous allions voir ses parents dans le Gers.<\/p>\n<p style=\"text-align: justify;\">La Halle Piquot est un espace superbe, superbement restaur\u00e9, tr\u00e8s bien \u00e9clair\u00e9e par une \u00a0verri\u00e8re et particuli\u00e8rement adapt\u00e9 \u00e0 une exposition de patchwork.<\/p>\n<p style=\"text-align: justify;\">Une s\u00e9rie d&rsquo;ouvrages tr\u00e8s bien faits, de ravissantes broderies, une expo de qualit\u00e9. Je n&rsquo;aime pas vraiment commenter les quilts, je pr\u00e9f\u00e8re simplement regarder et savourer leur beaut\u00e9. Mais pour vous, comme d&rsquo;habitude j&rsquo;ai pris quelques photos au hasard\u00a0pour vous donner envie de visiter la prochaine expo organis\u00e9e par ce club dynamique.<\/p>\n<p style=\"text-align: justify;\"><img loading=\"lazy\" decoding=\"async\" class=\"aligncenter size-full wp-image-3788\" src=\"http:\/\/www.patchwork-perles-broderies.com\/blog\/wp-content\/uploads\/2017\/04\/DSCF1593.jpg\" alt=\"\" width=\"567\" height=\"589\" srcset=\"https:\/\/www.patchwork-perles-broderies.com\/blog\/wp-content\/uploads\/2017\/04\/DSCF1593.jpg 567w, https:\/\/www.patchwork-perles-broderies.com\/blog\/wp-content\/uploads\/2017\/04\/DSCF1593-289x300.jpg 289w\" sizes=\"auto, (max-width: 567px) 100vw, 567px\" \/><\/p>\n<p style=\"text-align: justify;\"><img loading=\"lazy\" decoding=\"async\" class=\"aligncenter size-full wp-image-3786\" src=\"http:\/\/www.patchwork-perles-broderies.com\/blog\/wp-content\/uploads\/2017\/04\/DSCF1592.jpg\" alt=\"\" width=\"567\" height=\"589\" srcset=\"https:\/\/www.patchwork-perles-broderies.com\/blog\/wp-content\/uploads\/2017\/04\/DSCF1592.jpg 567w, https:\/\/www.patchwork-perles-broderies.com\/blog\/wp-content\/uploads\/2017\/04\/DSCF1592-289x300.jpg 289w\" sizes=\"auto, (max-width: 567px) 100vw, 567px\" \/><img loading=\"lazy\" decoding=\"async\" class=\"aligncenter size-full wp-image-3781\" src=\"http:\/\/www.patchwork-perles-broderies.com\/blog\/wp-content\/uploads\/2017\/04\/DSCF1587.jpg\" alt=\"\" width=\"567\" height=\"675\" srcset=\"https:\/\/www.patchwork-perles-broderies.com\/blog\/wp-content\/uploads\/2017\/04\/DSCF1587.jpg 567w, https:\/\/www.patchwork-perles-broderies.com\/blog\/wp-content\/uploads\/2017\/04\/DSCF1587-252x300.jpg 252w\" sizes=\"auto, (max-width: 567px) 100vw, 567px\" \/><img loading=\"lazy\" decoding=\"async\" class=\"aligncenter size-full wp-image-3785\" src=\"http:\/\/www.patchwork-perles-broderies.com\/blog\/wp-content\/uploads\/2017\/04\/DSCF1591.jpg\" alt=\"\" width=\"567\" height=\"625\" srcset=\"https:\/\/www.patchwork-perles-broderies.com\/blog\/wp-content\/uploads\/2017\/04\/DSCF1591.jpg 567w, https:\/\/www.patchwork-perles-broderies.com\/blog\/wp-content\/uploads\/2017\/04\/DSCF1591-272x300.jpg 272w\" sizes=\"auto, (max-width: 567px) 100vw, 567px\" \/><\/p>\n<p style=\"text-align: justify;\"><img loading=\"lazy\" decoding=\"async\" class=\"aligncenter size-full wp-image-3783\" src=\"http:\/\/www.patchwork-perles-broderies.com\/blog\/wp-content\/uploads\/2017\/04\/DSCF1589.jpg\" alt=\"\" width=\"567\" height=\"554\" srcset=\"https:\/\/www.patchwork-perles-broderies.com\/blog\/wp-content\/uploads\/2017\/04\/DSCF1589.jpg 567w, https:\/\/www.patchwork-perles-broderies.com\/blog\/wp-content\/uploads\/2017\/04\/DSCF1589-300x293.jpg 300w\" sizes=\"auto, (max-width: 567px) 100vw, 567px\" \/><img loading=\"lazy\" decoding=\"async\" class=\"aligncenter size-full wp-image-3784\" src=\"http:\/\/www.patchwork-perles-broderies.com\/blog\/wp-content\/uploads\/2017\/04\/DSCF1590.jpg\" alt=\"\" width=\"567\" height=\"680\" srcset=\"https:\/\/www.patchwork-perles-broderies.com\/blog\/wp-content\/uploads\/2017\/04\/DSCF1590.jpg 567w, https:\/\/www.patchwork-perles-broderies.com\/blog\/wp-content\/uploads\/2017\/04\/DSCF1590-250x300.jpg 250w\" sizes=\"auto, (max-width: 567px) 100vw, 567px\" \/><img loading=\"lazy\" decoding=\"async\" class=\"aligncenter size-full wp-image-3787\" src=\"http:\/\/www.patchwork-perles-broderies.com\/blog\/wp-content\/uploads\/2017\/04\/DSCF1594.jpg\" alt=\"\" width=\"567\" height=\"889\" srcset=\"https:\/\/www.patchwork-perles-broderies.com\/blog\/wp-content\/uploads\/2017\/04\/DSCF1594.jpg 567w, https:\/\/www.patchwork-perles-broderies.com\/blog\/wp-content\/uploads\/2017\/04\/DSCF1594-191x300.jpg 191w\" sizes=\"auto, (max-width: 567px) 100vw, 567px\" \/><\/p>\n","protected":false},"excerpt":{"rendered":"<p>L&rsquo;autre jour j&rsquo;ai \u00e9t\u00e9 faire un tour \u00a0\u00e0 l&rsquo;exposition de L\u00e9guevin. Le village a \u00e9t\u00e9 tr\u00e8s bien restaur\u00e9, trop peut \u00eatre \u00e0 mon go\u00fbt. J&rsquo;ai \u00e0 peine reconnu la rue principale que nous traversions r\u00e9guli\u00e8rement mon mari et moi il y a si longtemps lorsque nous allions voir ses parents dans le Gers. La Halle [&hellip;]<\/p>\n","protected":false},"author":1,"featured_media":3787,"comment_status":"open","ping_status":"open","sticky":false,"template":"","format":"standard","meta":{"footnotes":""},"categories":[226],"tags":[],"class_list":["post-3780","post","type-post","status-publish","format-standard","has-post-thumbnail","hentry","category-expositions"],"aioseo_notices":[],"_links":{"self":[{"href":"https:\/\/www.patchwork-perles-broderies.com\/blog\/wp-json\/wp\/v2\/posts\/3780","targetHints":{"allow":["GET"]}}],"collection":[{"href":"https:\/\/www.patchwork-perles-broderies.com\/blog\/wp-json\/wp\/v2\/posts"}],"about":[{"href":"https:\/\/www.patchwork-perles-broderies.com\/blog\/wp-json\/wp\/v2\/types\/post"}],"author":[{"embeddable":true,"href":"https:\/\/www.patchwork-perles-broderies.com\/blog\/wp-json\/wp\/v2\/users\/1"}],"replies":[{"embeddable":true,"href":"https:\/\/www.patchwork-perles-broderies.com\/blog\/wp-json\/wp\/v2\/comments?post=3780"}],"version-history":[{"count":1,"href":"https:\/\/www.patchwork-perles-broderies.com\/blog\/wp-json\/wp\/v2\/posts\/3780\/revisions"}],"predecessor-version":[{"id":3789,"href":"https:\/\/www.patchwork-perles-broderies.com\/blog\/wp-json\/wp\/v2\/posts\/3780\/revisions\/3789"}],"wp:featuredmedia":[{"embeddable":true,"href":"https:\/\/www.patchwork-perles-broderies.com\/blog\/wp-json\/wp\/v2\/media\/3787"}],"wp:attachment":[{"href":"https:\/\/www.patchwork-perles-broderies.com\/blog\/wp-json\/wp\/v2\/media?parent=3780"}],"wp:term":[{"taxonomy":"category","embeddable":true,"href":"https:\/\/www.patchwork-perles-broderies.com\/blog\/wp-json\/wp\/v2\/categories?post=3780"},{"taxonomy":"post_tag","embeddable":true,"href":"https:\/\/www.patchwork-perles-broderies.com\/blog\/wp-json\/wp\/v2\/tags?post=3780"}],"curies":[{"name":"wp","href":"https:\/\/api.w.org\/{rel}","templated":true}]}}