{"id":3791,"date":"2017-04-21T12:02:00","date_gmt":"2017-04-21T11:02:00","guid":{"rendered":"http:\/\/www.patchwork-perles-broderies.com\/blog\/?p=3791"},"modified":"2017-04-21T12:02:00","modified_gmt":"2017-04-21T11:02:00","slug":"lexpo-de-nailloux","status":"publish","type":"post","link":"https:\/\/www.patchwork-perles-broderies.com\/blog\/2017\/04\/21\/lexpo-de-nailloux\/","title":{"rendered":"L&rsquo;expo de Nailloux"},"content":{"rendered":"<p>C&rsquo;est parti. Nous avons pass\u00e9 la journ\u00e9e d&rsquo;hier \u00e0 accrocher. Heureusement que Jean Luc et Maurice \u00e9taient venus nous aider. Ils ont t\u00e9moign\u00e9 d&rsquo;autant de patience que de comp\u00e9tence.<\/p>\n<p>Nous nous sommes arrang\u00e9es pour qu&rsquo;il y ait une permanence tous les jours ( sauf le dimanche et le 1 Mai) de 10h \u00e0 midi et de 14 h \u00e0 18 heures et nous serons heureuses de vous accueillir.<\/p>\n<p>N&rsquo;oubliez pas le vernissage ce soir \u00e0 5 heures.<\/p>\n<p>Voici quelques photos d&rsquo;ensemble pour vous donner une id\u00e9e&#8230;<\/p>\n<p><img loading=\"lazy\" decoding=\"async\" class=\"aligncenter size-full wp-image-3792\" src=\"http:\/\/www.patchwork-perles-broderies.com\/blog\/wp-content\/uploads\/2017\/04\/DSCF0446.jpg\" alt=\"\" width=\"1020\" height=\"765\" srcset=\"https:\/\/www.patchwork-perles-broderies.com\/blog\/wp-content\/uploads\/2017\/04\/DSCF0446.jpg 1020w, https:\/\/www.patchwork-perles-broderies.com\/blog\/wp-content\/uploads\/2017\/04\/DSCF0446-300x225.jpg 300w, https:\/\/www.patchwork-perles-broderies.com\/blog\/wp-content\/uploads\/2017\/04\/DSCF0446-768x576.jpg 768w, https:\/\/www.patchwork-perles-broderies.com\/blog\/wp-content\/uploads\/2017\/04\/DSCF0446-600x450.jpg 600w, https:\/\/www.patchwork-perles-broderies.com\/blog\/wp-content\/uploads\/2017\/04\/DSCF0446-624x468.jpg 624w\" sizes=\"auto, (max-width: 1020px) 100vw, 1020px\" \/> <img loading=\"lazy\" decoding=\"async\" class=\"aligncenter size-full wp-image-3793\" src=\"http:\/\/www.patchwork-perles-broderies.com\/blog\/wp-content\/uploads\/2017\/04\/hall-escalierx.jpg\" alt=\"\" width=\"960\" height=\"720\" srcset=\"https:\/\/www.patchwork-perles-broderies.com\/blog\/wp-content\/uploads\/2017\/04\/hall-escalierx.jpg 960w, https:\/\/www.patchwork-perles-broderies.com\/blog\/wp-content\/uploads\/2017\/04\/hall-escalierx-300x225.jpg 300w, https:\/\/www.patchwork-perles-broderies.com\/blog\/wp-content\/uploads\/2017\/04\/hall-escalierx-768x576.jpg 768w, https:\/\/www.patchwork-perles-broderies.com\/blog\/wp-content\/uploads\/2017\/04\/hall-escalierx-600x450.jpg 600w, https:\/\/www.patchwork-perles-broderies.com\/blog\/wp-content\/uploads\/2017\/04\/hall-escalierx-624x468.jpg 624w\" sizes=\"auto, (max-width: 960px) 100vw, 960px\" \/> <img loading=\"lazy\" decoding=\"async\" class=\"aligncenter size-full wp-image-3794\" src=\"http:\/\/www.patchwork-perles-broderies.com\/blog\/wp-content\/uploads\/2017\/04\/salle1x.jpg\" alt=\"\" width=\"960\" height=\"720\" srcset=\"https:\/\/www.patchwork-perles-broderies.com\/blog\/wp-content\/uploads\/2017\/04\/salle1x.jpg 960w, https:\/\/www.patchwork-perles-broderies.com\/blog\/wp-content\/uploads\/2017\/04\/salle1x-300x225.jpg 300w, https:\/\/www.patchwork-perles-broderies.com\/blog\/wp-content\/uploads\/2017\/04\/salle1x-768x576.jpg 768w, https:\/\/www.patchwork-perles-broderies.com\/blog\/wp-content\/uploads\/2017\/04\/salle1x-600x450.jpg 600w, https:\/\/www.patchwork-perles-broderies.com\/blog\/wp-content\/uploads\/2017\/04\/salle1x-624x468.jpg 624w\" sizes=\"auto, (max-width: 960px) 100vw, 960px\" \/> <img loading=\"lazy\" decoding=\"async\" class=\"aligncenter size-full wp-image-3795\" src=\"http:\/\/www.patchwork-perles-broderies.com\/blog\/wp-content\/uploads\/2017\/04\/salle2x.jpg\" alt=\"\" width=\"960\" height=\"720\" srcset=\"https:\/\/www.patchwork-perles-broderies.com\/blog\/wp-content\/uploads\/2017\/04\/salle2x.jpg 960w, https:\/\/www.patchwork-perles-broderies.com\/blog\/wp-content\/uploads\/2017\/04\/salle2x-300x225.jpg 300w, https:\/\/www.patchwork-perles-broderies.com\/blog\/wp-content\/uploads\/2017\/04\/salle2x-768x576.jpg 768w, https:\/\/www.patchwork-perles-broderies.com\/blog\/wp-content\/uploads\/2017\/04\/salle2x-600x450.jpg 600w, https:\/\/www.patchwork-perles-broderies.com\/blog\/wp-content\/uploads\/2017\/04\/salle2x-624x468.jpg 624w\" sizes=\"auto, (max-width: 960px) 100vw, 960px\" \/><\/p>\n<p>&nbsp;<\/p>\n<p>&nbsp;<\/p>\n","protected":false},"excerpt":{"rendered":"<p>C&rsquo;est parti. Nous avons pass\u00e9 la journ\u00e9e d&rsquo;hier \u00e0 accrocher. Heureusement que Jean Luc et Maurice \u00e9taient venus nous aider. Ils ont t\u00e9moign\u00e9 d&rsquo;autant de patience que de comp\u00e9tence. Nous nous sommes arrang\u00e9es pour qu&rsquo;il y ait une permanence tous les jours ( sauf le dimanche et le 1 Mai) de 10h \u00e0 midi et [&hellip;]<\/p>\n","protected":false},"author":1,"featured_media":0,"comment_status":"open","ping_status":"open","sticky":false,"template":"","format":"standard","meta":{"footnotes":""},"categories":[1],"tags":[],"class_list":["post-3791","post","type-post","status-publish","format-standard","hentry","category-non-classe"],"aioseo_notices":[],"_links":{"self":[{"href":"https:\/\/www.patchwork-perles-broderies.com\/blog\/wp-json\/wp\/v2\/posts\/3791","targetHints":{"allow":["GET"]}}],"collection":[{"href":"https:\/\/www.patchwork-perles-broderies.com\/blog\/wp-json\/wp\/v2\/posts"}],"about":[{"href":"https:\/\/www.patchwork-perles-broderies.com\/blog\/wp-json\/wp\/v2\/types\/post"}],"author":[{"embeddable":true,"href":"https:\/\/www.patchwork-perles-broderies.com\/blog\/wp-json\/wp\/v2\/users\/1"}],"replies":[{"embeddable":true,"href":"https:\/\/www.patchwork-perles-broderies.com\/blog\/wp-json\/wp\/v2\/comments?post=3791"}],"version-history":[{"count":1,"href":"https:\/\/www.patchwork-perles-broderies.com\/blog\/wp-json\/wp\/v2\/posts\/3791\/revisions"}],"predecessor-version":[{"id":3796,"href":"https:\/\/www.patchwork-perles-broderies.com\/blog\/wp-json\/wp\/v2\/posts\/3791\/revisions\/3796"}],"wp:attachment":[{"href":"https:\/\/www.patchwork-perles-broderies.com\/blog\/wp-json\/wp\/v2\/media?parent=3791"}],"wp:term":[{"taxonomy":"category","embeddable":true,"href":"https:\/\/www.patchwork-perles-broderies.com\/blog\/wp-json\/wp\/v2\/categories?post=3791"},{"taxonomy":"post_tag","embeddable":true,"href":"https:\/\/www.patchwork-perles-broderies.com\/blog\/wp-json\/wp\/v2\/tags?post=3791"}],"curies":[{"name":"wp","href":"https:\/\/api.w.org\/{rel}","templated":true}]}}