{"id":3798,"date":"2017-04-29T09:11:27","date_gmt":"2017-04-29T08:11:27","guid":{"rendered":"http:\/\/www.patchwork-perles-broderies.com\/blog\/?p=3798"},"modified":"2017-04-29T09:14:33","modified_gmt":"2017-04-29T08:14:33","slug":"dans-les-bois-de-chaville","status":"publish","type":"post","link":"https:\/\/www.patchwork-perles-broderies.com\/blog\/2017\/04\/29\/dans-les-bois-de-chaville\/","title":{"rendered":"Dans les bois de Chaville"},"content":{"rendered":"<p style=\"text-align: justify;\"><img loading=\"lazy\" decoding=\"async\" class=\"alignleft size-medium wp-image-3808\" src=\"http:\/\/www.patchwork-perles-broderies.com\/blog\/wp-content\/uploads\/2017\/04\/Vintage-Bluebirds-Image-GraphicsFairy-236x300.jpg\" alt=\"\" width=\"236\" height=\"300\" srcset=\"https:\/\/www.patchwork-perles-broderies.com\/blog\/wp-content\/uploads\/2017\/04\/Vintage-Bluebirds-Image-GraphicsFairy-236x300.jpg 236w, https:\/\/www.patchwork-perles-broderies.com\/blog\/wp-content\/uploads\/2017\/04\/Vintage-Bluebirds-Image-GraphicsFairy-768x977.jpg 768w, https:\/\/www.patchwork-perles-broderies.com\/blog\/wp-content\/uploads\/2017\/04\/Vintage-Bluebirds-Image-GraphicsFairy-805x1024.jpg 805w, https:\/\/www.patchwork-perles-broderies.com\/blog\/wp-content\/uploads\/2017\/04\/Vintage-Bluebirds-Image-GraphicsFairy-600x764.jpg 600w, https:\/\/www.patchwork-perles-broderies.com\/blog\/wp-content\/uploads\/2017\/04\/Vintage-Bluebirds-Image-GraphicsFairy-624x794.jpg 624w, https:\/\/www.patchwork-perles-broderies.com\/blog\/wp-content\/uploads\/2017\/04\/Vintage-Bluebirds-Image-GraphicsFairy.jpg 943w\" sizes=\"auto, (max-width: 236px) 100vw, 236px\" \/>Les bouleversements climatiques nuisent \u00e0 la plus embl\u00e9matique des fleurs, le muguet. Autrefois elle fleurissait juste en ce d\u00e9but de Mai apportant avec elle la promesse de la douceur du temps et de l&rsquo;\u00e9closion printani\u00e8re. Maintenant il fleurit beaucoup plus t\u00f4t et le premier Mai ne voit souvent dans nos jardins que des clochettes fan\u00e9es.<\/p>\n<p style=\"text-align: justify;\">Il me semble aussi que la tradition en est pass\u00e9e. on associe de plus en plus le premier Mai au jour f\u00e9ri\u00e9 d\u00fb \u00e0 la f\u00eate du travail et de moins en moins \u00e0 l&rsquo;\u00e9change romantique de porte bonheurs. il m&rsquo;a donc sembl\u00e9 n\u00e9cessaire de renouer avec la tradition en vous envoyant plein de muguet pour cette f\u00eate.<\/p>\n<p style=\"text-align: justify;\">Il n&rsquo;existe plus gu\u00e8re de cartes aussi romantiques que celles que je vous propose, mais vous en avez peut \u00eatre trouv\u00e9 une dans votre grenier, ou choisi une version plus moderne chez votre buraliste.<\/p>\n<p style=\"text-align: justify;\"><img loading=\"lazy\" decoding=\"async\" class=\"aligncenter size-full wp-image-3803\" src=\"http:\/\/www.patchwork-perles-broderies.com\/blog\/wp-content\/uploads\/2017\/04\/lily-of-the-valley-cards.jpg\" alt=\"\" width=\"564\" height=\"564\" srcset=\"https:\/\/www.patchwork-perles-broderies.com\/blog\/wp-content\/uploads\/2017\/04\/lily-of-the-valley-cards.jpg 564w, https:\/\/www.patchwork-perles-broderies.com\/blog\/wp-content\/uploads\/2017\/04\/lily-of-the-valley-cards-150x150.jpg 150w, https:\/\/www.patchwork-perles-broderies.com\/blog\/wp-content\/uploads\/2017\/04\/lily-of-the-valley-cards-300x300.jpg 300w\" sizes=\"auto, (max-width: 564px) 100vw, 564px\" \/><\/p>\n<p style=\"text-align: justify;\">Le muguet n&rsquo;est pas tr\u00e8s utilis\u00e9 en patch. Ses minuscules clochettes le rendent difficile \u00e0 r\u00e9aliser. J&rsquo;ai pourtant trouv\u00e9 la reproduction d&rsquo;un ancien mod\u00e8le \u00a0dans un ancien index de quilt.<\/p>\n<div id=\"attachment_3805\" style=\"width: 635px\" class=\"wp-caption aligncenter\"><img loading=\"lazy\" decoding=\"async\" aria-describedby=\"caption-attachment-3805\" class=\"size-large wp-image-3805\" src=\"http:\/\/www.patchwork-perles-broderies.com\/blog\/wp-content\/uploads\/2017\/04\/lily-of-the-valley1-676x1024.jpg\" alt=\"\" width=\"625\" height=\"947\" srcset=\"https:\/\/www.patchwork-perles-broderies.com\/blog\/wp-content\/uploads\/2017\/04\/lily-of-the-valley1-676x1024.jpg 676w, https:\/\/www.patchwork-perles-broderies.com\/blog\/wp-content\/uploads\/2017\/04\/lily-of-the-valley1-198x300.jpg 198w, https:\/\/www.patchwork-perles-broderies.com\/blog\/wp-content\/uploads\/2017\/04\/lily-of-the-valley1-600x909.jpg 600w, https:\/\/www.patchwork-perles-broderies.com\/blog\/wp-content\/uploads\/2017\/04\/lily-of-the-valley1-624x945.jpg 624w, https:\/\/www.patchwork-perles-broderies.com\/blog\/wp-content\/uploads\/2017\/04\/lily-of-the-valley1.jpg 700w\" sizes=\"auto, (max-width: 625px) 100vw, 625px\" \/><p id=\"caption-attachment-3805\" class=\"wp-caption-text\">http:\/\/www.quiltindex.org<\/p><\/div>\n<p style=\"text-align: justify;\">Et quelques artistes ont cr\u00e9\u00e9 de superbes pi\u00e8ces comportant du muguet \u00a0en\u00a0broderie<\/p>\n<p style=\"text-align: justify;\"><img loading=\"lazy\" decoding=\"async\" class=\"aligncenter size-full wp-image-3804\" src=\"http:\/\/www.patchwork-perles-broderies.com\/blog\/wp-content\/uploads\/2017\/04\/lily-of-the-valley.jpg\" alt=\"\" width=\"629\" height=\"488\" srcset=\"https:\/\/www.patchwork-perles-broderies.com\/blog\/wp-content\/uploads\/2017\/04\/lily-of-the-valley.jpg 629w, https:\/\/www.patchwork-perles-broderies.com\/blog\/wp-content\/uploads\/2017\/04\/lily-of-the-valley-300x233.jpg 300w, https:\/\/www.patchwork-perles-broderies.com\/blog\/wp-content\/uploads\/2017\/04\/lily-of-the-valley-600x466.jpg 600w, https:\/\/www.patchwork-perles-broderies.com\/blog\/wp-content\/uploads\/2017\/04\/lily-of-the-valley-624x484.jpg 624w\" sizes=\"auto, (max-width: 629px) 100vw, 629px\" \/><\/p>\n<p style=\"text-align: justify;\">Par contre il a \u00e9t\u00e9 abondamment utilis\u00e9 pour d\u00e9corer toutes sortes d&rsquo;objets comme ce vase de porcelaine d&rsquo;Irina Zaytceva.<\/p>\n<p style=\"text-align: justify;\"><img loading=\"lazy\" decoding=\"async\" class=\"aligncenter size-full wp-image-3801\" src=\"http:\/\/www.patchwork-perles-broderies.com\/blog\/wp-content\/uploads\/2017\/04\/art-of-Irina.jpg\" alt=\"\" width=\"480\" height=\"640\" srcset=\"https:\/\/www.patchwork-perles-broderies.com\/blog\/wp-content\/uploads\/2017\/04\/art-of-Irina.jpg 480w, https:\/\/www.patchwork-perles-broderies.com\/blog\/wp-content\/uploads\/2017\/04\/art-of-Irina-225x300.jpg 225w\" sizes=\"auto, (max-width: 480px) 100vw, 480px\" \/><\/p>\n<p style=\"text-align: justify;\"><img loading=\"lazy\" decoding=\"async\" class=\"alignleft size-full wp-image-3807\" src=\"http:\/\/www.patchwork-perles-broderies.com\/blog\/wp-content\/uploads\/2017\/04\/tasse-muguet.jpg\" alt=\"\" width=\"250\" height=\"221\" \/>J&rsquo;esp\u00e8re donc que demain matin vous prendrez votre petit d\u00e9jeuner dans une tasse d\u00e9cor\u00e9e pour l&rsquo;occasion. \u00a0Nous n&rsquo;utilisons plus gu\u00e8re ces ravissants objets de porcelaine bien que certains pensent que le caf\u00e9 a bien meilleur go\u00fbt lorsqu&rsquo;il est servi dans une tasse de porcelaine. Au club il y a plusieurs de ces convaincues et pour \u00e9viter une mutinerie j&rsquo;ai d\u00fb rep\u00eacher \u00a0quelques tasses \u00a0dans mes r\u00e9serves &#8211;\u00a0heureusement elles se sont content\u00e9es de porcelaine blanche.<\/p>\n<p style=\"text-align: justify;\"><img loading=\"lazy\" decoding=\"async\" class=\"alignright size-medium wp-image-3806\" src=\"http:\/\/www.patchwork-perles-broderies.com\/blog\/wp-content\/uploads\/2017\/04\/oeuf-de-porcelaine-russe-222x300.jpg\" alt=\"\" width=\"222\" height=\"300\" srcset=\"https:\/\/www.patchwork-perles-broderies.com\/blog\/wp-content\/uploads\/2017\/04\/oeuf-de-porcelaine-russe-222x300.jpg 222w, https:\/\/www.patchwork-perles-broderies.com\/blog\/wp-content\/uploads\/2017\/04\/oeuf-de-porcelaine-russe.jpg 517w\" sizes=\"auto, (max-width: 222px) 100vw, 222px\" \/>Et en savourant votre th\u00e9 ou votre caf\u00e9 vous contemplerez cet extraordinaire oeuf de porcelaine fabriqu\u00e9 il y a bien longtemps par les artistes russes.<\/p>\n<p style=\"text-align: justify;\">Si votre bien aim\u00e9 est suffisamment riche il pourrait peut \u00eatre vous offrir une de ces broches anciennes que vous pourriez porter\u00a0chaque fois que vous d\u00e9sirez \u00eatre particuli\u00e8rement \u00e9l\u00e9gante.<\/p>\n<table>\n<tbody>\n<tr>\n<td><img loading=\"lazy\" decoding=\"async\" class=\"alignleft wp-image-3810\" src=\"http:\/\/www.patchwork-perles-broderies.com\/blog\/wp-content\/uploads\/2017\/04\/broche-en-muguet1.jpg\" alt=\"\" width=\"225\" height=\"255\" \/><\/td>\n<td><img loading=\"lazy\" decoding=\"async\" class=\"alignright wp-image-3811 size-full\" src=\"http:\/\/www.patchwork-perles-broderies.com\/blog\/wp-content\/uploads\/2017\/04\/broche-en-muguet.jpg\" alt=\"broche en diamants vendue \u00e0 Christie's\" width=\"184\" height=\"255\" \/><\/td>\n<\/tr>\n<\/tbody>\n<\/table>\n<p style=\"text-align: justify;\">Quel que soit votre choix, je vous souhaite un premier mai parfum\u00e9 et plein de joie.<\/p>\n","protected":false},"excerpt":{"rendered":"<p>Les bouleversements climatiques nuisent \u00e0 la plus embl\u00e9matique des fleurs, le muguet. Autrefois elle fleurissait juste en ce d\u00e9but de Mai apportant avec elle la promesse de la douceur du temps et de l&rsquo;\u00e9closion printani\u00e8re. Maintenant il fleurit beaucoup plus t\u00f4t et le premier Mai ne voit souvent dans nos jardins que des clochettes fan\u00e9es. [&hellip;]<\/p>\n","protected":false},"author":1,"featured_media":3808,"comment_status":"open","ping_status":"open","sticky":false,"template":"","format":"standard","meta":{"footnotes":""},"categories":[227],"tags":[],"class_list":["post-3798","post","type-post","status-publish","format-standard","has-post-thumbnail","hentry","category-fetes"],"aioseo_notices":[],"_links":{"self":[{"href":"https:\/\/www.patchwork-perles-broderies.com\/blog\/wp-json\/wp\/v2\/posts\/3798","targetHints":{"allow":["GET"]}}],"collection":[{"href":"https:\/\/www.patchwork-perles-broderies.com\/blog\/wp-json\/wp\/v2\/posts"}],"about":[{"href":"https:\/\/www.patchwork-perles-broderies.com\/blog\/wp-json\/wp\/v2\/types\/post"}],"author":[{"embeddable":true,"href":"https:\/\/www.patchwork-perles-broderies.com\/blog\/wp-json\/wp\/v2\/users\/1"}],"replies":[{"embeddable":true,"href":"https:\/\/www.patchwork-perles-broderies.com\/blog\/wp-json\/wp\/v2\/comments?post=3798"}],"version-history":[{"count":3,"href":"https:\/\/www.patchwork-perles-broderies.com\/blog\/wp-json\/wp\/v2\/posts\/3798\/revisions"}],"predecessor-version":[{"id":3813,"href":"https:\/\/www.patchwork-perles-broderies.com\/blog\/wp-json\/wp\/v2\/posts\/3798\/revisions\/3813"}],"wp:featuredmedia":[{"embeddable":true,"href":"https:\/\/www.patchwork-perles-broderies.com\/blog\/wp-json\/wp\/v2\/media\/3808"}],"wp:attachment":[{"href":"https:\/\/www.patchwork-perles-broderies.com\/blog\/wp-json\/wp\/v2\/media?parent=3798"}],"wp:term":[{"taxonomy":"category","embeddable":true,"href":"https:\/\/www.patchwork-perles-broderies.com\/blog\/wp-json\/wp\/v2\/categories?post=3798"},{"taxonomy":"post_tag","embeddable":true,"href":"https:\/\/www.patchwork-perles-broderies.com\/blog\/wp-json\/wp\/v2\/tags?post=3798"}],"curies":[{"name":"wp","href":"https:\/\/api.w.org\/{rel}","templated":true}]}}