{"id":4165,"date":"2017-12-01T18:14:46","date_gmt":"2017-12-01T17:14:46","guid":{"rendered":"http:\/\/www.patchwork-perles-broderies.com\/blog\/?p=4165"},"modified":"2017-12-01T18:17:03","modified_gmt":"2017-12-01T17:17:03","slug":"calendrier-de-lavent","status":"publish","type":"post","link":"https:\/\/www.patchwork-perles-broderies.com\/blog\/2017\/12\/01\/calendrier-de-lavent\/","title":{"rendered":"Calendrier de l&rsquo;avent"},"content":{"rendered":"<p style=\"text-align: justify;\">Dimanche va commencer cette p\u00e9riode intense entre toutes, celle de l&rsquo;Avent. Pour beaucoup\u00a0 cela ne repr\u00e9sentera qu&rsquo;une recherche de cadeaux et de d\u00e9coration, pour les chr\u00e9tiens elle repr\u00e9sente l&rsquo;attente de la naissance de J\u00e9sus. J\u00e9sus cet\u00a0 enfant n\u00e9 pour nous apporter un message d&rsquo;amour et de paix, message dont nos temps troubl\u00e9s ont besoin plus que jamais.<\/p>\n<p>Il y a bien longtemps que je n&rsquo;ai plus fait ces calendriers de l&rsquo;avent si chers aux enfants puisque chaque case repr\u00e9sente un jour qui passe avant la date fatidique de No\u00ebl&#8230; et que chaque case, une fois ouverte livre \u00e0 leur gourmandise une friandise.<\/p>\n<p style=\"text-align: justify;\">Lorsque mes enfants \u00e9taient petits nous faisions des calendriers relativement simples comme celui ci.<\/p>\n<p style=\"text-align: justify;\"><img loading=\"lazy\" decoding=\"async\" class=\"size-full wp-image-4166 aligncenter\" src=\"http:\/\/www.patchwork-perles-broderies.com\/blog\/wp-content\/uploads\/2017\/12\/calendrier-de-lavent.jpg\" alt=\"\" width=\"363\" height=\"459\" srcset=\"https:\/\/www.patchwork-perles-broderies.com\/blog\/wp-content\/uploads\/2017\/12\/calendrier-de-lavent.jpg 363w, https:\/\/www.patchwork-perles-broderies.com\/blog\/wp-content\/uploads\/2017\/12\/calendrier-de-lavent-237x300.jpg 237w\" sizes=\"auto, (max-width: 363px) 100vw, 363px\" \/><\/p>\n<p>Depuis les mamans ont fait preuve d&rsquo;une inventivit\u00e9 jamais en d\u00e9faut<\/p>\n<p style=\"text-align: justify;\">Calendriers en forme d&rsquo;arbre\u00a0 avec un simple chiffre pour guider la recherche des enfants<\/p>\n<p><img loading=\"lazy\" decoding=\"async\" class=\"alignleft size-full wp-image-4168\" src=\"http:\/\/www.patchwork-perles-broderies.com\/blog\/wp-content\/uploads\/2017\/12\/fabirc-advent-calendar.jpg\" alt=\"\" width=\"1128\" height=\"1554\" srcset=\"https:\/\/www.patchwork-perles-broderies.com\/blog\/wp-content\/uploads\/2017\/12\/fabirc-advent-calendar.jpg 1128w, https:\/\/www.patchwork-perles-broderies.com\/blog\/wp-content\/uploads\/2017\/12\/fabirc-advent-calendar-218x300.jpg 218w, https:\/\/www.patchwork-perles-broderies.com\/blog\/wp-content\/uploads\/2017\/12\/fabirc-advent-calendar-768x1058.jpg 768w, https:\/\/www.patchwork-perles-broderies.com\/blog\/wp-content\/uploads\/2017\/12\/fabirc-advent-calendar-743x1024.jpg 743w, https:\/\/www.patchwork-perles-broderies.com\/blog\/wp-content\/uploads\/2017\/12\/fabirc-advent-calendar-600x827.jpg 600w, https:\/\/www.patchwork-perles-broderies.com\/blog\/wp-content\/uploads\/2017\/12\/fabirc-advent-calendar-624x860.jpg 624w\" sizes=\"auto, (max-width: 1128px) 100vw, 1128px\" \/><\/p>\n<p style=\"text-align: justify;\"><img loading=\"lazy\" decoding=\"async\" class=\"aligncenter wp-image-4167\" src=\"http:\/\/www.patchwork-perles-broderies.com\/blog\/wp-content\/uploads\/2017\/12\/calendrier-de-lavent1.jpg\" alt=\"\" width=\"500\" height=\"591\" srcset=\"https:\/\/www.patchwork-perles-broderies.com\/blog\/wp-content\/uploads\/2017\/12\/calendrier-de-lavent1.jpg 469w, https:\/\/www.patchwork-perles-broderies.com\/blog\/wp-content\/uploads\/2017\/12\/calendrier-de-lavent1-254x300.jpg 254w\" sizes=\"auto, (max-width: 500px) 100vw, 500px\" \/>Calendriers \u00e0 th\u00e8me comme ceux ci d\u00e9di\u00e9s aux chouettes.<\/p>\n<p><img loading=\"lazy\" decoding=\"async\" class=\"aligncenter size-large wp-image-4171\" src=\"http:\/\/www.patchwork-perles-broderies.com\/blog\/wp-content\/uploads\/2017\/12\/OwlAdventCalendar2-819x1024.jpg\" alt=\"\" width=\"625\" height=\"781\" srcset=\"https:\/\/www.patchwork-perles-broderies.com\/blog\/wp-content\/uploads\/2017\/12\/OwlAdventCalendar2-819x1024.jpg 819w, https:\/\/www.patchwork-perles-broderies.com\/blog\/wp-content\/uploads\/2017\/12\/OwlAdventCalendar2-240x300.jpg 240w, https:\/\/www.patchwork-perles-broderies.com\/blog\/wp-content\/uploads\/2017\/12\/OwlAdventCalendar2-768x960.jpg 768w, https:\/\/www.patchwork-perles-broderies.com\/blog\/wp-content\/uploads\/2017\/12\/OwlAdventCalendar2-600x750.jpg 600w, https:\/\/www.patchwork-perles-broderies.com\/blog\/wp-content\/uploads\/2017\/12\/OwlAdventCalendar2-624x780.jpg 624w\" sizes=\"auto, (max-width: 625px) 100vw, 625px\" \/> <img loading=\"lazy\" decoding=\"async\" class=\"aligncenter size-full wp-image-4170\" src=\"http:\/\/www.patchwork-perles-broderies.com\/blog\/wp-content\/uploads\/2017\/12\/owl-advent-calendar.jpg\" alt=\"\" width=\"524\" height=\"584\" srcset=\"https:\/\/www.patchwork-perles-broderies.com\/blog\/wp-content\/uploads\/2017\/12\/owl-advent-calendar.jpg 524w, https:\/\/www.patchwork-perles-broderies.com\/blog\/wp-content\/uploads\/2017\/12\/owl-advent-calendar-269x300.jpg 269w\" sizes=\"auto, (max-width: 524px) 100vw, 524px\" \/><\/p>\n<p>Et une maman press\u00e9e a r\u00e9alis\u00e9\u00a0 celui de ses enfants avec de simples pliages papiers en origami ( on pourrait faire les m\u00eames pliages avec des tissus.<\/p>\n<p><img loading=\"lazy\" decoding=\"async\" class=\"aligncenter size-full wp-image-4169\" src=\"http:\/\/www.patchwork-perles-broderies.com\/blog\/wp-content\/uploads\/2017\/12\/origami-advent-calendar-.jpg\" alt=\"\" width=\"500\" height=\"477\" srcset=\"https:\/\/www.patchwork-perles-broderies.com\/blog\/wp-content\/uploads\/2017\/12\/origami-advent-calendar-.jpg 500w, https:\/\/www.patchwork-perles-broderies.com\/blog\/wp-content\/uploads\/2017\/12\/origami-advent-calendar--300x286.jpg 300w\" sizes=\"auto, (max-width: 500px) 100vw, 500px\" \/><\/p>\n","protected":false},"excerpt":{"rendered":"<p>Dimanche va commencer cette p\u00e9riode intense entre toutes, celle de l&rsquo;Avent. Pour beaucoup\u00a0 cela ne repr\u00e9sentera qu&rsquo;une recherche de cadeaux et de d\u00e9coration, pour les chr\u00e9tiens elle repr\u00e9sente l&rsquo;attente de la naissance de J\u00e9sus. J\u00e9sus cet\u00a0 enfant n\u00e9 pour nous apporter un message d&rsquo;amour et de paix, message dont nos temps troubl\u00e9s ont besoin plus [&hellip;]<\/p>\n","protected":false},"author":1,"featured_media":0,"comment_status":"open","ping_status":"open","sticky":false,"template":"","format":"standard","meta":{"footnotes":""},"categories":[227],"tags":[],"class_list":["post-4165","post","type-post","status-publish","format-standard","hentry","category-fetes"],"aioseo_notices":[],"_links":{"self":[{"href":"https:\/\/www.patchwork-perles-broderies.com\/blog\/wp-json\/wp\/v2\/posts\/4165","targetHints":{"allow":["GET"]}}],"collection":[{"href":"https:\/\/www.patchwork-perles-broderies.com\/blog\/wp-json\/wp\/v2\/posts"}],"about":[{"href":"https:\/\/www.patchwork-perles-broderies.com\/blog\/wp-json\/wp\/v2\/types\/post"}],"author":[{"embeddable":true,"href":"https:\/\/www.patchwork-perles-broderies.com\/blog\/wp-json\/wp\/v2\/users\/1"}],"replies":[{"embeddable":true,"href":"https:\/\/www.patchwork-perles-broderies.com\/blog\/wp-json\/wp\/v2\/comments?post=4165"}],"version-history":[{"count":3,"href":"https:\/\/www.patchwork-perles-broderies.com\/blog\/wp-json\/wp\/v2\/posts\/4165\/revisions"}],"predecessor-version":[{"id":4174,"href":"https:\/\/www.patchwork-perles-broderies.com\/blog\/wp-json\/wp\/v2\/posts\/4165\/revisions\/4174"}],"wp:attachment":[{"href":"https:\/\/www.patchwork-perles-broderies.com\/blog\/wp-json\/wp\/v2\/media?parent=4165"}],"wp:term":[{"taxonomy":"category","embeddable":true,"href":"https:\/\/www.patchwork-perles-broderies.com\/blog\/wp-json\/wp\/v2\/categories?post=4165"},{"taxonomy":"post_tag","embeddable":true,"href":"https:\/\/www.patchwork-perles-broderies.com\/blog\/wp-json\/wp\/v2\/tags?post=4165"}],"curies":[{"name":"wp","href":"https:\/\/api.w.org\/{rel}","templated":true}]}}