{"id":4350,"date":"2018-05-20T21:40:17","date_gmt":"2018-05-20T20:40:17","guid":{"rendered":"http:\/\/www.patchwork-perles-broderies.com\/blog\/?p=4350"},"modified":"2018-05-20T21:47:29","modified_gmt":"2018-05-20T20:47:29","slug":"tapis-de-jeu-et-de-lecture","status":"publish","type":"post","link":"https:\/\/www.patchwork-perles-broderies.com\/blog\/2018\/05\/20\/tapis-de-jeu-et-de-lecture\/","title":{"rendered":"Tapis de jeu et de lecture"},"content":{"rendered":"<p style=\"text-align: justify;\"><img loading=\"lazy\" decoding=\"async\" class=\"alignleft size-medium wp-image-4368\" src=\"http:\/\/www.patchwork-perles-broderies.com\/blog\/wp-content\/uploads\/2018\/05\/jouets-300x200.jpg\" alt=\"\" width=\"300\" height=\"200\" srcset=\"https:\/\/www.patchwork-perles-broderies.com\/blog\/wp-content\/uploads\/2018\/05\/jouets-300x200.jpg 300w, https:\/\/www.patchwork-perles-broderies.com\/blog\/wp-content\/uploads\/2018\/05\/jouets-768x512.jpg 768w, https:\/\/www.patchwork-perles-broderies.com\/blog\/wp-content\/uploads\/2018\/05\/jouets-1024x683.jpg 1024w, https:\/\/www.patchwork-perles-broderies.com\/blog\/wp-content\/uploads\/2018\/05\/jouets-600x400.jpg 600w, https:\/\/www.patchwork-perles-broderies.com\/blog\/wp-content\/uploads\/2018\/05\/jouets-624x416.jpg 624w, https:\/\/www.patchwork-perles-broderies.com\/blog\/wp-content\/uploads\/2018\/05\/jouets.jpg 1788w\" sizes=\"auto, (max-width: 300px) 100vw, 300px\" \/>Apr\u00e8s la publication de mon article sur les quilts d&rsquo;enfants, j&rsquo;ai re\u00e7u une tr\u00e8s gentille lettre de Dany Michon. Elle me disait avoir cr\u00e9\u00e9 et\u00a0 r\u00e9alis\u00e9 un tapis de jeu pour les enfants de Roques. Un tapis qui sert de support lorsqu&rsquo;on raconte des histoires aux enfants. Un tapis avec lequel on peut jouer &#8211; les jouets associ\u00e9s au tapis permettent de s&rsquo;identifier \u00e0 la sc\u00e8ne.<\/p>\n<p style=\"text-align: justify;\">Les photos m&rsquo;ont enthousiasm\u00e9e et je lui ai demand\u00e9 si elle accepterait de partager son travail avec nous, ce qu&rsquo;elle a gentiment accept\u00e9.<\/p>\n<p style=\"text-align: justify;\"><img loading=\"lazy\" decoding=\"async\" class=\"alignleft size-medium wp-image-4363\" src=\"http:\/\/www.patchwork-perles-broderies.com\/blog\/wp-content\/uploads\/2018\/05\/printemps-det1-265x300.jpg\" alt=\"\" width=\"265\" height=\"300\" srcset=\"https:\/\/www.patchwork-perles-broderies.com\/blog\/wp-content\/uploads\/2018\/05\/printemps-det1-265x300.jpg 265w, https:\/\/www.patchwork-perles-broderies.com\/blog\/wp-content\/uploads\/2018\/05\/printemps-det1-768x870.jpg 768w, https:\/\/www.patchwork-perles-broderies.com\/blog\/wp-content\/uploads\/2018\/05\/printemps-det1-904x1024.jpg 904w, https:\/\/www.patchwork-perles-broderies.com\/blog\/wp-content\/uploads\/2018\/05\/printemps-det1-600x680.jpg 600w, https:\/\/www.patchwork-perles-broderies.com\/blog\/wp-content\/uploads\/2018\/05\/printemps-det1-624x707.jpg 624w\" sizes=\"auto, (max-width: 265px) 100vw, 265px\" \/>Et assez curieusement,\u00a0 au m\u00eame moment\u00a0 mon amie B\u00e9atrice m&rsquo;a montr\u00e9 des tapis de lecture r\u00e9alis\u00e9s pour les enfants qui viennent visiter la biblioth\u00e8que de l&rsquo;ESCAL. Le but est le m\u00eame: servir de support aux histoires qu&rsquo;on leur raconte. Ces tapis ont \u00e9t\u00e9 con\u00e7us et r\u00e9alis\u00e9s pas une des b\u00e9n\u00e9voles de la m\u00e9diath\u00e8que Chantal P\u00e9lissier.<\/p>\n<p style=\"text-align: justify;\">Ce qui est tout \u00e0 fait \u00e9tonnant c&rsquo;est que les deux artistes ont choisi le m\u00eame th\u00e8me, les 4 saisons. Les 4 panneaux de Chantal &#8211; un pour chaque saison- sont destin\u00e9s \u00e0 de tr\u00e8s jeunes enfants. Na\u00effs, clairs\u00a0 et parlants, ils sont r\u00e9alis\u00e9s avec une combinaison d&rsquo;appliqu\u00e9, de peinture et de broderie machine.<\/p>\n<p><img loading=\"lazy\" decoding=\"async\" class=\"aligncenter size-large wp-image-4378\" src=\"http:\/\/www.patchwork-perles-broderies.com\/blog\/wp-content\/uploads\/2018\/05\/printemps-1024x1009.jpg\" alt=\"\" width=\"625\" height=\"616\" srcset=\"https:\/\/www.patchwork-perles-broderies.com\/blog\/wp-content\/uploads\/2018\/05\/printemps-1024x1009.jpg 1024w, https:\/\/www.patchwork-perles-broderies.com\/blog\/wp-content\/uploads\/2018\/05\/printemps-300x296.jpg 300w, https:\/\/www.patchwork-perles-broderies.com\/blog\/wp-content\/uploads\/2018\/05\/printemps-768x757.jpg 768w, https:\/\/www.patchwork-perles-broderies.com\/blog\/wp-content\/uploads\/2018\/05\/printemps-600x591.jpg 600w, https:\/\/www.patchwork-perles-broderies.com\/blog\/wp-content\/uploads\/2018\/05\/printemps-624x615.jpg 624w, https:\/\/www.patchwork-perles-broderies.com\/blog\/wp-content\/uploads\/2018\/05\/printemps.jpg 1488w\" sizes=\"auto, (max-width: 625px) 100vw, 625px\" \/><\/p>\n<p>&nbsp;<\/p>\n<p><img loading=\"lazy\" decoding=\"async\" class=\"aligncenter size-large wp-image-4375\" src=\"http:\/\/www.patchwork-perles-broderies.com\/blog\/wp-content\/uploads\/2018\/05\/\u00e9t\u00e9-1024x1006.jpg\" alt=\"\" width=\"625\" height=\"614\" srcset=\"https:\/\/www.patchwork-perles-broderies.com\/blog\/wp-content\/uploads\/2018\/05\/\u00e9t\u00e9-1024x1006.jpg 1024w, https:\/\/www.patchwork-perles-broderies.com\/blog\/wp-content\/uploads\/2018\/05\/\u00e9t\u00e9-300x295.jpg 300w, https:\/\/www.patchwork-perles-broderies.com\/blog\/wp-content\/uploads\/2018\/05\/\u00e9t\u00e9-768x755.jpg 768w, https:\/\/www.patchwork-perles-broderies.com\/blog\/wp-content\/uploads\/2018\/05\/\u00e9t\u00e9-600x590.jpg 600w, https:\/\/www.patchwork-perles-broderies.com\/blog\/wp-content\/uploads\/2018\/05\/\u00e9t\u00e9-624x613.jpg 624w, https:\/\/www.patchwork-perles-broderies.com\/blog\/wp-content\/uploads\/2018\/05\/\u00e9t\u00e9.jpg 1488w\" sizes=\"auto, (max-width: 625px) 100vw, 625px\" \/><\/p>\n<p><img loading=\"lazy\" decoding=\"async\" class=\"aligncenter size-large wp-image-4374\" src=\"http:\/\/www.patchwork-perles-broderies.com\/blog\/wp-content\/uploads\/2018\/05\/automne-1024x977.jpg\" alt=\"\" width=\"625\" height=\"596\" srcset=\"https:\/\/www.patchwork-perles-broderies.com\/blog\/wp-content\/uploads\/2018\/05\/automne-1024x977.jpg 1024w, https:\/\/www.patchwork-perles-broderies.com\/blog\/wp-content\/uploads\/2018\/05\/automne-300x286.jpg 300w, https:\/\/www.patchwork-perles-broderies.com\/blog\/wp-content\/uploads\/2018\/05\/automne-768x732.jpg 768w, https:\/\/www.patchwork-perles-broderies.com\/blog\/wp-content\/uploads\/2018\/05\/automne-600x572.jpg 600w, https:\/\/www.patchwork-perles-broderies.com\/blog\/wp-content\/uploads\/2018\/05\/automne-624x595.jpg 624w, https:\/\/www.patchwork-perles-broderies.com\/blog\/wp-content\/uploads\/2018\/05\/automne.jpg 1488w\" sizes=\"auto, (max-width: 625px) 100vw, 625px\" \/><\/p>\n<p><img loading=\"lazy\" decoding=\"async\" class=\"aligncenter size-large wp-image-4377\" src=\"http:\/\/www.patchwork-perles-broderies.com\/blog\/wp-content\/uploads\/2018\/05\/hiver-1024x990.jpg\" alt=\"\" width=\"625\" height=\"604\" srcset=\"https:\/\/www.patchwork-perles-broderies.com\/blog\/wp-content\/uploads\/2018\/05\/hiver-1024x990.jpg 1024w, https:\/\/www.patchwork-perles-broderies.com\/blog\/wp-content\/uploads\/2018\/05\/hiver-300x290.jpg 300w, https:\/\/www.patchwork-perles-broderies.com\/blog\/wp-content\/uploads\/2018\/05\/hiver-768x743.jpg 768w, https:\/\/www.patchwork-perles-broderies.com\/blog\/wp-content\/uploads\/2018\/05\/hiver-600x580.jpg 600w, https:\/\/www.patchwork-perles-broderies.com\/blog\/wp-content\/uploads\/2018\/05\/hiver-624x603.jpg 624w, https:\/\/www.patchwork-perles-broderies.com\/blog\/wp-content\/uploads\/2018\/05\/hiver.jpg 1488w\" sizes=\"auto, (max-width: 625px) 100vw, 625px\" \/><\/p>\n<p style=\"text-align: justify;\">Et il y a d&rsquo;autres images \u00e0 d\u00e9couvrir en soulevant certaines parties du tableau (je suis certaines que c&rsquo;est la partie que les enfants pr\u00e9f\u00e8rent).<\/p>\n<p><img loading=\"lazy\" decoding=\"async\" class=\"aligncenter size-large wp-image-4376\" src=\"http:\/\/www.patchwork-perles-broderies.com\/blog\/wp-content\/uploads\/2018\/05\/hiver-det1-1024x774.jpg\" alt=\"\" width=\"625\" height=\"472\" srcset=\"https:\/\/www.patchwork-perles-broderies.com\/blog\/wp-content\/uploads\/2018\/05\/hiver-det1-1024x774.jpg 1024w, https:\/\/www.patchwork-perles-broderies.com\/blog\/wp-content\/uploads\/2018\/05\/hiver-det1-300x227.jpg 300w, https:\/\/www.patchwork-perles-broderies.com\/blog\/wp-content\/uploads\/2018\/05\/hiver-det1-768x581.jpg 768w, https:\/\/www.patchwork-perles-broderies.com\/blog\/wp-content\/uploads\/2018\/05\/hiver-det1-600x454.jpg 600w, https:\/\/www.patchwork-perles-broderies.com\/blog\/wp-content\/uploads\/2018\/05\/hiver-det1-624x472.jpg 624w, https:\/\/www.patchwork-perles-broderies.com\/blog\/wp-content\/uploads\/2018\/05\/hiver-det1.jpg 1488w\" sizes=\"auto, (max-width: 625px) 100vw, 625px\" \/><\/p>\n<p style=\"text-align: justify;\">Dany a rassembl\u00e9 les saisons sur un seul tapis rond qui \u00e9voque par sa forme la ronde des heures et des saisons. Les images sont tr\u00e8s \u00e9labor\u00e9es: paysages, histoires, choisis en fonction de la saison. Heureusement il y a une roue qui permet de d\u00e9coder tout cela et elle a m\u00eame fourni les jouets qui vont avec et permettent d&rsquo;animer les sayn\u00e8tes. Dommage que ce soit virtuel, je me mettrai bien au jeu moi aussi.<\/p>\n<p><img loading=\"lazy\" decoding=\"async\" class=\"aligncenter size-large wp-image-4372\" src=\"http:\/\/www.patchwork-perles-broderies.com\/blog\/wp-content\/uploads\/2018\/05\/TAPIS-COMPLET-1-1-1024x1007.jpg\" alt=\"\" width=\"625\" height=\"615\" srcset=\"https:\/\/www.patchwork-perles-broderies.com\/blog\/wp-content\/uploads\/2018\/05\/TAPIS-COMPLET-1-1-1024x1007.jpg 1024w, https:\/\/www.patchwork-perles-broderies.com\/blog\/wp-content\/uploads\/2018\/05\/TAPIS-COMPLET-1-1-300x295.jpg 300w, https:\/\/www.patchwork-perles-broderies.com\/blog\/wp-content\/uploads\/2018\/05\/TAPIS-COMPLET-1-1-768x755.jpg 768w, https:\/\/www.patchwork-perles-broderies.com\/blog\/wp-content\/uploads\/2018\/05\/TAPIS-COMPLET-1-1-600x590.jpg 600w, https:\/\/www.patchwork-perles-broderies.com\/blog\/wp-content\/uploads\/2018\/05\/TAPIS-COMPLET-1-1-624x613.jpg 624w, https:\/\/www.patchwork-perles-broderies.com\/blog\/wp-content\/uploads\/2018\/05\/TAPIS-COMPLET-1-1.jpg 1172w\" sizes=\"auto, (max-width: 625px) 100vw, 625px\" \/><\/p>\n<p><img loading=\"lazy\" decoding=\"async\" class=\"aligncenter size-large wp-image-4367\" src=\"http:\/\/www.patchwork-perles-broderies.com\/blog\/wp-content\/uploads\/2018\/05\/code-1024x1012.jpg\" alt=\"\" width=\"625\" height=\"618\" srcset=\"https:\/\/www.patchwork-perles-broderies.com\/blog\/wp-content\/uploads\/2018\/05\/code-1024x1012.jpg 1024w, https:\/\/www.patchwork-perles-broderies.com\/blog\/wp-content\/uploads\/2018\/05\/code-300x296.jpg 300w, https:\/\/www.patchwork-perles-broderies.com\/blog\/wp-content\/uploads\/2018\/05\/code-768x759.jpg 768w, https:\/\/www.patchwork-perles-broderies.com\/blog\/wp-content\/uploads\/2018\/05\/code-600x593.jpg 600w, https:\/\/www.patchwork-perles-broderies.com\/blog\/wp-content\/uploads\/2018\/05\/code-624x616.jpg 624w, https:\/\/www.patchwork-perles-broderies.com\/blog\/wp-content\/uploads\/2018\/05\/code.jpg 1240w\" sizes=\"auto, (max-width: 625px) 100vw, 625px\" \/><\/p>\n<p><img loading=\"lazy\" decoding=\"async\" class=\"aligncenter size-large wp-image-4371\" src=\"http:\/\/www.patchwork-perles-broderies.com\/blog\/wp-content\/uploads\/2018\/05\/Sue-1024x721.jpg\" alt=\"\" width=\"625\" height=\"440\" srcset=\"https:\/\/www.patchwork-perles-broderies.com\/blog\/wp-content\/uploads\/2018\/05\/Sue-1024x721.jpg 1024w, https:\/\/www.patchwork-perles-broderies.com\/blog\/wp-content\/uploads\/2018\/05\/Sue-300x211.jpg 300w, https:\/\/www.patchwork-perles-broderies.com\/blog\/wp-content\/uploads\/2018\/05\/Sue-768x541.jpg 768w, https:\/\/www.patchwork-perles-broderies.com\/blog\/wp-content\/uploads\/2018\/05\/Sue-600x423.jpg 600w, https:\/\/www.patchwork-perles-broderies.com\/blog\/wp-content\/uploads\/2018\/05\/Sue-624x440.jpg 624w, https:\/\/www.patchwork-perles-broderies.com\/blog\/wp-content\/uploads\/2018\/05\/Sue.jpg 1702w\" sizes=\"auto, (max-width: 625px) 100vw, 625px\" \/> <img loading=\"lazy\" decoding=\"async\" class=\"aligncenter size-large wp-image-4370\" src=\"http:\/\/www.patchwork-perles-broderies.com\/blog\/wp-content\/uploads\/2018\/05\/savane-1024x644.jpg\" alt=\"\" width=\"625\" height=\"393\" srcset=\"https:\/\/www.patchwork-perles-broderies.com\/blog\/wp-content\/uploads\/2018\/05\/savane-1024x644.jpg 1024w, https:\/\/www.patchwork-perles-broderies.com\/blog\/wp-content\/uploads\/2018\/05\/savane-300x189.jpg 300w, https:\/\/www.patchwork-perles-broderies.com\/blog\/wp-content\/uploads\/2018\/05\/savane-768x483.jpg 768w, https:\/\/www.patchwork-perles-broderies.com\/blog\/wp-content\/uploads\/2018\/05\/savane-600x377.jpg 600w, https:\/\/www.patchwork-perles-broderies.com\/blog\/wp-content\/uploads\/2018\/05\/savane-624x393.jpg 624w, https:\/\/www.patchwork-perles-broderies.com\/blog\/wp-content\/uploads\/2018\/05\/savane.jpg 1580w\" sizes=\"auto, (max-width: 625px) 100vw, 625px\" \/> <img loading=\"lazy\" decoding=\"async\" class=\"aligncenter size-large wp-image-4369\" src=\"http:\/\/www.patchwork-perles-broderies.com\/blog\/wp-content\/uploads\/2018\/05\/p\u00f4le-nord-1024x760.jpg\" alt=\"\" width=\"625\" height=\"464\" srcset=\"https:\/\/www.patchwork-perles-broderies.com\/blog\/wp-content\/uploads\/2018\/05\/p\u00f4le-nord-1024x760.jpg 1024w, https:\/\/www.patchwork-perles-broderies.com\/blog\/wp-content\/uploads\/2018\/05\/p\u00f4le-nord-300x223.jpg 300w, https:\/\/www.patchwork-perles-broderies.com\/blog\/wp-content\/uploads\/2018\/05\/p\u00f4le-nord-768x570.jpg 768w, https:\/\/www.patchwork-perles-broderies.com\/blog\/wp-content\/uploads\/2018\/05\/p\u00f4le-nord-600x446.jpg 600w, https:\/\/www.patchwork-perles-broderies.com\/blog\/wp-content\/uploads\/2018\/05\/p\u00f4le-nord-624x463.jpg 624w, https:\/\/www.patchwork-perles-broderies.com\/blog\/wp-content\/uploads\/2018\/05\/p\u00f4le-nord.jpg 1538w\" sizes=\"auto, (max-width: 625px) 100vw, 625px\" \/> <img loading=\"lazy\" decoding=\"async\" class=\"aligncenter size-large wp-image-4366\" src=\"http:\/\/www.patchwork-perles-broderies.com\/blog\/wp-content\/uploads\/2018\/05\/cirque-1024x724.jpg\" alt=\"\" width=\"625\" height=\"442\" srcset=\"https:\/\/www.patchwork-perles-broderies.com\/blog\/wp-content\/uploads\/2018\/05\/cirque-1024x724.jpg 1024w, https:\/\/www.patchwork-perles-broderies.com\/blog\/wp-content\/uploads\/2018\/05\/cirque-300x212.jpg 300w, https:\/\/www.patchwork-perles-broderies.com\/blog\/wp-content\/uploads\/2018\/05\/cirque-768x543.jpg 768w, https:\/\/www.patchwork-perles-broderies.com\/blog\/wp-content\/uploads\/2018\/05\/cirque-600x424.jpg 600w, https:\/\/www.patchwork-perles-broderies.com\/blog\/wp-content\/uploads\/2018\/05\/cirque-624x441.jpg 624w, https:\/\/www.patchwork-perles-broderies.com\/blog\/wp-content\/uploads\/2018\/05\/cirque.jpg 1542w\" sizes=\"auto, (max-width: 625px) 100vw, 625px\" \/> <img loading=\"lazy\" decoding=\"async\" class=\"aligncenter size-large wp-image-4365\" src=\"http:\/\/www.patchwork-perles-broderies.com\/blog\/wp-content\/uploads\/2018\/05\/chateau-1024x660.jpg\" alt=\"\" width=\"625\" height=\"403\" srcset=\"https:\/\/www.patchwork-perles-broderies.com\/blog\/wp-content\/uploads\/2018\/05\/chateau-1024x660.jpg 1024w, https:\/\/www.patchwork-perles-broderies.com\/blog\/wp-content\/uploads\/2018\/05\/chateau-300x193.jpg 300w, https:\/\/www.patchwork-perles-broderies.com\/blog\/wp-content\/uploads\/2018\/05\/chateau-768x495.jpg 768w, https:\/\/www.patchwork-perles-broderies.com\/blog\/wp-content\/uploads\/2018\/05\/chateau-600x386.jpg 600w, https:\/\/www.patchwork-perles-broderies.com\/blog\/wp-content\/uploads\/2018\/05\/chateau-624x402.jpg 624w, https:\/\/www.patchwork-perles-broderies.com\/blog\/wp-content\/uploads\/2018\/05\/chateau.jpg 1798w\" sizes=\"auto, (max-width: 625px) 100vw, 625px\" \/><\/p>\n<p>&nbsp;<\/p>\n<p>&nbsp;<\/p>\n","protected":false},"excerpt":{"rendered":"<p>Apr\u00e8s la publication de mon article sur les quilts d&rsquo;enfants, j&rsquo;ai re\u00e7u une tr\u00e8s gentille lettre de Dany Michon. Elle me disait avoir cr\u00e9\u00e9 et\u00a0 r\u00e9alis\u00e9 un tapis de jeu pour les enfants de Roques. Un tapis qui sert de support lorsqu&rsquo;on raconte des histoires aux enfants. Un tapis avec lequel on peut jouer &#8211; [&hellip;]<\/p>\n","protected":false},"author":1,"featured_media":0,"comment_status":"open","ping_status":"open","sticky":false,"template":"","format":"standard","meta":{"footnotes":""},"categories":[3,1],"tags":[236,235],"class_list":["post-4350","post","type-post","status-publish","format-standard","hentry","category-artistes","category-non-classe","tag-saisons","tag-tapis-de-lecture"],"aioseo_notices":[],"_links":{"self":[{"href":"https:\/\/www.patchwork-perles-broderies.com\/blog\/wp-json\/wp\/v2\/posts\/4350","targetHints":{"allow":["GET"]}}],"collection":[{"href":"https:\/\/www.patchwork-perles-broderies.com\/blog\/wp-json\/wp\/v2\/posts"}],"about":[{"href":"https:\/\/www.patchwork-perles-broderies.com\/blog\/wp-json\/wp\/v2\/types\/post"}],"author":[{"embeddable":true,"href":"https:\/\/www.patchwork-perles-broderies.com\/blog\/wp-json\/wp\/v2\/users\/1"}],"replies":[{"embeddable":true,"href":"https:\/\/www.patchwork-perles-broderies.com\/blog\/wp-json\/wp\/v2\/comments?post=4350"}],"version-history":[{"count":4,"href":"https:\/\/www.patchwork-perles-broderies.com\/blog\/wp-json\/wp\/v2\/posts\/4350\/revisions"}],"predecessor-version":[{"id":4381,"href":"https:\/\/www.patchwork-perles-broderies.com\/blog\/wp-json\/wp\/v2\/posts\/4350\/revisions\/4381"}],"wp:attachment":[{"href":"https:\/\/www.patchwork-perles-broderies.com\/blog\/wp-json\/wp\/v2\/media?parent=4350"}],"wp:term":[{"taxonomy":"category","embeddable":true,"href":"https:\/\/www.patchwork-perles-broderies.com\/blog\/wp-json\/wp\/v2\/categories?post=4350"},{"taxonomy":"post_tag","embeddable":true,"href":"https:\/\/www.patchwork-perles-broderies.com\/blog\/wp-json\/wp\/v2\/tags?post=4350"}],"curies":[{"name":"wp","href":"https:\/\/api.w.org\/{rel}","templated":true}]}}