{"id":4382,"date":"2018-05-30T15:43:25","date_gmt":"2018-05-30T14:43:25","guid":{"rendered":"http:\/\/www.patchwork-perles-broderies.com\/blog\/?p=4382"},"modified":"2018-05-30T15:47:33","modified_gmt":"2018-05-30T14:47:33","slug":"la-fibre-occitane-expose-desedamas","status":"publish","type":"post","link":"https:\/\/www.patchwork-perles-broderies.com\/blog\/2018\/05\/30\/la-fibre-occitane-expose-desedamas\/","title":{"rendered":"La Fibre Occitane expose Desedamas"},"content":{"rendered":"<p style=\"text-align: justify;\"><img loading=\"lazy\" decoding=\"async\" class=\"alignleft size-medium wp-image-4389\" src=\"http:\/\/www.patchwork-perles-broderies.com\/blog\/wp-content\/uploads\/2018\/05\/pole-culturel-cugnaux-Mairie-de-Cugnaux-300x200.jpg\" alt=\"\" width=\"300\" height=\"200\" srcset=\"https:\/\/www.patchwork-perles-broderies.com\/blog\/wp-content\/uploads\/2018\/05\/pole-culturel-cugnaux-Mairie-de-Cugnaux-300x200.jpg 300w, https:\/\/www.patchwork-perles-broderies.com\/blog\/wp-content\/uploads\/2018\/05\/pole-culturel-cugnaux-Mairie-de-Cugnaux-768x512.jpg 768w, https:\/\/www.patchwork-perles-broderies.com\/blog\/wp-content\/uploads\/2018\/05\/pole-culturel-cugnaux-Mairie-de-Cugnaux.jpg 1024w, https:\/\/www.patchwork-perles-broderies.com\/blog\/wp-content\/uploads\/2018\/05\/pole-culturel-cugnaux-Mairie-de-Cugnaux-600x400.jpg 600w, https:\/\/www.patchwork-perles-broderies.com\/blog\/wp-content\/uploads\/2018\/05\/pole-culturel-cugnaux-Mairie-de-Cugnaux-624x416.jpg 624w\" sizes=\"auto, (max-width: 300px) 100vw, 300px\" \/>\u00a0Je n&rsquo;ai pas eu le temps, la semaine derni\u00e8re de vous raconter ma visite \u00e0 la premi\u00e8re\u00a0 exposition organis\u00e9e \u00e0 Cugnaux par la Fibre\u00a0 Occitane. La Mairie avait pr\u00eat\u00e9\u00a0 un lieu superbe, le P\u00f4le Culturel\u00a0 impressionnant b\u00e2timent aux espaces\u00a0immenses inond\u00e9s de lumi\u00e8re.<\/p>\n<p style=\"text-align: justify;\">Deux artistes espagnoles, les soeurs\u00a0C\u00e9cilia et Merc\u00e8 Gonzales, qui cr\u00e9ent\u00a0 sous le nom \u00ab\u00a0Desedamas\u00a0\u00bb, ce qui signifie\u00a0<strong>\u00ab\u00a0Plus loin que la soie\u00a0\u00bb.\u00a0<\/strong><!--more--><\/p>\n<p style=\"text-align: justify;\">Merc\u00e8 travaille principalement la soie, l\u2019organza, jouant avec les transparences, les nuances et valeurs des couleurs et la l\u00e9g\u00e8ret\u00e9. C\u00e9cilia, elle, aime travailler sur les textures, utilisant diff\u00e9rentes qualit\u00e9s de soie et pratiquant un quilting machine dense et serr\u00e9.<\/p>\n<p>Peu d&rsquo;oeuvres, mais de tr\u00e8s grande qualit\u00e9 qui d\u00e9clinaient le th\u00e8me de la nourriture. Une description savoureuse du plat concern\u00e9 accompagnait le quilt!<\/p>\n<table>\n<tbody>\n<tr>\n<td><img loading=\"lazy\" decoding=\"async\" class=\"alignleft size-medium wp-image-4385\" src=\"http:\/\/www.patchwork-perles-broderies.com\/blog\/wp-content\/uploads\/2018\/05\/Cecilia-Gonzal\u00e8s-2015x-300x290.jpg\" alt=\"\" width=\"300\" height=\"290\" srcset=\"https:\/\/www.patchwork-perles-broderies.com\/blog\/wp-content\/uploads\/2018\/05\/Cecilia-Gonzal\u00e8s-2015x-300x290.jpg 300w, https:\/\/www.patchwork-perles-broderies.com\/blog\/wp-content\/uploads\/2018\/05\/Cecilia-Gonzal\u00e8s-2015x-768x741.jpg 768w, https:\/\/www.patchwork-perles-broderies.com\/blog\/wp-content\/uploads\/2018\/05\/Cecilia-Gonzal\u00e8s-2015x-1024x989.jpg 1024w, https:\/\/www.patchwork-perles-broderies.com\/blog\/wp-content\/uploads\/2018\/05\/Cecilia-Gonzal\u00e8s-2015x-600x579.jpg 600w, https:\/\/www.patchwork-perles-broderies.com\/blog\/wp-content\/uploads\/2018\/05\/Cecilia-Gonzal\u00e8s-2015x-624x602.jpg 624w, https:\/\/www.patchwork-perles-broderies.com\/blog\/wp-content\/uploads\/2018\/05\/Cecilia-Gonzal\u00e8s-2015x.jpg 1417w\" sizes=\"auto, (max-width: 300px) 100vw, 300px\" \/><\/td>\n<td><img loading=\"lazy\" decoding=\"async\" class=\"alignright size-medium wp-image-4386\" src=\"http:\/\/www.patchwork-perles-broderies.com\/blog\/wp-content\/uploads\/2018\/05\/enciamx-300x218.jpg\" alt=\"\" width=\"300\" height=\"218\" srcset=\"https:\/\/www.patchwork-perles-broderies.com\/blog\/wp-content\/uploads\/2018\/05\/enciamx-300x218.jpg 300w, https:\/\/www.patchwork-perles-broderies.com\/blog\/wp-content\/uploads\/2018\/05\/enciamx.jpg 394w\" sizes=\"auto, (max-width: 300px) 100vw, 300px\" \/><\/td>\n<\/tr>\n<\/tbody>\n<\/table>\n<table>\n<tbody>\n<tr>\n<td><img loading=\"lazy\" decoding=\"async\" class=\"size-medium wp-image-4387 alignleft\" src=\"http:\/\/www.patchwork-perles-broderies.com\/blog\/wp-content\/uploads\/2018\/05\/Entrants-de-Fajolx-300x262.jpg\" alt=\"\" width=\"300\" height=\"262\" srcset=\"https:\/\/www.patchwork-perles-broderies.com\/blog\/wp-content\/uploads\/2018\/05\/Entrants-de-Fajolx-300x262.jpg 300w, https:\/\/www.patchwork-perles-broderies.com\/blog\/wp-content\/uploads\/2018\/05\/Entrants-de-Fajolx-768x670.jpg 768w, https:\/\/www.patchwork-perles-broderies.com\/blog\/wp-content\/uploads\/2018\/05\/Entrants-de-Fajolx-600x524.jpg 600w, https:\/\/www.patchwork-perles-broderies.com\/blog\/wp-content\/uploads\/2018\/05\/Entrants-de-Fajolx-624x545.jpg 624w, https:\/\/www.patchwork-perles-broderies.com\/blog\/wp-content\/uploads\/2018\/05\/Entrants-de-Fajolx.jpg 787w\" sizes=\"auto, (max-width: 300px) 100vw, 300px\" \/><\/td>\n<td><img loading=\"lazy\" decoding=\"async\" class=\"alignright size-medium wp-image-4388\" src=\"http:\/\/www.patchwork-perles-broderies.com\/blog\/wp-content\/uploads\/2018\/05\/Fajolx-300x248.jpg\" alt=\"\" width=\"300\" height=\"248\" srcset=\"https:\/\/www.patchwork-perles-broderies.com\/blog\/wp-content\/uploads\/2018\/05\/Fajolx-300x248.jpg 300w, https:\/\/www.patchwork-perles-broderies.com\/blog\/wp-content\/uploads\/2018\/05\/Fajolx.jpg 394w\" sizes=\"auto, (max-width: 300px) 100vw, 300px\" \/><\/td>\n<\/tr>\n<\/tbody>\n<\/table>\n<table>\n<tbody>\n<tr>\n<td><img loading=\"lazy\" decoding=\"async\" class=\"alignleft size-medium wp-image-4390\" src=\"http:\/\/www.patchwork-perles-broderies.com\/blog\/wp-content\/uploads\/2018\/05\/Ratafia-dOlotx-300x175.jpg\" alt=\"\" width=\"300\" height=\"175\" srcset=\"https:\/\/www.patchwork-perles-broderies.com\/blog\/wp-content\/uploads\/2018\/05\/Ratafia-dOlotx-300x175.jpg 300w, https:\/\/www.patchwork-perles-broderies.com\/blog\/wp-content\/uploads\/2018\/05\/Ratafia-dOlotx-768x449.jpg 768w, https:\/\/www.patchwork-perles-broderies.com\/blog\/wp-content\/uploads\/2018\/05\/Ratafia-dOlotx-600x351.jpg 600w, https:\/\/www.patchwork-perles-broderies.com\/blog\/wp-content\/uploads\/2018\/05\/Ratafia-dOlotx-624x365.jpg 624w, https:\/\/www.patchwork-perles-broderies.com\/blog\/wp-content\/uploads\/2018\/05\/Ratafia-dOlotx.jpg 787w\" sizes=\"auto, (max-width: 300px) 100vw, 300px\" \/><\/td>\n<td><img loading=\"lazy\" decoding=\"async\" class=\"alignright size-medium wp-image-4391\" src=\"http:\/\/www.patchwork-perles-broderies.com\/blog\/wp-content\/uploads\/2018\/05\/Ratafiax-300x272.jpg\" alt=\"\" width=\"300\" height=\"272\" srcset=\"https:\/\/www.patchwork-perles-broderies.com\/blog\/wp-content\/uploads\/2018\/05\/Ratafiax-300x272.jpg 300w, https:\/\/www.patchwork-perles-broderies.com\/blog\/wp-content\/uploads\/2018\/05\/Ratafiax.jpg 394w\" sizes=\"auto, (max-width: 300px) 100vw, 300px\" \/><\/td>\n<\/tr>\n<\/tbody>\n<\/table>\n<table>\n<tbody>\n<tr>\n<td><img loading=\"lazy\" decoding=\"async\" class=\"alignleft size-medium wp-image-4392\" src=\"http:\/\/www.patchwork-perles-broderies.com\/blog\/wp-content\/uploads\/2018\/05\/vert-Ceciliax-300x258.jpg\" alt=\"\" width=\"300\" height=\"258\" srcset=\"https:\/\/www.patchwork-perles-broderies.com\/blog\/wp-content\/uploads\/2018\/05\/vert-Ceciliax-300x258.jpg 300w, https:\/\/www.patchwork-perles-broderies.com\/blog\/wp-content\/uploads\/2018\/05\/vert-Ceciliax-768x662.jpg 768w, https:\/\/www.patchwork-perles-broderies.com\/blog\/wp-content\/uploads\/2018\/05\/vert-Ceciliax-600x517.jpg 600w, https:\/\/www.patchwork-perles-broderies.com\/blog\/wp-content\/uploads\/2018\/05\/vert-Ceciliax-624x538.jpg 624w, https:\/\/www.patchwork-perles-broderies.com\/blog\/wp-content\/uploads\/2018\/05\/vert-Ceciliax.jpg 787w\" sizes=\"auto, (max-width: 300px) 100vw, 300px\" \/><\/td>\n<td><img loading=\"lazy\" decoding=\"async\" class=\"alignright size-medium wp-image-4393\" src=\"http:\/\/www.patchwork-perles-broderies.com\/blog\/wp-content\/uploads\/2018\/05\/vertx-300x170.jpg\" alt=\"\" width=\"300\" height=\"170\" srcset=\"https:\/\/www.patchwork-perles-broderies.com\/blog\/wp-content\/uploads\/2018\/05\/vertx-300x170.jpg 300w, https:\/\/www.patchwork-perles-broderies.com\/blog\/wp-content\/uploads\/2018\/05\/vertx.jpg 394w\" sizes=\"auto, (max-width: 300px) 100vw, 300px\" \/><\/td>\n<\/tr>\n<\/tbody>\n<\/table>\n<table>\n<tbody>\n<tr>\n<td><img loading=\"lazy\" decoding=\"async\" class=\"alignleft size-medium wp-image-4394\" src=\"http:\/\/www.patchwork-perles-broderies.com\/blog\/wp-content\/uploads\/2018\/05\/xocolatax-300x285.jpg\" alt=\"\" width=\"300\" height=\"285\" srcset=\"https:\/\/www.patchwork-perles-broderies.com\/blog\/wp-content\/uploads\/2018\/05\/xocolatax-300x285.jpg 300w, https:\/\/www.patchwork-perles-broderies.com\/blog\/wp-content\/uploads\/2018\/05\/xocolatax-768x730.jpg 768w, https:\/\/www.patchwork-perles-broderies.com\/blog\/wp-content\/uploads\/2018\/05\/xocolatax-600x570.jpg 600w, https:\/\/www.patchwork-perles-broderies.com\/blog\/wp-content\/uploads\/2018\/05\/xocolatax-624x593.jpg 624w, https:\/\/www.patchwork-perles-broderies.com\/blog\/wp-content\/uploads\/2018\/05\/xocolatax.jpg 787w\" sizes=\"auto, (max-width: 300px) 100vw, 300px\" \/><\/td>\n<td><img loading=\"lazy\" decoding=\"async\" class=\"alignright size-medium wp-image-4395\" src=\"http:\/\/www.patchwork-perles-broderies.com\/blog\/wp-content\/uploads\/2018\/05\/xocox-300x276.jpg\" alt=\"\" width=\"300\" height=\"276\" srcset=\"https:\/\/www.patchwork-perles-broderies.com\/blog\/wp-content\/uploads\/2018\/05\/xocox-300x276.jpg 300w, https:\/\/www.patchwork-perles-broderies.com\/blog\/wp-content\/uploads\/2018\/05\/xocox.jpg 394w\" sizes=\"auto, (max-width: 300px) 100vw, 300px\" \/><\/td>\n<\/tr>\n<\/tbody>\n<\/table>\n<p>En d\u00e9pit des tous ces plats je suis rest\u00e9e un peu sur ma faim. J&rsquo;aurais eu plaisir \u00e0 regarder davantage d&rsquo;oeuvres de ces artistes originales&#8230;. A\u00a0 quand la prochaine expo?<\/p>\n","protected":false},"excerpt":{"rendered":"<p>\u00a0Je n&rsquo;ai pas eu le temps, la semaine derni\u00e8re de vous raconter ma visite \u00e0 la premi\u00e8re\u00a0 exposition organis\u00e9e \u00e0 Cugnaux par la Fibre\u00a0 Occitane. La Mairie avait pr\u00eat\u00e9\u00a0 un lieu superbe, le P\u00f4le Culturel\u00a0 impressionnant b\u00e2timent aux espaces\u00a0immenses inond\u00e9s de lumi\u00e8re. Deux artistes espagnoles, les soeurs\u00a0C\u00e9cilia et Merc\u00e8 Gonzales, qui cr\u00e9ent\u00a0 sous le nom [&hellip;]<\/p>\n","protected":false},"author":1,"featured_media":0,"comment_status":"open","ping_status":"open","sticky":false,"template":"","format":"standard","meta":{"footnotes":""},"categories":[3,226],"tags":[237,239,240,238],"class_list":["post-4382","post","type-post","status-publish","format-standard","hentry","category-artistes","category-expositions","tag-cecilia-gonzalez","tag-desedamas","tag-fibre-occitane","tag-merce-gonzalez"],"aioseo_notices":[],"aioseo_head":"\n\t\t<!-- All in One SEO 5.0.1.1 - aioseo.com -->\n\t<meta name=\"description\" content=\"Je n&#039;ai pas eu le temps, la semaine derni\u00e8re de vous raconter ma visite \u00e0 la premi\u00e8re exposition organis\u00e9e \u00e0 Cugnaux par la Fibre Occitane. La Mairie avait pr\u00eat\u00e9 un lieu superbe, le P\u00f4le Culturel impressionnant b\u00e2timent aux espaces immenses inond\u00e9s de lumi\u00e8re. Deux artistes espagnoles, les soeurs C\u00e9cilia et Merc\u00e8 Gonzales, qui cr\u00e9ent sous le nom\" \/>\n\t<meta name=\"robots\" content=\"max-image-preview:large\" \/>\n\t<meta name=\"author\" content=\"admin\"\/>\n\t<meta name=\"keywords\" content=\"cecilia gonzalez,desedamas,fibre occitane,merc\u00e9 gonzalez\" \/>\n\t<link rel=\"canonical\" href=\"https:\/\/www.patchwork-perles-broderies.com\/blog\/2018\/05\/30\/la-fibre-occitane-expose-desedamas\/\" \/>\n\t<meta name=\"generator\" content=\"All in One SEO (AIOSEO) 5.0.1.1\" \/>\n\t\t<meta property=\"og:locale\" content=\"fr_FR\" \/>\n\t\t<meta property=\"og:site_name\" content=\"Patchwork Perles et Broderies - Le Blog |  La Passion du Patch Orn\u00e9 ( Website : patchwork-perles-broderies.com )\" \/>\n\t\t<meta property=\"og:type\" content=\"article\" \/>\n\t\t<meta property=\"og:title\" content=\"La Fibre Occitane expose Desedamas | Patchwork Perles et Broderies - Le Blog\" \/>\n\t\t<meta property=\"og:description\" content=\"Je n&#039;ai pas eu le temps, la semaine derni\u00e8re de vous raconter ma visite \u00e0 la premi\u00e8re exposition organis\u00e9e \u00e0 Cugnaux par la Fibre Occitane. La Mairie avait pr\u00eat\u00e9 un lieu superbe, le P\u00f4le Culturel impressionnant b\u00e2timent aux espaces immenses inond\u00e9s de lumi\u00e8re. Deux artistes espagnoles, les soeurs C\u00e9cilia et Merc\u00e8 Gonzales, qui cr\u00e9ent sous le nom\" \/>\n\t\t<meta property=\"og:url\" content=\"https:\/\/www.patchwork-perles-broderies.com\/blog\/2018\/05\/30\/la-fibre-occitane-expose-desedamas\/\" \/>\n\t\t<meta property=\"article:published_time\" content=\"2018-05-30T14:43:25+00:00\" \/>\n\t\t<meta property=\"article:modified_time\" content=\"2018-05-30T14:47:33+00:00\" \/>\n\t\t<meta name=\"twitter:card\" content=\"summary\" \/>\n\t\t<meta name=\"twitter:title\" content=\"La Fibre Occitane expose Desedamas | Patchwork Perles et Broderies - Le Blog\" \/>\n\t\t<meta name=\"twitter:description\" content=\"Je n&#039;ai pas eu le temps, la semaine derni\u00e8re de vous raconter ma visite \u00e0 la premi\u00e8re exposition organis\u00e9e \u00e0 Cugnaux par la Fibre Occitane. La Mairie avait pr\u00eat\u00e9 un lieu superbe, le P\u00f4le Culturel impressionnant b\u00e2timent aux espaces immenses inond\u00e9s de lumi\u00e8re. Deux artistes espagnoles, les soeurs C\u00e9cilia et Merc\u00e8 Gonzales, qui cr\u00e9ent sous le nom\" \/>\n\t\t<script type=\"application\/ld+json\" class=\"aioseo-schema\">\n\t\t\t{\"@context\":\"https:\\\/\\\/schema.org\",\"@graph\":[{\"@type\":\"Article\",\"@id\":\"https:\\\/\\\/www.patchwork-perles-broderies.com\\\/blog\\\/2018\\\/05\\\/30\\\/la-fibre-occitane-expose-desedamas\\\/#article\",\"name\":\"La Fibre Occitane expose Desedamas | Patchwork Perles et Broderies - Le Blog\",\"headline\":\"La Fibre Occitane expose Desedamas\",\"author\":{\"@id\":\"https:\\\/\\\/www.patchwork-perles-broderies.com\\\/blog\\\/author\\\/admin\\\/#author\"},\"publisher\":{\"@id\":\"https:\\\/\\\/www.patchwork-perles-broderies.com\\\/blog\\\/#person\"},\"image\":{\"@type\":\"ImageObject\",\"url\":\"http:\\\/\\\/www.patchwork-perles-broderies.com\\\/blog\\\/wp-content\\\/uploads\\\/2018\\\/05\\\/pole-culturel-cugnaux-Mairie-de-Cugnaux-300x200.jpg\",\"@id\":\"https:\\\/\\\/www.patchwork-perles-broderies.com\\\/blog\\\/2018\\\/05\\\/30\\\/la-fibre-occitane-expose-desedamas\\\/#articleImage\"},\"datePublished\":\"2018-05-30T15:43:25+01:00\",\"dateModified\":\"2018-05-30T15:47:33+01:00\",\"inLanguage\":\"fr-FR\",\"mainEntityOfPage\":{\"@id\":\"https:\\\/\\\/www.patchwork-perles-broderies.com\\\/blog\\\/2018\\\/05\\\/30\\\/la-fibre-occitane-expose-desedamas\\\/#webpage\"},\"isPartOf\":{\"@id\":\"https:\\\/\\\/www.patchwork-perles-broderies.com\\\/blog\\\/2018\\\/05\\\/30\\\/la-fibre-occitane-expose-desedamas\\\/#webpage\"},\"articleSection\":\"Artistes, Expositions, Cecilia Gonzalez, Desedamas, Fibre Occitane, Merc\\u00e9 Gonzalez\"},{\"@type\":\"BreadcrumbList\",\"@id\":\"https:\\\/\\\/www.patchwork-perles-broderies.com\\\/blog\\\/2018\\\/05\\\/30\\\/la-fibre-occitane-expose-desedamas\\\/#breadcrumblist\",\"itemListElement\":[{\"@type\":\"ListItem\",\"@id\":\"https:\\\/\\\/www.patchwork-perles-broderies.com\\\/blog#listItem\",\"position\":1,\"name\":\"Accueil\",\"item\":\"https:\\\/\\\/www.patchwork-perles-broderies.com\\\/blog\",\"nextItem\":{\"@type\":\"ListItem\",\"@id\":\"https:\\\/\\\/www.patchwork-perles-broderies.com\\\/blog\\\/category\\\/artistes\\\/#listItem\",\"name\":\"Artistes\"}},{\"@type\":\"ListItem\",\"@id\":\"https:\\\/\\\/www.patchwork-perles-broderies.com\\\/blog\\\/category\\\/artistes\\\/#listItem\",\"position\":2,\"name\":\"Artistes\",\"item\":\"https:\\\/\\\/www.patchwork-perles-broderies.com\\\/blog\\\/category\\\/artistes\\\/\",\"nextItem\":{\"@type\":\"ListItem\",\"@id\":\"https:\\\/\\\/www.patchwork-perles-broderies.com\\\/blog\\\/2018\\\/05\\\/30\\\/la-fibre-occitane-expose-desedamas\\\/#listItem\",\"name\":\"La Fibre Occitane expose Desedamas\"},\"previousItem\":{\"@type\":\"ListItem\",\"@id\":\"https:\\\/\\\/www.patchwork-perles-broderies.com\\\/blog#listItem\",\"name\":\"Accueil\"}},{\"@type\":\"ListItem\",\"@id\":\"https:\\\/\\\/www.patchwork-perles-broderies.com\\\/blog\\\/2018\\\/05\\\/30\\\/la-fibre-occitane-expose-desedamas\\\/#listItem\",\"position\":3,\"name\":\"La Fibre Occitane expose Desedamas\",\"previousItem\":{\"@type\":\"ListItem\",\"@id\":\"https:\\\/\\\/www.patchwork-perles-broderies.com\\\/blog\\\/category\\\/artistes\\\/#listItem\",\"name\":\"Artistes\"}}]},{\"@type\":\"Person\",\"@id\":\"https:\\\/\\\/www.patchwork-perles-broderies.com\\\/blog\\\/#person\",\"name\":\"admin\",\"image\":{\"@type\":\"ImageObject\",\"@id\":\"https:\\\/\\\/www.patchwork-perles-broderies.com\\\/blog\\\/2018\\\/05\\\/30\\\/la-fibre-occitane-expose-desedamas\\\/#personImage\",\"url\":\"https:\\\/\\\/secure.gravatar.com\\\/avatar\\\/f8283cc8f0bd73ad8d4a00aade7fefd9b739f96e8a9e5f8fa202319c0962314e?s=96&d=identicon&r=g\",\"width\":96,\"height\":96,\"caption\":\"admin\"}},{\"@type\":\"Person\",\"@id\":\"https:\\\/\\\/www.patchwork-perles-broderies.com\\\/blog\\\/author\\\/admin\\\/#author\",\"url\":\"https:\\\/\\\/www.patchwork-perles-broderies.com\\\/blog\\\/author\\\/admin\\\/\",\"name\":\"admin\",\"image\":{\"@type\":\"ImageObject\",\"@id\":\"https:\\\/\\\/www.patchwork-perles-broderies.com\\\/blog\\\/2018\\\/05\\\/30\\\/la-fibre-occitane-expose-desedamas\\\/#authorImage\",\"url\":\"https:\\\/\\\/secure.gravatar.com\\\/avatar\\\/f8283cc8f0bd73ad8d4a00aade7fefd9b739f96e8a9e5f8fa202319c0962314e?s=96&d=identicon&r=g\",\"width\":96,\"height\":96,\"caption\":\"admin\"}},{\"@type\":\"WebPage\",\"@id\":\"https:\\\/\\\/www.patchwork-perles-broderies.com\\\/blog\\\/2018\\\/05\\\/30\\\/la-fibre-occitane-expose-desedamas\\\/#webpage\",\"url\":\"https:\\\/\\\/www.patchwork-perles-broderies.com\\\/blog\\\/2018\\\/05\\\/30\\\/la-fibre-occitane-expose-desedamas\\\/\",\"name\":\"La Fibre Occitane expose Desedamas | Patchwork Perles et Broderies - Le Blog\",\"description\":\"Je n'ai pas eu le temps, la semaine derni\\u00e8re de vous raconter ma visite \\u00e0 la premi\\u00e8re exposition organis\\u00e9e \\u00e0 Cugnaux par la Fibre Occitane. La Mairie avait pr\\u00eat\\u00e9 un lieu superbe, le P\\u00f4le Culturel impressionnant b\\u00e2timent aux espaces immenses inond\\u00e9s de lumi\\u00e8re. Deux artistes espagnoles, les soeurs C\\u00e9cilia et Merc\\u00e8 Gonzales, qui cr\\u00e9ent sous le nom\",\"inLanguage\":\"fr-FR\",\"isPartOf\":{\"@id\":\"https:\\\/\\\/www.patchwork-perles-broderies.com\\\/blog\\\/#website\"},\"breadcrumb\":{\"@id\":\"https:\\\/\\\/www.patchwork-perles-broderies.com\\\/blog\\\/2018\\\/05\\\/30\\\/la-fibre-occitane-expose-desedamas\\\/#breadcrumblist\"},\"author\":{\"@id\":\"https:\\\/\\\/www.patchwork-perles-broderies.com\\\/blog\\\/author\\\/admin\\\/#author\"},\"creator\":{\"@id\":\"https:\\\/\\\/www.patchwork-perles-broderies.com\\\/blog\\\/author\\\/admin\\\/#author\"},\"datePublished\":\"2018-05-30T15:43:25+01:00\",\"dateModified\":\"2018-05-30T15:47:33+01:00\"},{\"@type\":\"WebSite\",\"@id\":\"https:\\\/\\\/www.patchwork-perles-broderies.com\\\/blog\\\/#website\",\"url\":\"https:\\\/\\\/www.patchwork-perles-broderies.com\\\/blog\\\/\",\"name\":\"Patchwork Perles et Broderies\",\"description\":\"La Passion du Patch Orn\\u00e9 ( Website : patchwork-perles-broderies.com )\",\"inLanguage\":\"fr-FR\",\"publisher\":{\"@id\":\"https:\\\/\\\/www.patchwork-perles-broderies.com\\\/blog\\\/#person\"}}]}\n\t\t<\/script>\n\t\t<!-- All in One SEO -->\n\n","aioseo_head_json":{"title":"La Fibre Occitane expose Desedamas | Patchwork Perles et Broderies - Le Blog","description":"Je n'ai pas eu le temps, la semaine derni\u00e8re de vous raconter ma visite \u00e0 la premi\u00e8re exposition organis\u00e9e \u00e0 Cugnaux par la Fibre Occitane. La Mairie avait pr\u00eat\u00e9 un lieu superbe, le P\u00f4le Culturel impressionnant b\u00e2timent aux espaces immenses inond\u00e9s de lumi\u00e8re. Deux artistes espagnoles, les soeurs C\u00e9cilia et Merc\u00e8 Gonzales, qui cr\u00e9ent sous le nom","canonical_url":"https:\/\/www.patchwork-perles-broderies.com\/blog\/2018\/05\/30\/la-fibre-occitane-expose-desedamas\/","robots":"max-image-preview:large","keywords":"cecilia gonzalez,desedamas,fibre occitane,merc\u00e9 gonzalez","webmasterTools":{"miscellaneous":""},"schema":{"@context":"https:\/\/schema.org","@graph":[{"@type":"Article","@id":"https:\/\/www.patchwork-perles-broderies.com\/blog\/2018\/05\/30\/la-fibre-occitane-expose-desedamas\/#article","name":"La Fibre Occitane expose Desedamas | Patchwork Perles et Broderies - Le Blog","headline":"La Fibre Occitane expose Desedamas","author":{"@id":"https:\/\/www.patchwork-perles-broderies.com\/blog\/author\/admin\/#author"},"publisher":{"@id":"https:\/\/www.patchwork-perles-broderies.com\/blog\/#person"},"image":{"@type":"ImageObject","url":"http:\/\/www.patchwork-perles-broderies.com\/blog\/wp-content\/uploads\/2018\/05\/pole-culturel-cugnaux-Mairie-de-Cugnaux-300x200.jpg","@id":"https:\/\/www.patchwork-perles-broderies.com\/blog\/2018\/05\/30\/la-fibre-occitane-expose-desedamas\/#articleImage"},"datePublished":"2018-05-30T15:43:25+01:00","dateModified":"2018-05-30T15:47:33+01:00","inLanguage":"fr-FR","mainEntityOfPage":{"@id":"https:\/\/www.patchwork-perles-broderies.com\/blog\/2018\/05\/30\/la-fibre-occitane-expose-desedamas\/#webpage"},"isPartOf":{"@id":"https:\/\/www.patchwork-perles-broderies.com\/blog\/2018\/05\/30\/la-fibre-occitane-expose-desedamas\/#webpage"},"articleSection":"Artistes, Expositions, Cecilia Gonzalez, Desedamas, Fibre Occitane, Merc\u00e9 Gonzalez"},{"@type":"BreadcrumbList","@id":"https:\/\/www.patchwork-perles-broderies.com\/blog\/2018\/05\/30\/la-fibre-occitane-expose-desedamas\/#breadcrumblist","itemListElement":[{"@type":"ListItem","@id":"https:\/\/www.patchwork-perles-broderies.com\/blog#listItem","position":1,"name":"Accueil","item":"https:\/\/www.patchwork-perles-broderies.com\/blog","nextItem":{"@type":"ListItem","@id":"https:\/\/www.patchwork-perles-broderies.com\/blog\/category\/artistes\/#listItem","name":"Artistes"}},{"@type":"ListItem","@id":"https:\/\/www.patchwork-perles-broderies.com\/blog\/category\/artistes\/#listItem","position":2,"name":"Artistes","item":"https:\/\/www.patchwork-perles-broderies.com\/blog\/category\/artistes\/","nextItem":{"@type":"ListItem","@id":"https:\/\/www.patchwork-perles-broderies.com\/blog\/2018\/05\/30\/la-fibre-occitane-expose-desedamas\/#listItem","name":"La Fibre Occitane expose Desedamas"},"previousItem":{"@type":"ListItem","@id":"https:\/\/www.patchwork-perles-broderies.com\/blog#listItem","name":"Accueil"}},{"@type":"ListItem","@id":"https:\/\/www.patchwork-perles-broderies.com\/blog\/2018\/05\/30\/la-fibre-occitane-expose-desedamas\/#listItem","position":3,"name":"La Fibre Occitane expose Desedamas","previousItem":{"@type":"ListItem","@id":"https:\/\/www.patchwork-perles-broderies.com\/blog\/category\/artistes\/#listItem","name":"Artistes"}}]},{"@type":"Person","@id":"https:\/\/www.patchwork-perles-broderies.com\/blog\/#person","name":"admin","image":{"@type":"ImageObject","@id":"https:\/\/www.patchwork-perles-broderies.com\/blog\/2018\/05\/30\/la-fibre-occitane-expose-desedamas\/#personImage","url":"https:\/\/secure.gravatar.com\/avatar\/f8283cc8f0bd73ad8d4a00aade7fefd9b739f96e8a9e5f8fa202319c0962314e?s=96&d=identicon&r=g","width":96,"height":96,"caption":"admin"}},{"@type":"Person","@id":"https:\/\/www.patchwork-perles-broderies.com\/blog\/author\/admin\/#author","url":"https:\/\/www.patchwork-perles-broderies.com\/blog\/author\/admin\/","name":"admin","image":{"@type":"ImageObject","@id":"https:\/\/www.patchwork-perles-broderies.com\/blog\/2018\/05\/30\/la-fibre-occitane-expose-desedamas\/#authorImage","url":"https:\/\/secure.gravatar.com\/avatar\/f8283cc8f0bd73ad8d4a00aade7fefd9b739f96e8a9e5f8fa202319c0962314e?s=96&d=identicon&r=g","width":96,"height":96,"caption":"admin"}},{"@type":"WebPage","@id":"https:\/\/www.patchwork-perles-broderies.com\/blog\/2018\/05\/30\/la-fibre-occitane-expose-desedamas\/#webpage","url":"https:\/\/www.patchwork-perles-broderies.com\/blog\/2018\/05\/30\/la-fibre-occitane-expose-desedamas\/","name":"La Fibre Occitane expose Desedamas | Patchwork Perles et Broderies - Le Blog","description":"Je n'ai pas eu le temps, la semaine derni\u00e8re de vous raconter ma visite \u00e0 la premi\u00e8re exposition organis\u00e9e \u00e0 Cugnaux par la Fibre Occitane. La Mairie avait pr\u00eat\u00e9 un lieu superbe, le P\u00f4le Culturel impressionnant b\u00e2timent aux espaces immenses inond\u00e9s de lumi\u00e8re. Deux artistes espagnoles, les soeurs C\u00e9cilia et Merc\u00e8 Gonzales, qui cr\u00e9ent sous le nom","inLanguage":"fr-FR","isPartOf":{"@id":"https:\/\/www.patchwork-perles-broderies.com\/blog\/#website"},"breadcrumb":{"@id":"https:\/\/www.patchwork-perles-broderies.com\/blog\/2018\/05\/30\/la-fibre-occitane-expose-desedamas\/#breadcrumblist"},"author":{"@id":"https:\/\/www.patchwork-perles-broderies.com\/blog\/author\/admin\/#author"},"creator":{"@id":"https:\/\/www.patchwork-perles-broderies.com\/blog\/author\/admin\/#author"},"datePublished":"2018-05-30T15:43:25+01:00","dateModified":"2018-05-30T15:47:33+01:00"},{"@type":"WebSite","@id":"https:\/\/www.patchwork-perles-broderies.com\/blog\/#website","url":"https:\/\/www.patchwork-perles-broderies.com\/blog\/","name":"Patchwork Perles et Broderies","description":"La Passion du Patch Orn\u00e9 ( Website : patchwork-perles-broderies.com )","inLanguage":"fr-FR","publisher":{"@id":"https:\/\/www.patchwork-perles-broderies.com\/blog\/#person"}}]},"og:locale":"fr_FR","og:site_name":"Patchwork Perles et Broderies - Le Blog |  La Passion du Patch Orn\u00e9 ( Website : patchwork-perles-broderies.com )","og:type":"article","og:title":"La Fibre Occitane expose Desedamas | Patchwork Perles et Broderies - Le Blog","og:description":"Je n'ai pas eu le temps, la semaine derni\u00e8re de vous raconter ma visite \u00e0 la premi\u00e8re exposition organis\u00e9e \u00e0 Cugnaux par la Fibre Occitane. La Mairie avait pr\u00eat\u00e9 un lieu superbe, le P\u00f4le Culturel impressionnant b\u00e2timent aux espaces immenses inond\u00e9s de lumi\u00e8re. Deux artistes espagnoles, les soeurs C\u00e9cilia et Merc\u00e8 Gonzales, qui cr\u00e9ent sous le nom","og:url":"https:\/\/www.patchwork-perles-broderies.com\/blog\/2018\/05\/30\/la-fibre-occitane-expose-desedamas\/","article:published_time":"2018-05-30T14:43:25+00:00","article:modified_time":"2018-05-30T14:47:33+00:00","twitter:card":"summary","twitter:title":"La Fibre Occitane expose Desedamas | Patchwork Perles et Broderies - Le Blog","twitter:description":"Je n'ai pas eu le temps, la semaine derni\u00e8re de vous raconter ma visite \u00e0 la premi\u00e8re exposition organis\u00e9e \u00e0 Cugnaux par la Fibre Occitane. La Mairie avait pr\u00eat\u00e9 un lieu superbe, le P\u00f4le Culturel impressionnant b\u00e2timent aux espaces immenses inond\u00e9s de lumi\u00e8re. Deux artistes espagnoles, les soeurs C\u00e9cilia et Merc\u00e8 Gonzales, qui cr\u00e9ent sous le nom"},"aioseo_meta_data":{"post_id":"4382","title":null,"description":null,"keywords":null,"keyphrases":null,"primary_term":null,"canonical_url":null,"og_title":null,"og_description":null,"og_object_type":"default","og_image_type":"default","og_image_url":null,"og_image_width":null,"og_image_height":null,"og_image_custom_url":null,"og_image_custom_fields":null,"og_video":null,"og_custom_url":null,"og_article_section":null,"og_article_tags":null,"twitter_use_og":false,"twitter_card":"default","twitter_image_type":"default","twitter_image_url":null,"twitter_image_custom_url":null,"twitter_image_custom_fields":null,"twitter_title":null,"twitter_description":null,"schema":{"blockGraphs":[],"customGraphs":[],"default":{"data":{"Article":[],"Course":[],"Dataset":[],"FAQPage":[],"Movie":[],"Person":[],"Product":[],"ProductReview":[],"Car":[],"Recipe":[],"Service":[],"SoftwareApplication":[],"WebPage":[]},"graphName":"","isEnabled":true},"graphs":[],"defaultGraph":"","defaultPostTypeGraph":""},"schema_type":null,"schema_type_options":null,"pillar_content":false,"robots_default":true,"robots_noindex":false,"robots_noarchive":false,"robots_nosnippet":false,"robots_nofollow":false,"robots_noimageindex":false,"robots_noodp":false,"robots_notranslate":false,"robots_max_snippet":null,"robots_max_videopreview":null,"robots_max_imagepreview":"large","priority":null,"frequency":null,"location":null,"local_seo":null,"breadcrumb_settings":null,"limit_modified_date":false,"ai":null,"created":"2021-01-22 11:29:15","updated":"2025-06-28 22:23:30","focus_keyword":null,"additional_keywords":null,"truseo_locale":null,"seo_analyzer_scan_date":null},"aioseo_breadcrumb":"<div class=\"aioseo-breadcrumbs\"><span class=\"aioseo-breadcrumb\">\n\t\t\t<a href=\"https:\/\/www.patchwork-perles-broderies.com\/blog\" title=\"Accueil\">Accueil<\/a>\n\t\t<\/span><span class=\"aioseo-breadcrumb-separator\">&raquo;<\/span><span class=\"aioseo-breadcrumb\">\n\t\t\t<a href=\"https:\/\/www.patchwork-perles-broderies.com\/blog\/category\/artistes\/\" title=\"Artistes\">Artistes<\/a>\n\t\t<\/span><span class=\"aioseo-breadcrumb-separator\">&raquo;<\/span><span class=\"aioseo-breadcrumb\">\n\t\t\tLa Fibre Occitane expose Desedamas\n\t\t<\/span><\/div>","aioseo_breadcrumb_json":[{"label":"Accueil","link":"https:\/\/www.patchwork-perles-broderies.com\/blog"},{"label":"Artistes","link":"https:\/\/www.patchwork-perles-broderies.com\/blog\/category\/artistes\/"},{"label":"La Fibre Occitane expose Desedamas","link":"https:\/\/www.patchwork-perles-broderies.com\/blog\/2018\/05\/30\/la-fibre-occitane-expose-desedamas\/"}],"_links":{"self":[{"href":"https:\/\/www.patchwork-perles-broderies.com\/blog\/wp-json\/wp\/v2\/posts\/4382","targetHints":{"allow":["GET"]}}],"collection":[{"href":"https:\/\/www.patchwork-perles-broderies.com\/blog\/wp-json\/wp\/v2\/posts"}],"about":[{"href":"https:\/\/www.patchwork-perles-broderies.com\/blog\/wp-json\/wp\/v2\/types\/post"}],"author":[{"embeddable":true,"href":"https:\/\/www.patchwork-perles-broderies.com\/blog\/wp-json\/wp\/v2\/users\/1"}],"replies":[{"embeddable":true,"href":"https:\/\/www.patchwork-perles-broderies.com\/blog\/wp-json\/wp\/v2\/comments?post=4382"}],"version-history":[{"count":3,"href":"https:\/\/www.patchwork-perles-broderies.com\/blog\/wp-json\/wp\/v2\/posts\/4382\/revisions"}],"predecessor-version":[{"id":4397,"href":"https:\/\/www.patchwork-perles-broderies.com\/blog\/wp-json\/wp\/v2\/posts\/4382\/revisions\/4397"}],"wp:attachment":[{"href":"https:\/\/www.patchwork-perles-broderies.com\/blog\/wp-json\/wp\/v2\/media?parent=4382"}],"wp:term":[{"taxonomy":"category","embeddable":true,"href":"https:\/\/www.patchwork-perles-broderies.com\/blog\/wp-json\/wp\/v2\/categories?post=4382"},{"taxonomy":"post_tag","embeddable":true,"href":"https:\/\/www.patchwork-perles-broderies.com\/blog\/wp-json\/wp\/v2\/tags?post=4382"}],"curies":[{"name":"wp","href":"https:\/\/api.w.org\/{rel}","templated":true}]}}