{"id":4513,"date":"2018-09-19T16:59:54","date_gmt":"2018-09-19T15:59:54","guid":{"rendered":"http:\/\/www.patchwork-perles-broderies.com\/blog\/?p=4513"},"modified":"2018-09-19T16:59:54","modified_gmt":"2018-09-19T15:59:54","slug":"gabrielle-paquin-a-labastide-rouairoux","status":"publish","type":"post","link":"https:\/\/www.patchwork-perles-broderies.com\/blog\/2018\/09\/19\/gabrielle-paquin-a-labastide-rouairoux\/","title":{"rendered":"Gabrielle Paquin \u00e0 Labastide Rouairoux"},"content":{"rendered":"<p style=\"text-align: justify;\"><img loading=\"lazy\" decoding=\"async\" class=\"alignleft size-medium wp-image-4540\" src=\"http:\/\/www.patchwork-perles-broderies.com\/blog\/wp-content\/uploads\/2018\/09\/arc-en-ciel-cin\u00e9tiquex-184x300.jpg\" alt=\"\" width=\"184\" height=\"300\" srcset=\"https:\/\/www.patchwork-perles-broderies.com\/blog\/wp-content\/uploads\/2018\/09\/arc-en-ciel-cin\u00e9tiquex-184x300.jpg 184w, https:\/\/www.patchwork-perles-broderies.com\/blog\/wp-content\/uploads\/2018\/09\/arc-en-ciel-cin\u00e9tiquex.jpg 591w\" sizes=\"auto, (max-width: 184px) 100vw, 184px\" \/>Je trouve enfin le temps de trier mes photos , honte \u00e0 moi. Mais entre la publication de mon dernier livre \u00a0\u00bb La Folie des hexagones\u00a0\u00bb et l&rsquo;op\u00e9ration de mon petit chien qui m&rsquo;a fait faire beaucoup de souci j&rsquo;ai \u00e9t\u00e9 tr\u00e8s occup\u00e9e. Tout va bien maintenant. Luna a retrouv\u00e9 sa vitalit\u00e9 habituelle et le livre est lanc\u00e9!. Vous pouvez le trouver\u00a0 dans la bibliographie du blog.<\/p>\n<p style=\"text-align: justify;\">Donc comme tous les ans je suis all\u00e9e faire un tour \u00e0 Labastide Rouairoux.\u00a0 J&rsquo;ai toujours infiniment de plaisir \u00e0 refaire le tour des machines fabuleuses sur lesquelles nos grands parents tissaient et filaient.<\/p>\n<p style=\"text-align: justify;\">Les stands\u00a0 \u00e0 l&rsquo;ext\u00e9rieur \u00e9taient toujours aussi pittoresques et pleins de merveilles .<\/p>\n<p style=\"text-align: justify;\"><img loading=\"lazy\" decoding=\"async\" class=\"aligncenter size-full wp-image-4538\" src=\"http:\/\/www.patchwork-perles-broderies.com\/blog\/wp-content\/uploads\/2018\/09\/P1010377x.jpg\" alt=\"\" width=\"787\" height=\"591\" srcset=\"https:\/\/www.patchwork-perles-broderies.com\/blog\/wp-content\/uploads\/2018\/09\/P1010377x.jpg 787w, https:\/\/www.patchwork-perles-broderies.com\/blog\/wp-content\/uploads\/2018\/09\/P1010377x-300x225.jpg 300w, https:\/\/www.patchwork-perles-broderies.com\/blog\/wp-content\/uploads\/2018\/09\/P1010377x-768x577.jpg 768w, https:\/\/www.patchwork-perles-broderies.com\/blog\/wp-content\/uploads\/2018\/09\/P1010377x-600x451.jpg 600w, https:\/\/www.patchwork-perles-broderies.com\/blog\/wp-content\/uploads\/2018\/09\/P1010377x-624x469.jpg 624w\" sizes=\"auto, (max-width: 787px) 100vw, 787px\" \/>Mais les points forts de cette ann\u00e9e \u00e9taient l&rsquo;exposition des patchworks fran\u00e7ais de Michel Perrier et\u00a0 la plus belle exposition de papillons que j&rsquo;ai jamais vue, oeuvres de Gabrielle Paquin. Gabrielle Paquin est une artiste atypique toujours tr\u00e8s graphique, un graphisme accentu\u00e9 par l&#8217;emploi de tissus ray\u00e9s.<\/p>\n<p style=\"text-align: justify;\">Vous me direz que Gabrielle Paquin ne fait pas que des papillons, et vous aurez raison, mais j&rsquo;adore les papillons et son traitement bien particulier du patchwork se pr\u00eatait admirablement au sujet en all\u00e9geant ce que les lignes auraient pu avoir de rigidit\u00e9. J&rsquo;ai donc pris quelques photos!<\/p>\n<p><img loading=\"lazy\" decoding=\"async\" class=\"aligncenter size-full wp-image-4539\" src=\"http:\/\/www.patchwork-perles-broderies.com\/blog\/wp-content\/uploads\/2018\/09\/Rouge-Passionx.jpg\" alt=\"\" width=\"591\" height=\"974\" srcset=\"https:\/\/www.patchwork-perles-broderies.com\/blog\/wp-content\/uploads\/2018\/09\/Rouge-Passionx.jpg 591w, https:\/\/www.patchwork-perles-broderies.com\/blog\/wp-content\/uploads\/2018\/09\/Rouge-Passionx-182x300.jpg 182w\" sizes=\"auto, (max-width: 591px) 100vw, 591px\" \/><\/p>\n<p><img loading=\"lazy\" decoding=\"async\" class=\"aligncenter size-large wp-image-4537\" src=\"http:\/\/www.patchwork-perles-broderies.com\/blog\/wp-content\/uploads\/2018\/09\/m\u00e9tamorphose-en-3dx-513x1024.jpg\" alt=\"\" width=\"513\" height=\"1024\" srcset=\"https:\/\/www.patchwork-perles-broderies.com\/blog\/wp-content\/uploads\/2018\/09\/m\u00e9tamorphose-en-3dx-513x1024.jpg 513w, https:\/\/www.patchwork-perles-broderies.com\/blog\/wp-content\/uploads\/2018\/09\/m\u00e9tamorphose-en-3dx-150x300.jpg 150w, https:\/\/www.patchwork-perles-broderies.com\/blog\/wp-content\/uploads\/2018\/09\/m\u00e9tamorphose-en-3dx.jpg 591w\" sizes=\"auto, (max-width: 513px) 100vw, 513px\" \/><\/p>\n<p><img loading=\"lazy\" decoding=\"async\" class=\"aligncenter size-full wp-image-4536\" src=\"http:\/\/www.patchwork-perles-broderies.com\/blog\/wp-content\/uploads\/2018\/09\/Les-intrusx.jpg\" alt=\"\" width=\"591\" height=\"986\" srcset=\"https:\/\/www.patchwork-perles-broderies.com\/blog\/wp-content\/uploads\/2018\/09\/Les-intrusx.jpg 591w, https:\/\/www.patchwork-perles-broderies.com\/blog\/wp-content\/uploads\/2018\/09\/Les-intrusx-180x300.jpg 180w\" sizes=\"auto, (max-width: 591px) 100vw, 591px\" \/><img loading=\"lazy\" decoding=\"async\" class=\"aligncenter size-large wp-image-4535\" src=\"http:\/\/www.patchwork-perles-broderies.com\/blog\/wp-content\/uploads\/2018\/09\/Le-Triox-562x1024.jpg\" alt=\"\" width=\"562\" height=\"1024\" srcset=\"https:\/\/www.patchwork-perles-broderies.com\/blog\/wp-content\/uploads\/2018\/09\/Le-Triox-562x1024.jpg 562w, https:\/\/www.patchwork-perles-broderies.com\/blog\/wp-content\/uploads\/2018\/09\/Le-Triox-165x300.jpg 165w, https:\/\/www.patchwork-perles-broderies.com\/blog\/wp-content\/uploads\/2018\/09\/Le-Triox.jpg 591w\" sizes=\"auto, (max-width: 562px) 100vw, 562px\" \/><img loading=\"lazy\" decoding=\"async\" class=\"aligncenter size-full wp-image-4534\" src=\"http:\/\/www.patchwork-perles-broderies.com\/blog\/wp-content\/uploads\/2018\/09\/La-Rondex.jpg\" alt=\"\" width=\"787\" height=\"755\" srcset=\"https:\/\/www.patchwork-perles-broderies.com\/blog\/wp-content\/uploads\/2018\/09\/La-Rondex.jpg 787w, https:\/\/www.patchwork-perles-broderies.com\/blog\/wp-content\/uploads\/2018\/09\/La-Rondex-300x288.jpg 300w, https:\/\/www.patchwork-perles-broderies.com\/blog\/wp-content\/uploads\/2018\/09\/La-Rondex-768x737.jpg 768w, https:\/\/www.patchwork-perles-broderies.com\/blog\/wp-content\/uploads\/2018\/09\/La-Rondex-600x576.jpg 600w, https:\/\/www.patchwork-perles-broderies.com\/blog\/wp-content\/uploads\/2018\/09\/La-Rondex-624x599.jpg 624w\" sizes=\"auto, (max-width: 787px) 100vw, 787px\" \/><img loading=\"lazy\" decoding=\"async\" class=\"aligncenter size-large wp-image-4533\" src=\"http:\/\/www.patchwork-perles-broderies.com\/blog\/wp-content\/uploads\/2018\/09\/envolx-780x1024.jpg\" alt=\"\" width=\"625\" height=\"821\" srcset=\"https:\/\/www.patchwork-perles-broderies.com\/blog\/wp-content\/uploads\/2018\/09\/envolx-780x1024.jpg 780w, https:\/\/www.patchwork-perles-broderies.com\/blog\/wp-content\/uploads\/2018\/09\/envolx-229x300.jpg 229w, https:\/\/www.patchwork-perles-broderies.com\/blog\/wp-content\/uploads\/2018\/09\/envolx-768x1008.jpg 768w, https:\/\/www.patchwork-perles-broderies.com\/blog\/wp-content\/uploads\/2018\/09\/envolx-600x788.jpg 600w, https:\/\/www.patchwork-perles-broderies.com\/blog\/wp-content\/uploads\/2018\/09\/envolx-624x819.jpg 624w, https:\/\/www.patchwork-perles-broderies.com\/blog\/wp-content\/uploads\/2018\/09\/envolx.jpg 787w\" sizes=\"auto, (max-width: 625px) 100vw, 625px\" \/><\/p>\n<p>&nbsp;<\/p>\n<p>&nbsp;<\/p>\n","protected":false},"excerpt":{"rendered":"<p>Je trouve enfin le temps de trier mes photos , honte \u00e0 moi. Mais entre la publication de mon dernier livre \u00a0\u00bb La Folie des hexagones\u00a0\u00bb et l&rsquo;op\u00e9ration de mon petit chien qui m&rsquo;a fait faire beaucoup de souci j&rsquo;ai \u00e9t\u00e9 tr\u00e8s occup\u00e9e. Tout va bien maintenant. Luna a retrouv\u00e9 sa vitalit\u00e9 habituelle et le [&hellip;]<\/p>\n","protected":false},"author":1,"featured_media":0,"comment_status":"open","ping_status":"open","sticky":false,"template":"","format":"standard","meta":{"footnotes":""},"categories":[3,228],"tags":[244,117],"class_list":["post-4513","post","type-post","status-publish","format-standard","hentry","category-artistes","category-tourisme","tag-gabrielle-paquin","tag-labastide-rouairoux"],"aioseo_notices":[],"aioseo_head":"\n\t\t<!-- All in One SEO 5.0.1.1 - aioseo.com -->\n\t<meta name=\"description\" content=\"Je trouve enfin le temps de trier mes photos , honte \u00e0 moi. Mais entre la publication de mon dernier livre &quot; La Folie des hexagones&quot; et l&#039;op\u00e9ration de mon petit chien qui m&#039;a fait faire beaucoup de souci j&#039;ai \u00e9t\u00e9 tr\u00e8s occup\u00e9e. Tout va bien maintenant. Luna a retrouv\u00e9 sa vitalit\u00e9 habituelle et le\" \/>\n\t<meta name=\"robots\" content=\"max-image-preview:large\" \/>\n\t<meta name=\"author\" content=\"admin\"\/>\n\t<meta name=\"keywords\" content=\"gabrielle paquin,labastide rouairoux\" \/>\n\t<link rel=\"canonical\" href=\"https:\/\/www.patchwork-perles-broderies.com\/blog\/2018\/09\/19\/gabrielle-paquin-a-labastide-rouairoux\/\" \/>\n\t<meta name=\"generator\" content=\"All in One SEO (AIOSEO) 5.0.1.1\" \/>\n\t\t<meta property=\"og:locale\" content=\"fr_FR\" \/>\n\t\t<meta property=\"og:site_name\" content=\"Patchwork Perles et Broderies - Le Blog |  La Passion du Patch Orn\u00e9 ( Website : patchwork-perles-broderies.com )\" \/>\n\t\t<meta property=\"og:type\" content=\"article\" \/>\n\t\t<meta property=\"og:title\" content=\"Gabrielle Paquin \u00e0 Labastide Rouairoux | Patchwork Perles et Broderies - Le Blog\" \/>\n\t\t<meta property=\"og:description\" content=\"Je trouve enfin le temps de trier mes photos , honte \u00e0 moi. Mais entre la publication de mon dernier livre &quot; La Folie des hexagones&quot; et l&#039;op\u00e9ration de mon petit chien qui m&#039;a fait faire beaucoup de souci j&#039;ai \u00e9t\u00e9 tr\u00e8s occup\u00e9e. Tout va bien maintenant. Luna a retrouv\u00e9 sa vitalit\u00e9 habituelle et le\" \/>\n\t\t<meta property=\"og:url\" content=\"https:\/\/www.patchwork-perles-broderies.com\/blog\/2018\/09\/19\/gabrielle-paquin-a-labastide-rouairoux\/\" \/>\n\t\t<meta property=\"article:published_time\" content=\"2018-09-19T15:59:54+00:00\" \/>\n\t\t<meta property=\"article:modified_time\" content=\"2018-09-19T15:59:54+00:00\" \/>\n\t\t<meta name=\"twitter:card\" content=\"summary\" \/>\n\t\t<meta name=\"twitter:title\" content=\"Gabrielle Paquin \u00e0 Labastide Rouairoux | Patchwork Perles et Broderies - Le Blog\" \/>\n\t\t<meta name=\"twitter:description\" content=\"Je trouve enfin le temps de trier mes photos , honte \u00e0 moi. Mais entre la publication de mon dernier livre &quot; La Folie des hexagones&quot; et l&#039;op\u00e9ration de mon petit chien qui m&#039;a fait faire beaucoup de souci j&#039;ai \u00e9t\u00e9 tr\u00e8s occup\u00e9e. Tout va bien maintenant. Luna a retrouv\u00e9 sa vitalit\u00e9 habituelle et le\" \/>\n\t\t<script type=\"application\/ld+json\" class=\"aioseo-schema\">\n\t\t\t{\"@context\":\"https:\\\/\\\/schema.org\",\"@graph\":[{\"@type\":\"Article\",\"@id\":\"https:\\\/\\\/www.patchwork-perles-broderies.com\\\/blog\\\/2018\\\/09\\\/19\\\/gabrielle-paquin-a-labastide-rouairoux\\\/#article\",\"name\":\"Gabrielle Paquin \\u00e0 Labastide Rouairoux | Patchwork Perles et Broderies - Le Blog\",\"headline\":\"Gabrielle Paquin \\u00e0 Labastide Rouairoux\",\"author\":{\"@id\":\"https:\\\/\\\/www.patchwork-perles-broderies.com\\\/blog\\\/author\\\/admin\\\/#author\"},\"publisher\":{\"@id\":\"https:\\\/\\\/www.patchwork-perles-broderies.com\\\/blog\\\/#person\"},\"image\":{\"@type\":\"ImageObject\",\"url\":\"http:\\\/\\\/www.patchwork-perles-broderies.com\\\/blog\\\/wp-content\\\/uploads\\\/2018\\\/09\\\/arc-en-ciel-cin\\u00e9tiquex-184x300.jpg\",\"@id\":\"https:\\\/\\\/www.patchwork-perles-broderies.com\\\/blog\\\/2018\\\/09\\\/19\\\/gabrielle-paquin-a-labastide-rouairoux\\\/#articleImage\"},\"datePublished\":\"2018-09-19T16:59:54+01:00\",\"dateModified\":\"2018-09-19T16:59:54+01:00\",\"inLanguage\":\"fr-FR\",\"mainEntityOfPage\":{\"@id\":\"https:\\\/\\\/www.patchwork-perles-broderies.com\\\/blog\\\/2018\\\/09\\\/19\\\/gabrielle-paquin-a-labastide-rouairoux\\\/#webpage\"},\"isPartOf\":{\"@id\":\"https:\\\/\\\/www.patchwork-perles-broderies.com\\\/blog\\\/2018\\\/09\\\/19\\\/gabrielle-paquin-a-labastide-rouairoux\\\/#webpage\"},\"articleSection\":\"Artistes, Tourisme, Gabrielle Paquin, Labastide Rouairoux\"},{\"@type\":\"BreadcrumbList\",\"@id\":\"https:\\\/\\\/www.patchwork-perles-broderies.com\\\/blog\\\/2018\\\/09\\\/19\\\/gabrielle-paquin-a-labastide-rouairoux\\\/#breadcrumblist\",\"itemListElement\":[{\"@type\":\"ListItem\",\"@id\":\"https:\\\/\\\/www.patchwork-perles-broderies.com\\\/blog#listItem\",\"position\":1,\"name\":\"Accueil\",\"item\":\"https:\\\/\\\/www.patchwork-perles-broderies.com\\\/blog\",\"nextItem\":{\"@type\":\"ListItem\",\"@id\":\"https:\\\/\\\/www.patchwork-perles-broderies.com\\\/blog\\\/category\\\/artistes\\\/#listItem\",\"name\":\"Artistes\"}},{\"@type\":\"ListItem\",\"@id\":\"https:\\\/\\\/www.patchwork-perles-broderies.com\\\/blog\\\/category\\\/artistes\\\/#listItem\",\"position\":2,\"name\":\"Artistes\",\"item\":\"https:\\\/\\\/www.patchwork-perles-broderies.com\\\/blog\\\/category\\\/artistes\\\/\",\"nextItem\":{\"@type\":\"ListItem\",\"@id\":\"https:\\\/\\\/www.patchwork-perles-broderies.com\\\/blog\\\/2018\\\/09\\\/19\\\/gabrielle-paquin-a-labastide-rouairoux\\\/#listItem\",\"name\":\"Gabrielle Paquin \\u00e0 Labastide Rouairoux\"},\"previousItem\":{\"@type\":\"ListItem\",\"@id\":\"https:\\\/\\\/www.patchwork-perles-broderies.com\\\/blog#listItem\",\"name\":\"Accueil\"}},{\"@type\":\"ListItem\",\"@id\":\"https:\\\/\\\/www.patchwork-perles-broderies.com\\\/blog\\\/2018\\\/09\\\/19\\\/gabrielle-paquin-a-labastide-rouairoux\\\/#listItem\",\"position\":3,\"name\":\"Gabrielle Paquin \\u00e0 Labastide Rouairoux\",\"previousItem\":{\"@type\":\"ListItem\",\"@id\":\"https:\\\/\\\/www.patchwork-perles-broderies.com\\\/blog\\\/category\\\/artistes\\\/#listItem\",\"name\":\"Artistes\"}}]},{\"@type\":\"Person\",\"@id\":\"https:\\\/\\\/www.patchwork-perles-broderies.com\\\/blog\\\/#person\",\"name\":\"admin\",\"image\":{\"@type\":\"ImageObject\",\"@id\":\"https:\\\/\\\/www.patchwork-perles-broderies.com\\\/blog\\\/2018\\\/09\\\/19\\\/gabrielle-paquin-a-labastide-rouairoux\\\/#personImage\",\"url\":\"https:\\\/\\\/secure.gravatar.com\\\/avatar\\\/f8283cc8f0bd73ad8d4a00aade7fefd9b739f96e8a9e5f8fa202319c0962314e?s=96&d=identicon&r=g\",\"width\":96,\"height\":96,\"caption\":\"admin\"}},{\"@type\":\"Person\",\"@id\":\"https:\\\/\\\/www.patchwork-perles-broderies.com\\\/blog\\\/author\\\/admin\\\/#author\",\"url\":\"https:\\\/\\\/www.patchwork-perles-broderies.com\\\/blog\\\/author\\\/admin\\\/\",\"name\":\"admin\",\"image\":{\"@type\":\"ImageObject\",\"@id\":\"https:\\\/\\\/www.patchwork-perles-broderies.com\\\/blog\\\/2018\\\/09\\\/19\\\/gabrielle-paquin-a-labastide-rouairoux\\\/#authorImage\",\"url\":\"https:\\\/\\\/secure.gravatar.com\\\/avatar\\\/f8283cc8f0bd73ad8d4a00aade7fefd9b739f96e8a9e5f8fa202319c0962314e?s=96&d=identicon&r=g\",\"width\":96,\"height\":96,\"caption\":\"admin\"}},{\"@type\":\"WebPage\",\"@id\":\"https:\\\/\\\/www.patchwork-perles-broderies.com\\\/blog\\\/2018\\\/09\\\/19\\\/gabrielle-paquin-a-labastide-rouairoux\\\/#webpage\",\"url\":\"https:\\\/\\\/www.patchwork-perles-broderies.com\\\/blog\\\/2018\\\/09\\\/19\\\/gabrielle-paquin-a-labastide-rouairoux\\\/\",\"name\":\"Gabrielle Paquin \\u00e0 Labastide Rouairoux | Patchwork Perles et Broderies - Le Blog\",\"description\":\"Je trouve enfin le temps de trier mes photos , honte \\u00e0 moi. Mais entre la publication de mon dernier livre \\\" La Folie des hexagones\\\" et l'op\\u00e9ration de mon petit chien qui m'a fait faire beaucoup de souci j'ai \\u00e9t\\u00e9 tr\\u00e8s occup\\u00e9e. Tout va bien maintenant. Luna a retrouv\\u00e9 sa vitalit\\u00e9 habituelle et le\",\"inLanguage\":\"fr-FR\",\"isPartOf\":{\"@id\":\"https:\\\/\\\/www.patchwork-perles-broderies.com\\\/blog\\\/#website\"},\"breadcrumb\":{\"@id\":\"https:\\\/\\\/www.patchwork-perles-broderies.com\\\/blog\\\/2018\\\/09\\\/19\\\/gabrielle-paquin-a-labastide-rouairoux\\\/#breadcrumblist\"},\"author\":{\"@id\":\"https:\\\/\\\/www.patchwork-perles-broderies.com\\\/blog\\\/author\\\/admin\\\/#author\"},\"creator\":{\"@id\":\"https:\\\/\\\/www.patchwork-perles-broderies.com\\\/blog\\\/author\\\/admin\\\/#author\"},\"datePublished\":\"2018-09-19T16:59:54+01:00\",\"dateModified\":\"2018-09-19T16:59:54+01:00\"},{\"@type\":\"WebSite\",\"@id\":\"https:\\\/\\\/www.patchwork-perles-broderies.com\\\/blog\\\/#website\",\"url\":\"https:\\\/\\\/www.patchwork-perles-broderies.com\\\/blog\\\/\",\"name\":\"Patchwork Perles et Broderies\",\"description\":\"La Passion du Patch Orn\\u00e9 ( Website : patchwork-perles-broderies.com )\",\"inLanguage\":\"fr-FR\",\"publisher\":{\"@id\":\"https:\\\/\\\/www.patchwork-perles-broderies.com\\\/blog\\\/#person\"}}]}\n\t\t<\/script>\n\t\t<!-- All in One SEO -->\n\n","aioseo_head_json":{"title":"Gabrielle Paquin \u00e0 Labastide Rouairoux | Patchwork Perles et Broderies - Le Blog","description":"Je trouve enfin le temps de trier mes photos , honte \u00e0 moi. Mais entre la publication de mon dernier livre \" La Folie des hexagones\" et l'op\u00e9ration de mon petit chien qui m'a fait faire beaucoup de souci j'ai \u00e9t\u00e9 tr\u00e8s occup\u00e9e. Tout va bien maintenant. Luna a retrouv\u00e9 sa vitalit\u00e9 habituelle et le","canonical_url":"https:\/\/www.patchwork-perles-broderies.com\/blog\/2018\/09\/19\/gabrielle-paquin-a-labastide-rouairoux\/","robots":"max-image-preview:large","keywords":"gabrielle paquin,labastide rouairoux","webmasterTools":{"miscellaneous":""},"schema":{"@context":"https:\/\/schema.org","@graph":[{"@type":"Article","@id":"https:\/\/www.patchwork-perles-broderies.com\/blog\/2018\/09\/19\/gabrielle-paquin-a-labastide-rouairoux\/#article","name":"Gabrielle Paquin \u00e0 Labastide Rouairoux | Patchwork Perles et Broderies - Le Blog","headline":"Gabrielle Paquin \u00e0 Labastide Rouairoux","author":{"@id":"https:\/\/www.patchwork-perles-broderies.com\/blog\/author\/admin\/#author"},"publisher":{"@id":"https:\/\/www.patchwork-perles-broderies.com\/blog\/#person"},"image":{"@type":"ImageObject","url":"http:\/\/www.patchwork-perles-broderies.com\/blog\/wp-content\/uploads\/2018\/09\/arc-en-ciel-cin\u00e9tiquex-184x300.jpg","@id":"https:\/\/www.patchwork-perles-broderies.com\/blog\/2018\/09\/19\/gabrielle-paquin-a-labastide-rouairoux\/#articleImage"},"datePublished":"2018-09-19T16:59:54+01:00","dateModified":"2018-09-19T16:59:54+01:00","inLanguage":"fr-FR","mainEntityOfPage":{"@id":"https:\/\/www.patchwork-perles-broderies.com\/blog\/2018\/09\/19\/gabrielle-paquin-a-labastide-rouairoux\/#webpage"},"isPartOf":{"@id":"https:\/\/www.patchwork-perles-broderies.com\/blog\/2018\/09\/19\/gabrielle-paquin-a-labastide-rouairoux\/#webpage"},"articleSection":"Artistes, Tourisme, Gabrielle Paquin, Labastide Rouairoux"},{"@type":"BreadcrumbList","@id":"https:\/\/www.patchwork-perles-broderies.com\/blog\/2018\/09\/19\/gabrielle-paquin-a-labastide-rouairoux\/#breadcrumblist","itemListElement":[{"@type":"ListItem","@id":"https:\/\/www.patchwork-perles-broderies.com\/blog#listItem","position":1,"name":"Accueil","item":"https:\/\/www.patchwork-perles-broderies.com\/blog","nextItem":{"@type":"ListItem","@id":"https:\/\/www.patchwork-perles-broderies.com\/blog\/category\/artistes\/#listItem","name":"Artistes"}},{"@type":"ListItem","@id":"https:\/\/www.patchwork-perles-broderies.com\/blog\/category\/artistes\/#listItem","position":2,"name":"Artistes","item":"https:\/\/www.patchwork-perles-broderies.com\/blog\/category\/artistes\/","nextItem":{"@type":"ListItem","@id":"https:\/\/www.patchwork-perles-broderies.com\/blog\/2018\/09\/19\/gabrielle-paquin-a-labastide-rouairoux\/#listItem","name":"Gabrielle Paquin \u00e0 Labastide Rouairoux"},"previousItem":{"@type":"ListItem","@id":"https:\/\/www.patchwork-perles-broderies.com\/blog#listItem","name":"Accueil"}},{"@type":"ListItem","@id":"https:\/\/www.patchwork-perles-broderies.com\/blog\/2018\/09\/19\/gabrielle-paquin-a-labastide-rouairoux\/#listItem","position":3,"name":"Gabrielle Paquin \u00e0 Labastide Rouairoux","previousItem":{"@type":"ListItem","@id":"https:\/\/www.patchwork-perles-broderies.com\/blog\/category\/artistes\/#listItem","name":"Artistes"}}]},{"@type":"Person","@id":"https:\/\/www.patchwork-perles-broderies.com\/blog\/#person","name":"admin","image":{"@type":"ImageObject","@id":"https:\/\/www.patchwork-perles-broderies.com\/blog\/2018\/09\/19\/gabrielle-paquin-a-labastide-rouairoux\/#personImage","url":"https:\/\/secure.gravatar.com\/avatar\/f8283cc8f0bd73ad8d4a00aade7fefd9b739f96e8a9e5f8fa202319c0962314e?s=96&d=identicon&r=g","width":96,"height":96,"caption":"admin"}},{"@type":"Person","@id":"https:\/\/www.patchwork-perles-broderies.com\/blog\/author\/admin\/#author","url":"https:\/\/www.patchwork-perles-broderies.com\/blog\/author\/admin\/","name":"admin","image":{"@type":"ImageObject","@id":"https:\/\/www.patchwork-perles-broderies.com\/blog\/2018\/09\/19\/gabrielle-paquin-a-labastide-rouairoux\/#authorImage","url":"https:\/\/secure.gravatar.com\/avatar\/f8283cc8f0bd73ad8d4a00aade7fefd9b739f96e8a9e5f8fa202319c0962314e?s=96&d=identicon&r=g","width":96,"height":96,"caption":"admin"}},{"@type":"WebPage","@id":"https:\/\/www.patchwork-perles-broderies.com\/blog\/2018\/09\/19\/gabrielle-paquin-a-labastide-rouairoux\/#webpage","url":"https:\/\/www.patchwork-perles-broderies.com\/blog\/2018\/09\/19\/gabrielle-paquin-a-labastide-rouairoux\/","name":"Gabrielle Paquin \u00e0 Labastide Rouairoux | Patchwork Perles et Broderies - Le Blog","description":"Je trouve enfin le temps de trier mes photos , honte \u00e0 moi. Mais entre la publication de mon dernier livre \" La Folie des hexagones\" et l'op\u00e9ration de mon petit chien qui m'a fait faire beaucoup de souci j'ai \u00e9t\u00e9 tr\u00e8s occup\u00e9e. Tout va bien maintenant. Luna a retrouv\u00e9 sa vitalit\u00e9 habituelle et le","inLanguage":"fr-FR","isPartOf":{"@id":"https:\/\/www.patchwork-perles-broderies.com\/blog\/#website"},"breadcrumb":{"@id":"https:\/\/www.patchwork-perles-broderies.com\/blog\/2018\/09\/19\/gabrielle-paquin-a-labastide-rouairoux\/#breadcrumblist"},"author":{"@id":"https:\/\/www.patchwork-perles-broderies.com\/blog\/author\/admin\/#author"},"creator":{"@id":"https:\/\/www.patchwork-perles-broderies.com\/blog\/author\/admin\/#author"},"datePublished":"2018-09-19T16:59:54+01:00","dateModified":"2018-09-19T16:59:54+01:00"},{"@type":"WebSite","@id":"https:\/\/www.patchwork-perles-broderies.com\/blog\/#website","url":"https:\/\/www.patchwork-perles-broderies.com\/blog\/","name":"Patchwork Perles et Broderies","description":"La Passion du Patch Orn\u00e9 ( Website : patchwork-perles-broderies.com )","inLanguage":"fr-FR","publisher":{"@id":"https:\/\/www.patchwork-perles-broderies.com\/blog\/#person"}}]},"og:locale":"fr_FR","og:site_name":"Patchwork Perles et Broderies - Le Blog |  La Passion du Patch Orn\u00e9 ( Website : patchwork-perles-broderies.com )","og:type":"article","og:title":"Gabrielle Paquin \u00e0 Labastide Rouairoux | Patchwork Perles et Broderies - Le Blog","og:description":"Je trouve enfin le temps de trier mes photos , honte \u00e0 moi. Mais entre la publication de mon dernier livre &quot; La Folie des hexagones&quot; et l'op\u00e9ration de mon petit chien qui m'a fait faire beaucoup de souci j'ai \u00e9t\u00e9 tr\u00e8s occup\u00e9e. Tout va bien maintenant. Luna a retrouv\u00e9 sa vitalit\u00e9 habituelle et le","og:url":"https:\/\/www.patchwork-perles-broderies.com\/blog\/2018\/09\/19\/gabrielle-paquin-a-labastide-rouairoux\/","article:published_time":"2018-09-19T15:59:54+00:00","article:modified_time":"2018-09-19T15:59:54+00:00","twitter:card":"summary","twitter:title":"Gabrielle Paquin \u00e0 Labastide Rouairoux | Patchwork Perles et Broderies - Le Blog","twitter:description":"Je trouve enfin le temps de trier mes photos , honte \u00e0 moi. Mais entre la publication de mon dernier livre &quot; La Folie des hexagones&quot; et l'op\u00e9ration de mon petit chien qui m'a fait faire beaucoup de souci j'ai \u00e9t\u00e9 tr\u00e8s occup\u00e9e. Tout va bien maintenant. Luna a retrouv\u00e9 sa vitalit\u00e9 habituelle et le"},"aioseo_meta_data":{"post_id":"4513","title":null,"description":null,"keywords":null,"keyphrases":null,"primary_term":null,"canonical_url":null,"og_title":null,"og_description":null,"og_object_type":"default","og_image_type":"default","og_image_url":null,"og_image_width":null,"og_image_height":null,"og_image_custom_url":null,"og_image_custom_fields":null,"og_video":null,"og_custom_url":null,"og_article_section":null,"og_article_tags":null,"twitter_use_og":false,"twitter_card":"default","twitter_image_type":"default","twitter_image_url":null,"twitter_image_custom_url":null,"twitter_image_custom_fields":null,"twitter_title":null,"twitter_description":null,"schema":{"blockGraphs":[],"customGraphs":[],"default":{"data":{"Article":[],"Course":[],"Dataset":[],"FAQPage":[],"Movie":[],"Person":[],"Product":[],"ProductReview":[],"Car":[],"Recipe":[],"Service":[],"SoftwareApplication":[],"WebPage":[]},"graphName":"","isEnabled":true},"graphs":[],"defaultGraph":"","defaultPostTypeGraph":""},"schema_type":null,"schema_type_options":null,"pillar_content":false,"robots_default":true,"robots_noindex":false,"robots_noarchive":false,"robots_nosnippet":false,"robots_nofollow":false,"robots_noimageindex":false,"robots_noodp":false,"robots_notranslate":false,"robots_max_snippet":null,"robots_max_videopreview":null,"robots_max_imagepreview":"large","priority":null,"frequency":null,"location":null,"local_seo":null,"breadcrumb_settings":null,"limit_modified_date":false,"ai":null,"created":"2021-01-22 11:27:30","updated":"2025-06-28 22:23:30","focus_keyword":null,"additional_keywords":null,"truseo_locale":null,"seo_analyzer_scan_date":null},"aioseo_breadcrumb":"<div class=\"aioseo-breadcrumbs\"><span class=\"aioseo-breadcrumb\">\n\t\t\t<a href=\"https:\/\/www.patchwork-perles-broderies.com\/blog\" title=\"Accueil\">Accueil<\/a>\n\t\t<\/span><span class=\"aioseo-breadcrumb-separator\">&raquo;<\/span><span class=\"aioseo-breadcrumb\">\n\t\t\t<a href=\"https:\/\/www.patchwork-perles-broderies.com\/blog\/category\/artistes\/\" title=\"Artistes\">Artistes<\/a>\n\t\t<\/span><span class=\"aioseo-breadcrumb-separator\">&raquo;<\/span><span class=\"aioseo-breadcrumb\">\n\t\t\tGabrielle Paquin \u00e0 Labastide Rouairoux\n\t\t<\/span><\/div>","aioseo_breadcrumb_json":[{"label":"Accueil","link":"https:\/\/www.patchwork-perles-broderies.com\/blog"},{"label":"Artistes","link":"https:\/\/www.patchwork-perles-broderies.com\/blog\/category\/artistes\/"},{"label":"Gabrielle Paquin \u00e0 Labastide Rouairoux","link":"https:\/\/www.patchwork-perles-broderies.com\/blog\/2018\/09\/19\/gabrielle-paquin-a-labastide-rouairoux\/"}],"_links":{"self":[{"href":"https:\/\/www.patchwork-perles-broderies.com\/blog\/wp-json\/wp\/v2\/posts\/4513","targetHints":{"allow":["GET"]}}],"collection":[{"href":"https:\/\/www.patchwork-perles-broderies.com\/blog\/wp-json\/wp\/v2\/posts"}],"about":[{"href":"https:\/\/www.patchwork-perles-broderies.com\/blog\/wp-json\/wp\/v2\/types\/post"}],"author":[{"embeddable":true,"href":"https:\/\/www.patchwork-perles-broderies.com\/blog\/wp-json\/wp\/v2\/users\/1"}],"replies":[{"embeddable":true,"href":"https:\/\/www.patchwork-perles-broderies.com\/blog\/wp-json\/wp\/v2\/comments?post=4513"}],"version-history":[{"count":4,"href":"https:\/\/www.patchwork-perles-broderies.com\/blog\/wp-json\/wp\/v2\/posts\/4513\/revisions"}],"predecessor-version":[{"id":4542,"href":"https:\/\/www.patchwork-perles-broderies.com\/blog\/wp-json\/wp\/v2\/posts\/4513\/revisions\/4542"}],"wp:attachment":[{"href":"https:\/\/www.patchwork-perles-broderies.com\/blog\/wp-json\/wp\/v2\/media?parent=4513"}],"wp:term":[{"taxonomy":"category","embeddable":true,"href":"https:\/\/www.patchwork-perles-broderies.com\/blog\/wp-json\/wp\/v2\/categories?post=4513"},{"taxonomy":"post_tag","embeddable":true,"href":"https:\/\/www.patchwork-perles-broderies.com\/blog\/wp-json\/wp\/v2\/tags?post=4513"}],"curies":[{"name":"wp","href":"https:\/\/api.w.org\/{rel}","templated":true}]}}