{"id":4544,"date":"2018-10-06T08:25:58","date_gmt":"2018-10-06T07:25:58","guid":{"rendered":"http:\/\/www.patchwork-perles-broderies.com\/blog\/?p=4544"},"modified":"2018-10-06T08:25:58","modified_gmt":"2018-10-06T07:25:58","slug":"the-tower-meanwood","status":"publish","type":"post","link":"https:\/\/www.patchwork-perles-broderies.com\/blog\/2018\/10\/06\/the-tower-meanwood\/","title":{"rendered":"The Tower Meanwood"},"content":{"rendered":"<div id=\"attachment_4555\" style=\"width: 235px\" class=\"wp-caption alignleft\"><img loading=\"lazy\" decoding=\"async\" aria-describedby=\"caption-attachment-4555\" class=\"size-medium wp-image-4555\" src=\"http:\/\/www.patchwork-perles-broderies.com\/blog\/wp-content\/uploads\/2018\/10\/porchex-225x300.jpg\" alt=\"\" width=\"225\" height=\"300\" srcset=\"https:\/\/www.patchwork-perles-broderies.com\/blog\/wp-content\/uploads\/2018\/10\/porchex-225x300.jpg 225w, https:\/\/www.patchwork-perles-broderies.com\/blog\/wp-content\/uploads\/2018\/10\/porchex.jpg 591w\" sizes=\"auto, (max-width: 225px) 100vw, 225px\" \/><p id=\"caption-attachment-4555\" class=\"wp-caption-text\">le majestueux porche d&rsquo;entr\u00e9e<\/p><\/div>\n<p style=\"text-align: justify;\">Ma fille a\u00een\u00e9e est architecte et comme moi elle est passionn\u00e9e par les b\u00e2timents. Lorsque je vais la voir je partage donc mon temps entre les magasins de tissu et les monuments de sa r\u00e9gion.<\/p>\n<p style=\"text-align: justify;\">La r\u00e9gion de Leeds a \u00e9t\u00e9 incroyablement riche du temps o\u00f9 les usines\u00a0 de tissu tournaient \u00e0 plein r\u00e9gime et employaient des milliers de gens.<\/p>\n<p style=\"text-align: justify;\">Tout cela a disparu aujourd&rsquo;hui, comme chez nous, mais il reste des dizaines de\u00a0 ch\u00e2teaux imposants construits pour les propri\u00e9taires des usines ou des terres.<\/p>\n<p style=\"text-align: justify;\">La ruine de ces propri\u00e9taires a entra\u00een\u00e9e celle des b\u00e2timents. Les terres ont \u00e9t\u00e9 vendues pour construire des bungalow bon march\u00e9, les b\u00e2timents eux m\u00eames ont \u00e9t\u00e9 abandonn\u00e9es ou d\u00e9coup\u00e9s en appartements&#8230;. leur splendeur a disparu\u00a0 et c&rsquo;est infiniment triste.<\/p>\n<div id=\"attachment_4550\" style=\"width: 601px\" class=\"wp-caption aligncenter\"><img loading=\"lazy\" decoding=\"async\" aria-describedby=\"caption-attachment-4550\" class=\"size-full wp-image-4550\" src=\"http:\/\/www.patchwork-perles-broderies.com\/blog\/wp-content\/uploads\/2018\/10\/fa\u00e7ade-avantx.jpg\" alt=\"\" width=\"591\" height=\"787\" srcset=\"https:\/\/www.patchwork-perles-broderies.com\/blog\/wp-content\/uploads\/2018\/10\/fa\u00e7ade-avantx.jpg 591w, https:\/\/www.patchwork-perles-broderies.com\/blog\/wp-content\/uploads\/2018\/10\/fa\u00e7ade-avantx-225x300.jpg 225w\" sizes=\"auto, (max-width: 591px) 100vw, 591px\" \/><p id=\"caption-attachment-4550\" class=\"wp-caption-text\">des \u00e9chafaudages tentent de maintenir la fa\u00e7ade<\/p><\/div>\n<p style=\"text-align: justify;\">The Tower de Meanwood est un de ces ch\u00e2teaux. Il avait \u00e9t\u00e9 construit par le p\u00e8re de Pugin, un architecte c\u00e9l\u00e8bre, auteur de la Maison du Parlement \u00e0 Londres \u2013 Big Ben) un architecte parmi les leaders du mouvement arts and crafts.<\/p>\n<p style=\"text-align: justify;\"><img loading=\"lazy\" decoding=\"async\" class=\"aligncenter size-full wp-image-4549\" src=\"http:\/\/www.patchwork-perles-broderies.com\/blog\/wp-content\/uploads\/2018\/10\/fa\u00e7ade-avant1x.jpg\" alt=\"\" width=\"862\" height=\"591\" srcset=\"https:\/\/www.patchwork-perles-broderies.com\/blog\/wp-content\/uploads\/2018\/10\/fa\u00e7ade-avant1x.jpg 862w, https:\/\/www.patchwork-perles-broderies.com\/blog\/wp-content\/uploads\/2018\/10\/fa\u00e7ade-avant1x-300x206.jpg 300w, https:\/\/www.patchwork-perles-broderies.com\/blog\/wp-content\/uploads\/2018\/10\/fa\u00e7ade-avant1x-768x527.jpg 768w, https:\/\/www.patchwork-perles-broderies.com\/blog\/wp-content\/uploads\/2018\/10\/fa\u00e7ade-avant1x-600x411.jpg 600w, https:\/\/www.patchwork-perles-broderies.com\/blog\/wp-content\/uploads\/2018\/10\/fa\u00e7ade-avant1x-624x428.jpg 624w\" sizes=\"auto, (max-width: 862px) 100vw, 862px\" \/> Aujourd&rsquo;hui\u00a0 le parc a disparu\u00a0 il ne reste que quelques m\u00e8tres autour de la maison, jardin n\u00e9glig\u00e9 envahi par une v\u00e9g\u00e9tation anarchique qui pousse jusque sur l&rsquo;escalier d&rsquo;entr\u00e9e ou transform\u00e9 en parc de stationnement.<\/p>\n<div id=\"attachment_4548\" style=\"width: 797px\" class=\"wp-caption aligncenter\"><img loading=\"lazy\" decoding=\"async\" aria-describedby=\"caption-attachment-4548\" class=\"size-full wp-image-4548\" src=\"http:\/\/www.patchwork-perles-broderies.com\/blog\/wp-content\/uploads\/2018\/10\/fa\u00e7ade-arri\u00e8rex.jpg\" alt=\"\" width=\"787\" height=\"591\" srcset=\"https:\/\/www.patchwork-perles-broderies.com\/blog\/wp-content\/uploads\/2018\/10\/fa\u00e7ade-arri\u00e8rex.jpg 787w, https:\/\/www.patchwork-perles-broderies.com\/blog\/wp-content\/uploads\/2018\/10\/fa\u00e7ade-arri\u00e8rex-300x225.jpg 300w, https:\/\/www.patchwork-perles-broderies.com\/blog\/wp-content\/uploads\/2018\/10\/fa\u00e7ade-arri\u00e8rex-768x577.jpg 768w, https:\/\/www.patchwork-perles-broderies.com\/blog\/wp-content\/uploads\/2018\/10\/fa\u00e7ade-arri\u00e8rex-600x451.jpg 600w, https:\/\/www.patchwork-perles-broderies.com\/blog\/wp-content\/uploads\/2018\/10\/fa\u00e7ade-arri\u00e8rex-624x469.jpg 624w\" sizes=\"auto, (max-width: 787px) 100vw, 787px\" \/><p id=\"caption-attachment-4548\" class=\"wp-caption-text\">fen\u00eatres aveugles, parc r\u00e9duit \u00e0 sa plus simple expression<\/p><\/div>\n<div id=\"attachment_4553\" style=\"width: 601px\" class=\"wp-caption aligncenter\"><img loading=\"lazy\" decoding=\"async\" aria-describedby=\"caption-attachment-4553\" class=\"size-full wp-image-4553\" src=\"http:\/\/www.patchwork-perles-broderies.com\/blog\/wp-content\/uploads\/2018\/10\/P1010175x.jpg\" alt=\"\" width=\"591\" height=\"828\" srcset=\"https:\/\/www.patchwork-perles-broderies.com\/blog\/wp-content\/uploads\/2018\/10\/P1010175x.jpg 591w, https:\/\/www.patchwork-perles-broderies.com\/blog\/wp-content\/uploads\/2018\/10\/P1010175x-214x300.jpg 214w\" sizes=\"auto, (max-width: 591px) 100vw, 591px\" \/><p id=\"caption-attachment-4553\" class=\"wp-caption-text\">Une v\u00e9g\u00e9tation luxuriante entoure le ch\u00e2teau<\/p><\/div>\n<div id=\"attachment_4554\" style=\"width: 797px\" class=\"wp-caption aligncenter\"><img loading=\"lazy\" decoding=\"async\" aria-describedby=\"caption-attachment-4554\" class=\"size-full wp-image-4554\" src=\"http:\/\/www.patchwork-perles-broderies.com\/blog\/wp-content\/uploads\/2018\/10\/P1010176x.jpg\" alt=\"\" width=\"787\" height=\"591\" srcset=\"https:\/\/www.patchwork-perles-broderies.com\/blog\/wp-content\/uploads\/2018\/10\/P1010176x.jpg 787w, https:\/\/www.patchwork-perles-broderies.com\/blog\/wp-content\/uploads\/2018\/10\/P1010176x-300x225.jpg 300w, https:\/\/www.patchwork-perles-broderies.com\/blog\/wp-content\/uploads\/2018\/10\/P1010176x-768x577.jpg 768w, https:\/\/www.patchwork-perles-broderies.com\/blog\/wp-content\/uploads\/2018\/10\/P1010176x-600x451.jpg 600w, https:\/\/www.patchwork-perles-broderies.com\/blog\/wp-content\/uploads\/2018\/10\/P1010176x-624x469.jpg 624w\" sizes=\"auto, (max-width: 787px) 100vw, 787px\" \/><p id=\"caption-attachment-4554\" class=\"wp-caption-text\">vue de la rue<\/p><\/div>\n<p style=\"text-align: justify;\">Le b\u00e2timent d\u00e9sert\u00e9 a \u00e9t\u00e9 partag\u00e9 en appartements, il ne reste que quelques vestiges du luxe pass\u00e9\u00a0 comme les magnifiques escaliers en marbre et en acajou massif.<\/p>\n<div id=\"attachment_4552\" style=\"width: 601px\" class=\"wp-caption aligncenter\"><img loading=\"lazy\" decoding=\"async\" aria-describedby=\"caption-attachment-4552\" class=\"size-full wp-image-4552\" src=\"http:\/\/www.patchwork-perles-broderies.com\/blog\/wp-content\/uploads\/2018\/10\/lescalierx.jpg\" alt=\"\" width=\"591\" height=\"787\" srcset=\"https:\/\/www.patchwork-perles-broderies.com\/blog\/wp-content\/uploads\/2018\/10\/lescalierx.jpg 591w, https:\/\/www.patchwork-perles-broderies.com\/blog\/wp-content\/uploads\/2018\/10\/lescalierx-225x300.jpg 225w\" sizes=\"auto, (max-width: 591px) 100vw, 591px\" \/><p id=\"caption-attachment-4552\" class=\"wp-caption-text\">\u00a0 l&rsquo;escalier principal<\/p><\/div>\n<p>&nbsp;<\/p>\n<div id=\"attachment_4547\" style=\"width: 601px\" class=\"wp-caption aligncenter\"><img loading=\"lazy\" decoding=\"async\" aria-describedby=\"caption-attachment-4547\" class=\"size-full wp-image-4547\" src=\"http:\/\/www.patchwork-perles-broderies.com\/blog\/wp-content\/uploads\/2018\/10\/escalier-de-servicex.jpg\" alt=\"\" width=\"591\" height=\"787\" srcset=\"https:\/\/www.patchwork-perles-broderies.com\/blog\/wp-content\/uploads\/2018\/10\/escalier-de-servicex.jpg 591w, https:\/\/www.patchwork-perles-broderies.com\/blog\/wp-content\/uploads\/2018\/10\/escalier-de-servicex-225x300.jpg 225w\" sizes=\"auto, (max-width: 591px) 100vw, 591px\" \/><p id=\"caption-attachment-4547\" class=\"wp-caption-text\">m\u00eame l&rsquo;escalier secondaire est magnifique<\/p><\/div>\n<p style=\"text-align: justify;\">Pourtant ceux qui habitent aujourd&rsquo;hui ce qu&rsquo;on appelle \u00ab\u00a0the Bungalow\u00a0\u00bb et servent de gardiens adorent\u00a0 l&rsquo;endroit.<\/p>\n<div id=\"attachment_4556\" style=\"width: 797px\" class=\"wp-caption aligncenter\"><img loading=\"lazy\" decoding=\"async\" aria-describedby=\"caption-attachment-4556\" class=\"size-full wp-image-4556\" src=\"http:\/\/www.patchwork-perles-broderies.com\/blog\/wp-content\/uploads\/2018\/10\/the-bungalowx.jpg\" alt=\"\" width=\"787\" height=\"591\" srcset=\"https:\/\/www.patchwork-perles-broderies.com\/blog\/wp-content\/uploads\/2018\/10\/the-bungalowx.jpg 787w, https:\/\/www.patchwork-perles-broderies.com\/blog\/wp-content\/uploads\/2018\/10\/the-bungalowx-300x225.jpg 300w, https:\/\/www.patchwork-perles-broderies.com\/blog\/wp-content\/uploads\/2018\/10\/the-bungalowx-768x577.jpg 768w, https:\/\/www.patchwork-perles-broderies.com\/blog\/wp-content\/uploads\/2018\/10\/the-bungalowx-600x451.jpg 600w, https:\/\/www.patchwork-perles-broderies.com\/blog\/wp-content\/uploads\/2018\/10\/the-bungalowx-624x469.jpg 624w\" sizes=\"auto, (max-width: 787px) 100vw, 787px\" \/><p id=\"caption-attachment-4556\" class=\"wp-caption-text\">actuellement le logement des gardiens<\/p><\/div>\n<p><img loading=\"lazy\" decoding=\"async\" class=\"aligncenter size-full wp-image-4551\" src=\"http:\/\/www.patchwork-perles-broderies.com\/blog\/wp-content\/uploads\/2018\/10\/le-bungalow-dosx.jpg\" alt=\"\" width=\"787\" height=\"591\" srcset=\"https:\/\/www.patchwork-perles-broderies.com\/blog\/wp-content\/uploads\/2018\/10\/le-bungalow-dosx.jpg 787w, https:\/\/www.patchwork-perles-broderies.com\/blog\/wp-content\/uploads\/2018\/10\/le-bungalow-dosx-300x225.jpg 300w, https:\/\/www.patchwork-perles-broderies.com\/blog\/wp-content\/uploads\/2018\/10\/le-bungalow-dosx-768x577.jpg 768w, https:\/\/www.patchwork-perles-broderies.com\/blog\/wp-content\/uploads\/2018\/10\/le-bungalow-dosx-600x451.jpg 600w, https:\/\/www.patchwork-perles-broderies.com\/blog\/wp-content\/uploads\/2018\/10\/le-bungalow-dosx-624x469.jpg 624w\" sizes=\"auto, (max-width: 787px) 100vw, 787px\" \/><\/p>\n<p style=\"text-align: justify;\">Ils font de leur mieux pour le conserver et raconter son histoire. Mais il faudrait des millions de livres pour le r\u00e9nover et lui rendre sont cachet et jusqu&rsquo;\u00e0 pr\u00e9sent aucun m\u00e9c\u00e8ne ne s&rsquo;est laiss\u00e9 s\u00e9duire. Dommage.<\/p>\n<div id=\"attachment_4546\" style=\"width: 601px\" class=\"wp-caption aligncenter\"><img loading=\"lazy\" decoding=\"async\" aria-describedby=\"caption-attachment-4546\" class=\"size-full wp-image-4546\" src=\"http:\/\/www.patchwork-perles-broderies.com\/blog\/wp-content\/uploads\/2018\/10\/chemin\u00e9esx.jpg\" alt=\"\" width=\"591\" height=\"787\" srcset=\"https:\/\/www.patchwork-perles-broderies.com\/blog\/wp-content\/uploads\/2018\/10\/chemin\u00e9esx.jpg 591w, https:\/\/www.patchwork-perles-broderies.com\/blog\/wp-content\/uploads\/2018\/10\/chemin\u00e9esx-225x300.jpg 225w\" sizes=\"auto, (max-width: 591px) 100vw, 591px\" \/><p id=\"caption-attachment-4546\" class=\"wp-caption-text\">il y avait plusieurs de ces chemin\u00e9es si originales, ces deux l\u00e0 sont les seules \u00e0 tenir encore debout<\/p><\/div>\n","protected":false},"excerpt":{"rendered":"<p>Ma fille a\u00een\u00e9e est architecte et comme moi elle est passionn\u00e9e par les b\u00e2timents. Lorsque je vais la voir je partage donc mon temps entre les magasins de tissu et les monuments de sa r\u00e9gion. La r\u00e9gion de Leeds a \u00e9t\u00e9 incroyablement riche du temps o\u00f9 les usines\u00a0 de tissu tournaient \u00e0 plein r\u00e9gime et [&hellip;]<\/p>\n","protected":false},"author":1,"featured_media":0,"comment_status":"open","ping_status":"open","sticky":false,"template":"","format":"standard","meta":{"footnotes":""},"categories":[1],"tags":[],"class_list":["post-4544","post","type-post","status-publish","format-standard","hentry","category-non-classe"],"aioseo_notices":[],"_links":{"self":[{"href":"https:\/\/www.patchwork-perles-broderies.com\/blog\/wp-json\/wp\/v2\/posts\/4544","targetHints":{"allow":["GET"]}}],"collection":[{"href":"https:\/\/www.patchwork-perles-broderies.com\/blog\/wp-json\/wp\/v2\/posts"}],"about":[{"href":"https:\/\/www.patchwork-perles-broderies.com\/blog\/wp-json\/wp\/v2\/types\/post"}],"author":[{"embeddable":true,"href":"https:\/\/www.patchwork-perles-broderies.com\/blog\/wp-json\/wp\/v2\/users\/1"}],"replies":[{"embeddable":true,"href":"https:\/\/www.patchwork-perles-broderies.com\/blog\/wp-json\/wp\/v2\/comments?post=4544"}],"version-history":[{"count":2,"href":"https:\/\/www.patchwork-perles-broderies.com\/blog\/wp-json\/wp\/v2\/posts\/4544\/revisions"}],"predecessor-version":[{"id":4557,"href":"https:\/\/www.patchwork-perles-broderies.com\/blog\/wp-json\/wp\/v2\/posts\/4544\/revisions\/4557"}],"wp:attachment":[{"href":"https:\/\/www.patchwork-perles-broderies.com\/blog\/wp-json\/wp\/v2\/media?parent=4544"}],"wp:term":[{"taxonomy":"category","embeddable":true,"href":"https:\/\/www.patchwork-perles-broderies.com\/blog\/wp-json\/wp\/v2\/categories?post=4544"},{"taxonomy":"post_tag","embeddable":true,"href":"https:\/\/www.patchwork-perles-broderies.com\/blog\/wp-json\/wp\/v2\/tags?post=4544"}],"curies":[{"name":"wp","href":"https:\/\/api.w.org\/{rel}","templated":true}]}}