{"id":4559,"date":"2018-10-15T13:22:44","date_gmt":"2018-10-15T12:22:44","guid":{"rendered":"http:\/\/www.patchwork-perles-broderies.com\/blog\/?p=4559"},"modified":"2018-10-15T13:22:44","modified_gmt":"2018-10-15T12:22:44","slug":"la-foire-dautomne-davignonet","status":"publish","type":"post","link":"https:\/\/www.patchwork-perles-broderies.com\/blog\/2018\/10\/15\/la-foire-dautomne-davignonet\/","title":{"rendered":"La foire d&rsquo;Automne d&rsquo;Avignonet"},"content":{"rendered":"<p style=\"text-align: justify;\"><img loading=\"lazy\" decoding=\"async\" class=\"alignleft size-medium wp-image-4561\" src=\"http:\/\/www.patchwork-perles-broderies.com\/blog\/wp-content\/uploads\/2018\/10\/Avignonet-224x300.jpg\" alt=\"\" width=\"224\" height=\"300\" srcset=\"https:\/\/www.patchwork-perles-broderies.com\/blog\/wp-content\/uploads\/2018\/10\/Avignonet-224x300.jpg 224w, https:\/\/www.patchwork-perles-broderies.com\/blog\/wp-content\/uploads\/2018\/10\/Avignonet-768x1029.jpg 768w, https:\/\/www.patchwork-perles-broderies.com\/blog\/wp-content\/uploads\/2018\/10\/Avignonet-765x1024.jpg 765w, https:\/\/www.patchwork-perles-broderies.com\/blog\/wp-content\/uploads\/2018\/10\/Avignonet-600x804.jpg 600w, https:\/\/www.patchwork-perles-broderies.com\/blog\/wp-content\/uploads\/2018\/10\/Avignonet-624x836.jpg 624w, https:\/\/www.patchwork-perles-broderies.com\/blog\/wp-content\/uploads\/2018\/10\/Avignonet.jpg 787w\" sizes=\"auto, (max-width: 224px) 100vw, 224px\" \/>Hier comme chaque ann\u00e9e Avignonet \u00e9tait en f\u00eate. La foire d&rsquo;automne rassemblait des artistes, des artisans et les stands d&rsquo;un vide grenier. Nous avions \u00e9t\u00e9 tr\u00e8s inquiets car la m\u00e9teo n&rsquo;\u00e9tait pas favorable et nous redoutions la pluie. Nous avons eu du soleil toute la journ\u00e9e! H\u00e9las le vent d&rsquo;Autan soufflait en temp\u00eate et a rendu la journ\u00e9e bien p\u00e9nible pour ceux qui tenaient un stand \u00e0 l&rsquo;ext\u00e9rieur. Le maire avait d\u00fb d\u00e9cider au dernier moment d&rsquo;en d\u00e9placer un certain nombre car leur s\u00e9curit\u00e9 ne pouvait pas \u00eatre assur\u00e9e sur le parvis de l&rsquo;\u00e9glise. De nombreux visiteurs et fl\u00e2neurs ont brav\u00e9 les \u00e9l\u00e9ments et il faut dire que cela en valait la peine: une partie des stands \u00e9taient consacr\u00e9e \u00e0 ces m\u00e9tiers anciens et trop oubli\u00e9s de nos jours.<\/p>\n<p style=\"text-align: justify;\">J&rsquo;ai achet\u00e9 un jus de pomme d\u00e9licieux. Il avait \u00e9t\u00e9 press\u00e9 devant moi \u00e0 l&rsquo;aide d&rsquo;une presse manuelle et s&rsquo;il n&rsquo;avait pas la limpidit\u00e9 des jus de pommes industriels, il leur rendait des points sur les plans de la fra\u00eecheur, de la qualit\u00e9 et du go\u00fbt. Les chalands ne s&rsquo;y trompaient pas et la vendeuse avait peine \u00e0 suivre la demande.<\/p>\n<table style=\"border-collapse: collapse; width: 100%;\" border=\"1\">\n<tbody>\n<tr>\n<td style=\"width: 50%;\">\n<div id=\"attachment_4572\" style=\"width: 235px\" class=\"wp-caption alignleft\"><img loading=\"lazy\" decoding=\"async\" aria-describedby=\"caption-attachment-4572\" class=\"size-medium wp-image-4572\" src=\"http:\/\/www.patchwork-perles-broderies.com\/blog\/wp-content\/uploads\/2018\/10\/pommes-225x300.jpg\" alt=\"\" width=\"225\" height=\"300\" srcset=\"https:\/\/www.patchwork-perles-broderies.com\/blog\/wp-content\/uploads\/2018\/10\/pommes-225x300.jpg 225w, https:\/\/www.patchwork-perles-broderies.com\/blog\/wp-content\/uploads\/2018\/10\/pommes-768x1024.jpg 768w, https:\/\/www.patchwork-perles-broderies.com\/blog\/wp-content\/uploads\/2018\/10\/pommes-600x801.jpg 600w, https:\/\/www.patchwork-perles-broderies.com\/blog\/wp-content\/uploads\/2018\/10\/pommes-624x833.jpg 624w, https:\/\/www.patchwork-perles-broderies.com\/blog\/wp-content\/uploads\/2018\/10\/pommes.jpg 787w\" sizes=\"auto, (max-width: 225px) 100vw, 225px\" \/><p id=\"caption-attachment-4572\" class=\"wp-caption-text\">Les pommes sont hach\u00e9es<\/p><\/div><\/td>\n<td style=\"width: 50%;\">\n<div id=\"attachment_4567\" style=\"width: 235px\" class=\"wp-caption alignright\"><img loading=\"lazy\" decoding=\"async\" aria-describedby=\"caption-attachment-4567\" class=\"size-medium wp-image-4567\" src=\"http:\/\/www.patchwork-perles-broderies.com\/blog\/wp-content\/uploads\/2018\/10\/pommes1-225x300.jpg\" alt=\"\" width=\"225\" height=\"300\" srcset=\"https:\/\/www.patchwork-perles-broderies.com\/blog\/wp-content\/uploads\/2018\/10\/pommes1-225x300.jpg 225w, https:\/\/www.patchwork-perles-broderies.com\/blog\/wp-content\/uploads\/2018\/10\/pommes1-768x1024.jpg 768w, https:\/\/www.patchwork-perles-broderies.com\/blog\/wp-content\/uploads\/2018\/10\/pommes1-600x800.jpg 600w, https:\/\/www.patchwork-perles-broderies.com\/blog\/wp-content\/uploads\/2018\/10\/pommes1-624x832.jpg 624w, https:\/\/www.patchwork-perles-broderies.com\/blog\/wp-content\/uploads\/2018\/10\/pommes1.jpg 1417w\" sizes=\"auto, (max-width: 225px) 100vw, 225px\" \/><p id=\"caption-attachment-4567\" class=\"wp-caption-text\">puis press\u00e9es<\/p><\/div><\/td>\n<\/tr>\n<\/tbody>\n<\/table>\n<p style=\"text-align: justify;\">M\u00eame enthousiasme vis \u00e0 vis du pain p\u00e9tri sur place, cuit dans un four \u00ab\u00a0de campagne\u00a0\u00bb et qui se vendait tout chaud \u00e0 peine sorti du four.<\/p>\n<table style=\"border-collapse: collapse; width: 100%;\" border=\"1\">\n<tbody>\n<tr>\n<td style=\"width: 50%;\">\n<div id=\"attachment_4568\" style=\"width: 310px\" class=\"wp-caption alignleft\"><img loading=\"lazy\" decoding=\"async\" aria-describedby=\"caption-attachment-4568\" class=\"size-medium wp-image-4568\" src=\"http:\/\/www.patchwork-perles-broderies.com\/blog\/wp-content\/uploads\/2018\/10\/tamis-300x225.jpg\" alt=\"\" width=\"300\" height=\"225\" srcset=\"https:\/\/www.patchwork-perles-broderies.com\/blog\/wp-content\/uploads\/2018\/10\/tamis-300x225.jpg 300w, https:\/\/www.patchwork-perles-broderies.com\/blog\/wp-content\/uploads\/2018\/10\/tamis-768x577.jpg 768w, https:\/\/www.patchwork-perles-broderies.com\/blog\/wp-content\/uploads\/2018\/10\/tamis-600x451.jpg 600w, https:\/\/www.patchwork-perles-broderies.com\/blog\/wp-content\/uploads\/2018\/10\/tamis-624x469.jpg 624w, https:\/\/www.patchwork-perles-broderies.com\/blog\/wp-content\/uploads\/2018\/10\/tamis.jpg 787w\" sizes=\"auto, (max-width: 300px) 100vw, 300px\" \/><p id=\"caption-attachment-4568\" class=\"wp-caption-text\">la farine est tamis\u00e9e devant nous<\/p><\/div><\/td>\n<td style=\"width: 50%;\">\n<div id=\"attachment_4566\" style=\"width: 235px\" class=\"wp-caption alignright\"><img loading=\"lazy\" decoding=\"async\" aria-describedby=\"caption-attachment-4566\" class=\"size-medium wp-image-4566\" src=\"http:\/\/www.patchwork-perles-broderies.com\/blog\/wp-content\/uploads\/2018\/10\/le-four-\u00e0-pain-225x300.jpg\" alt=\"\" width=\"225\" height=\"300\" srcset=\"https:\/\/www.patchwork-perles-broderies.com\/blog\/wp-content\/uploads\/2018\/10\/le-four-\u00e0-pain-225x300.jpg 225w, https:\/\/www.patchwork-perles-broderies.com\/blog\/wp-content\/uploads\/2018\/10\/le-four-\u00e0-pain-768x1024.jpg 768w, https:\/\/www.patchwork-perles-broderies.com\/blog\/wp-content\/uploads\/2018\/10\/le-four-\u00e0-pain-600x801.jpg 600w, https:\/\/www.patchwork-perles-broderies.com\/blog\/wp-content\/uploads\/2018\/10\/le-four-\u00e0-pain-624x833.jpg 624w, https:\/\/www.patchwork-perles-broderies.com\/blog\/wp-content\/uploads\/2018\/10\/le-four-\u00e0-pain.jpg 787w\" sizes=\"auto, (max-width: 225px) 100vw, 225px\" \/><p id=\"caption-attachment-4566\" class=\"wp-caption-text\">la miche pr\u00eate \u00e0 enfourner<\/p><\/div><\/td>\n<\/tr>\n<\/tbody>\n<\/table>\n<p style=\"text-align: justify;\">Des pruneaux moelleux de la derni\u00e8re r\u00e9colte, des chataignes grill\u00e9es sur place , des g\u00e2teaux et des oreillettes faites maison, du miel r\u00e9colt\u00e9 autour du village compl\u00e9taient le r\u00e9gal.<\/p>\n<p style=\"text-align: justify;\"><img loading=\"lazy\" decoding=\"async\" class=\"alignleft size-thumbnail wp-image-4584\" src=\"http:\/\/www.patchwork-perles-broderies.com\/blog\/wp-content\/uploads\/2018\/10\/chaudronier-1-150x150.jpg\" alt=\"\" width=\"150\" height=\"150\" \/>Une fois de plus je suis tomb\u00e9e en arr\u00eat devant le spectaculaire soufflet du chaudronnier, et devant l&rsquo;habilet\u00e9\u00a0 de la \u00ab\u00a0balanci\u00e8re\u00a0\u00bb\u00a0 qui tressait devant nous ses paniers d&rsquo;osier. Il y avait aussi de nombreux objets en bois au fini impeccable, des lainages faits main \u00e0 partir de laines moelleuses&#8230; et bien d&rsquo;autres choses encore.<\/p>\n<table style=\"border-collapse: collapse; width: 100%;\" border=\"1\">\n<tbody>\n<tr>\n<td style=\"width: 50%;\">\n<div id=\"attachment_4569\" style=\"width: 310px\" class=\"wp-caption alignleft\"><img loading=\"lazy\" decoding=\"async\" aria-describedby=\"caption-attachment-4569\" class=\"size-medium wp-image-4569\" src=\"http:\/\/www.patchwork-perles-broderies.com\/blog\/wp-content\/uploads\/2018\/10\/osier-300x225.jpg\" alt=\"\" width=\"300\" height=\"225\" srcset=\"https:\/\/www.patchwork-perles-broderies.com\/blog\/wp-content\/uploads\/2018\/10\/osier-300x225.jpg 300w, https:\/\/www.patchwork-perles-broderies.com\/blog\/wp-content\/uploads\/2018\/10\/osier-768x577.jpg 768w, https:\/\/www.patchwork-perles-broderies.com\/blog\/wp-content\/uploads\/2018\/10\/osier-600x451.jpg 600w, https:\/\/www.patchwork-perles-broderies.com\/blog\/wp-content\/uploads\/2018\/10\/osier-624x469.jpg 624w, https:\/\/www.patchwork-perles-broderies.com\/blog\/wp-content\/uploads\/2018\/10\/osier.jpg 787w\" sizes=\"auto, (max-width: 300px) 100vw, 300px\" \/><p id=\"caption-attachment-4569\" class=\"wp-caption-text\">la magie de l&rsquo;osier<\/p><\/div><\/td>\n<td style=\"width: 50%;\">\n<div id=\"attachment_4562\" style=\"width: 191px\" class=\"wp-caption alignright\"><img loading=\"lazy\" decoding=\"async\" aria-describedby=\"caption-attachment-4562\" class=\"size-medium wp-image-4562\" src=\"http:\/\/www.patchwork-perles-broderies.com\/blog\/wp-content\/uploads\/2018\/10\/balanci\u00e8re-181x300.jpg\" alt=\"\" width=\"181\" height=\"300\" srcset=\"https:\/\/www.patchwork-perles-broderies.com\/blog\/wp-content\/uploads\/2018\/10\/balanci\u00e8re-181x300.jpg 181w, https:\/\/www.patchwork-perles-broderies.com\/blog\/wp-content\/uploads\/2018\/10\/balanci\u00e8re.jpg 474w\" sizes=\"auto, (max-width: 181px) 100vw, 181px\" \/><p id=\"caption-attachment-4562\" class=\"wp-caption-text\">La balanci\u00e8re \u00e0 l&rsquo;oeuvre<\/p><\/div><\/td>\n<\/tr>\n<\/tbody>\n<\/table>\n<p style=\"text-align: justify;\">Un rempailleur de chaise r\u00e9parait des chaises avec de vrais brins de paille . Bref j&rsquo;ai retrouv\u00e9 mon enfance et je suis heureuse que la mairie d&rsquo;Avignonet fasse tant pour maintenir nos traditions vivantes.<\/p>\n<p style=\"text-align: justify;\">Le vide grenier \u00e9tait de qualit\u00e9 aussi : de tr\u00e8s beaux objets,<\/p>\n<table style=\"border-collapse: collapse; width: 100%;\" border=\"1\">\n<tbody>\n<tr>\n<td style=\"width: 50%;\"><img loading=\"lazy\" decoding=\"async\" class=\"alignleft size-medium wp-image-4565\" src=\"http:\/\/www.patchwork-perles-broderies.com\/blog\/wp-content\/uploads\/2018\/10\/jouets-300x225.jpg\" alt=\"\" width=\"300\" height=\"225\" srcset=\"https:\/\/www.patchwork-perles-broderies.com\/blog\/wp-content\/uploads\/2018\/10\/jouets-300x225.jpg 300w, https:\/\/www.patchwork-perles-broderies.com\/blog\/wp-content\/uploads\/2018\/10\/jouets-768x577.jpg 768w, https:\/\/www.patchwork-perles-broderies.com\/blog\/wp-content\/uploads\/2018\/10\/jouets-600x451.jpg 600w, https:\/\/www.patchwork-perles-broderies.com\/blog\/wp-content\/uploads\/2018\/10\/jouets-624x469.jpg 624w, https:\/\/www.patchwork-perles-broderies.com\/blog\/wp-content\/uploads\/2018\/10\/jouets.jpg 787w\" sizes=\"auto, (max-width: 300px) 100vw, 300px\" \/><\/td>\n<td style=\"width: 50%;\"><img loading=\"lazy\" decoding=\"async\" class=\"alignright size-medium wp-image-4564\" src=\"http:\/\/www.patchwork-perles-broderies.com\/blog\/wp-content\/uploads\/2018\/10\/cygne-300x225.jpg\" alt=\"\" width=\"300\" height=\"225\" srcset=\"https:\/\/www.patchwork-perles-broderies.com\/blog\/wp-content\/uploads\/2018\/10\/cygne-300x225.jpg 300w, https:\/\/www.patchwork-perles-broderies.com\/blog\/wp-content\/uploads\/2018\/10\/cygne-768x577.jpg 768w, https:\/\/www.patchwork-perles-broderies.com\/blog\/wp-content\/uploads\/2018\/10\/cygne-600x451.jpg 600w, https:\/\/www.patchwork-perles-broderies.com\/blog\/wp-content\/uploads\/2018\/10\/cygne-624x469.jpg 624w, https:\/\/www.patchwork-perles-broderies.com\/blog\/wp-content\/uploads\/2018\/10\/cygne.jpg 787w\" sizes=\"auto, (max-width: 300px) 100vw, 300px\" \/><\/td>\n<\/tr>\n<\/tbody>\n<\/table>\n<p style=\"text-align: justify;\">de vieux outils. Je me suis sentie r\u00e9confort\u00e9e&#8230;. j&rsquo;avais plus ou moins renonc\u00e9 \u00e0 ces vide greniers consacr\u00e9s pour la plus grande part aux jouets et v\u00eatements d&rsquo;enfant &#8211; ce qui ne me concerne plus!<\/p>\n<p>L&rsquo;art n&rsquo;\u00e9tait pas oubli\u00e9. Les belles salles de la biblioth\u00e8ques abritaient des artistes de divers horizons, peintres,\u00a0potiers, un ferronier&#8230;. et nous.<\/p>\n<table style=\"border-collapse: collapse; width: 100%;\" border=\"1\">\n<tbody>\n<tr>\n<td style=\"width: 50%;\"><img loading=\"lazy\" decoding=\"async\" class=\"alignleft size-medium wp-image-4576\" src=\"http:\/\/www.patchwork-perles-broderies.com\/blog\/wp-content\/uploads\/2018\/10\/les-peintures1-Copie-225x300.jpg\" alt=\"\" width=\"225\" height=\"300\" srcset=\"https:\/\/www.patchwork-perles-broderies.com\/blog\/wp-content\/uploads\/2018\/10\/les-peintures1-Copie-225x300.jpg 225w, https:\/\/www.patchwork-perles-broderies.com\/blog\/wp-content\/uploads\/2018\/10\/les-peintures1-Copie-768x1024.jpg 768w, https:\/\/www.patchwork-perles-broderies.com\/blog\/wp-content\/uploads\/2018\/10\/les-peintures1-Copie-600x801.jpg 600w, https:\/\/www.patchwork-perles-broderies.com\/blog\/wp-content\/uploads\/2018\/10\/les-peintures1-Copie-624x833.jpg 624w, https:\/\/www.patchwork-perles-broderies.com\/blog\/wp-content\/uploads\/2018\/10\/les-peintures1-Copie.jpg 787w\" sizes=\"auto, (max-width: 225px) 100vw, 225px\" \/><\/td>\n<td style=\"width: 50%;\"><img loading=\"lazy\" decoding=\"async\" class=\"alignright size-medium wp-image-4575\" src=\"http:\/\/www.patchwork-perles-broderies.com\/blog\/wp-content\/uploads\/2018\/10\/les-peintures-Copie-300x225.jpg\" alt=\"\" width=\"300\" height=\"225\" srcset=\"https:\/\/www.patchwork-perles-broderies.com\/blog\/wp-content\/uploads\/2018\/10\/les-peintures-Copie-300x225.jpg 300w, https:\/\/www.patchwork-perles-broderies.com\/blog\/wp-content\/uploads\/2018\/10\/les-peintures-Copie-768x577.jpg 768w, https:\/\/www.patchwork-perles-broderies.com\/blog\/wp-content\/uploads\/2018\/10\/les-peintures-Copie-600x451.jpg 600w, https:\/\/www.patchwork-perles-broderies.com\/blog\/wp-content\/uploads\/2018\/10\/les-peintures-Copie-624x469.jpg 624w, https:\/\/www.patchwork-perles-broderies.com\/blog\/wp-content\/uploads\/2018\/10\/les-peintures-Copie.jpg 787w\" sizes=\"auto, (max-width: 300px) 100vw, 300px\" \/><\/td>\n<\/tr>\n<tr>\n<td style=\"width: 50%;\"><img loading=\"lazy\" decoding=\"async\" class=\"alignright size-medium wp-image-4582\" src=\"http:\/\/www.patchwork-perles-broderies.com\/blog\/wp-content\/uploads\/2018\/10\/les-peintures2-300x225.jpg\" alt=\"\" width=\"300\" height=\"225\" srcset=\"https:\/\/www.patchwork-perles-broderies.com\/blog\/wp-content\/uploads\/2018\/10\/les-peintures2-300x225.jpg 300w, https:\/\/www.patchwork-perles-broderies.com\/blog\/wp-content\/uploads\/2018\/10\/les-peintures2-768x577.jpg 768w, https:\/\/www.patchwork-perles-broderies.com\/blog\/wp-content\/uploads\/2018\/10\/les-peintures2-600x451.jpg 600w, https:\/\/www.patchwork-perles-broderies.com\/blog\/wp-content\/uploads\/2018\/10\/les-peintures2-624x469.jpg 624w, https:\/\/www.patchwork-perles-broderies.com\/blog\/wp-content\/uploads\/2018\/10\/les-peintures2.jpg 787w\" sizes=\"auto, (max-width: 300px) 100vw, 300px\" \/><\/td>\n<td style=\"width: 50%;\"><img loading=\"lazy\" decoding=\"async\" class=\"alignright size-medium wp-image-4581\" src=\"http:\/\/www.patchwork-perles-broderies.com\/blog\/wp-content\/uploads\/2018\/10\/loco-300x261.jpg\" alt=\"\" width=\"300\" height=\"261\" srcset=\"https:\/\/www.patchwork-perles-broderies.com\/blog\/wp-content\/uploads\/2018\/10\/loco-300x261.jpg 300w, https:\/\/www.patchwork-perles-broderies.com\/blog\/wp-content\/uploads\/2018\/10\/loco.jpg 335w\" sizes=\"auto, (max-width: 300px) 100vw, 300px\" \/><\/td>\n<\/tr>\n<\/tbody>\n<\/table>\n<p>Nous avons \u00e9t\u00e9 heureuses d&rsquo;\u00eatre invit\u00e9es \u00e0 participer en tant qu&rsquo;artistes et nous avons eu un bel emplacement\u00a0 inond\u00e9 de lumi\u00e8re qui mettait bien les patchs en valeur. Les patchs expos\u00e9s avaient \u00e9t\u00e9 faits en commun par les membres du club\u00a0 et \u00e9taient tr\u00e8s repr\u00e9sentatifs de notre travail. A notre grande joie ils ont \u00e9t\u00e9 tr\u00e8s admir\u00e9s.<\/p>\n<table style=\"border-collapse: collapse; width: 100%;\" border=\"1\">\n<tbody>\n<tr>\n<td style=\"width: 50%;\"><img loading=\"lazy\" decoding=\"async\" class=\"alignleft size-medium wp-image-4580\" src=\"http:\/\/www.patchwork-perles-broderies.com\/blog\/wp-content\/uploads\/2018\/10\/les-quilts4-225x300.jpg\" alt=\"\" width=\"225\" height=\"300\" srcset=\"https:\/\/www.patchwork-perles-broderies.com\/blog\/wp-content\/uploads\/2018\/10\/les-quilts4-225x300.jpg 225w, https:\/\/www.patchwork-perles-broderies.com\/blog\/wp-content\/uploads\/2018\/10\/les-quilts4-768x1024.jpg 768w, https:\/\/www.patchwork-perles-broderies.com\/blog\/wp-content\/uploads\/2018\/10\/les-quilts4-600x801.jpg 600w, https:\/\/www.patchwork-perles-broderies.com\/blog\/wp-content\/uploads\/2018\/10\/les-quilts4-624x833.jpg 624w, https:\/\/www.patchwork-perles-broderies.com\/blog\/wp-content\/uploads\/2018\/10\/les-quilts4.jpg 787w\" sizes=\"auto, (max-width: 225px) 100vw, 225px\" \/><\/td>\n<td style=\"width: 50%;\"><img loading=\"lazy\" decoding=\"async\" class=\"alignright size-medium wp-image-4579\" src=\"http:\/\/www.patchwork-perles-broderies.com\/blog\/wp-content\/uploads\/2018\/10\/les-quilts3-225x300.jpg\" alt=\"\" width=\"225\" height=\"300\" srcset=\"https:\/\/www.patchwork-perles-broderies.com\/blog\/wp-content\/uploads\/2018\/10\/les-quilts3-225x300.jpg 225w, https:\/\/www.patchwork-perles-broderies.com\/blog\/wp-content\/uploads\/2018\/10\/les-quilts3-768x1024.jpg 768w, https:\/\/www.patchwork-perles-broderies.com\/blog\/wp-content\/uploads\/2018\/10\/les-quilts3-600x801.jpg 600w, https:\/\/www.patchwork-perles-broderies.com\/blog\/wp-content\/uploads\/2018\/10\/les-quilts3-624x833.jpg 624w, https:\/\/www.patchwork-perles-broderies.com\/blog\/wp-content\/uploads\/2018\/10\/les-quilts3.jpg 787w\" sizes=\"auto, (max-width: 225px) 100vw, 225px\" \/><\/td>\n<\/tr>\n<tr>\n<td style=\"width: 50%;\"><img loading=\"lazy\" decoding=\"async\" class=\"alignleft size-medium wp-image-4578\" src=\"http:\/\/www.patchwork-perles-broderies.com\/blog\/wp-content\/uploads\/2018\/10\/les-quilts2-225x300.jpg\" alt=\"\" width=\"225\" height=\"300\" srcset=\"https:\/\/www.patchwork-perles-broderies.com\/blog\/wp-content\/uploads\/2018\/10\/les-quilts2-225x300.jpg 225w, https:\/\/www.patchwork-perles-broderies.com\/blog\/wp-content\/uploads\/2018\/10\/les-quilts2-768x1024.jpg 768w, https:\/\/www.patchwork-perles-broderies.com\/blog\/wp-content\/uploads\/2018\/10\/les-quilts2-600x801.jpg 600w, https:\/\/www.patchwork-perles-broderies.com\/blog\/wp-content\/uploads\/2018\/10\/les-quilts2-624x833.jpg 624w, https:\/\/www.patchwork-perles-broderies.com\/blog\/wp-content\/uploads\/2018\/10\/les-quilts2.jpg 787w\" sizes=\"auto, (max-width: 225px) 100vw, 225px\" \/><\/td>\n<td style=\"width: 50%;\"><img loading=\"lazy\" decoding=\"async\" class=\"alignright size-medium wp-image-4577\" src=\"http:\/\/www.patchwork-perles-broderies.com\/blog\/wp-content\/uploads\/2018\/10\/les-quilts1-300x225.jpg\" alt=\"\" width=\"300\" height=\"225\" srcset=\"https:\/\/www.patchwork-perles-broderies.com\/blog\/wp-content\/uploads\/2018\/10\/les-quilts1-300x225.jpg 300w, https:\/\/www.patchwork-perles-broderies.com\/blog\/wp-content\/uploads\/2018\/10\/les-quilts1-768x577.jpg 768w, https:\/\/www.patchwork-perles-broderies.com\/blog\/wp-content\/uploads\/2018\/10\/les-quilts1-600x451.jpg 600w, https:\/\/www.patchwork-perles-broderies.com\/blog\/wp-content\/uploads\/2018\/10\/les-quilts1-624x469.jpg 624w, https:\/\/www.patchwork-perles-broderies.com\/blog\/wp-content\/uploads\/2018\/10\/les-quilts1.jpg 787w\" sizes=\"auto, (max-width: 300px) 100vw, 300px\" \/><\/td>\n<\/tr>\n<\/tbody>\n<\/table>\n","protected":false},"excerpt":{"rendered":"<p>Hier comme chaque ann\u00e9e Avignonet \u00e9tait en f\u00eate. La foire d&rsquo;automne rassemblait des artistes, des artisans et les stands d&rsquo;un vide grenier. Nous avions \u00e9t\u00e9 tr\u00e8s inquiets car la m\u00e9teo n&rsquo;\u00e9tait pas favorable et nous redoutions la pluie. Nous avons eu du soleil toute la journ\u00e9e! H\u00e9las le vent d&rsquo;Autan soufflait en temp\u00eate et a [&hellip;]<\/p>\n","protected":false},"author":1,"featured_media":0,"comment_status":"open","ping_status":"open","sticky":false,"template":"","format":"standard","meta":{"footnotes":""},"categories":[226,1],"tags":[245],"class_list":["post-4559","post","type-post","status-publish","format-standard","hentry","category-expositions","category-non-classe","tag-foire-dautomne-avignonet"],"aioseo_notices":[],"_links":{"self":[{"href":"https:\/\/www.patchwork-perles-broderies.com\/blog\/wp-json\/wp\/v2\/posts\/4559","targetHints":{"allow":["GET"]}}],"collection":[{"href":"https:\/\/www.patchwork-perles-broderies.com\/blog\/wp-json\/wp\/v2\/posts"}],"about":[{"href":"https:\/\/www.patchwork-perles-broderies.com\/blog\/wp-json\/wp\/v2\/types\/post"}],"author":[{"embeddable":true,"href":"https:\/\/www.patchwork-perles-broderies.com\/blog\/wp-json\/wp\/v2\/users\/1"}],"replies":[{"embeddable":true,"href":"https:\/\/www.patchwork-perles-broderies.com\/blog\/wp-json\/wp\/v2\/comments?post=4559"}],"version-history":[{"count":4,"href":"https:\/\/www.patchwork-perles-broderies.com\/blog\/wp-json\/wp\/v2\/posts\/4559\/revisions"}],"predecessor-version":[{"id":4586,"href":"https:\/\/www.patchwork-perles-broderies.com\/blog\/wp-json\/wp\/v2\/posts\/4559\/revisions\/4586"}],"wp:attachment":[{"href":"https:\/\/www.patchwork-perles-broderies.com\/blog\/wp-json\/wp\/v2\/media?parent=4559"}],"wp:term":[{"taxonomy":"category","embeddable":true,"href":"https:\/\/www.patchwork-perles-broderies.com\/blog\/wp-json\/wp\/v2\/categories?post=4559"},{"taxonomy":"post_tag","embeddable":true,"href":"https:\/\/www.patchwork-perles-broderies.com\/blog\/wp-json\/wp\/v2\/tags?post=4559"}],"curies":[{"name":"wp","href":"https:\/\/api.w.org\/{rel}","templated":true}]}}