{"id":4588,"date":"2018-11-04T20:53:11","date_gmt":"2018-11-04T19:53:11","guid":{"rendered":"http:\/\/www.patchwork-perles-broderies.com\/blog\/?p=4588"},"modified":"2018-11-04T21:01:45","modified_gmt":"2018-11-04T20:01:45","slug":"sorcieres-ou-chrysanthemes","status":"publish","type":"post","link":"https:\/\/www.patchwork-perles-broderies.com\/blog\/2018\/11\/04\/sorcieres-ou-chrysanthemes\/","title":{"rendered":"Sorci\u00e8res ou chrysanth\u00e8mes"},"content":{"rendered":"<p style=\"text-align: justify;\"><img loading=\"lazy\" decoding=\"async\" class=\"alignleft size-medium wp-image-4590\" src=\"http:\/\/www.patchwork-perles-broderies.com\/blog\/wp-content\/uploads\/2018\/11\/chrys-Carol-Varian-300x295.jpg\" alt=\"\" width=\"300\" height=\"295\" srcset=\"https:\/\/www.patchwork-perles-broderies.com\/blog\/wp-content\/uploads\/2018\/11\/chrys-Carol-Varian-300x295.jpg 300w, https:\/\/www.patchwork-perles-broderies.com\/blog\/wp-content\/uploads\/2018\/11\/chrys-Carol-Varian-768x755.jpg 768w, https:\/\/www.patchwork-perles-broderies.com\/blog\/wp-content\/uploads\/2018\/11\/chrys-Carol-Varian-600x590.jpg 600w, https:\/\/www.patchwork-perles-broderies.com\/blog\/wp-content\/uploads\/2018\/11\/chrys-Carol-Varian-624x613.jpg 624w, https:\/\/www.patchwork-perles-broderies.com\/blog\/wp-content\/uploads\/2018\/11\/chrys-Carol-Varian.jpg 804w\" sizes=\"auto, (max-width: 300px) 100vw, 300px\" \/>Le temps estival d&rsquo;hier et d&rsquo;aujourd&rsquo;hui nous a permis de nous remettre du mauvais temps qui accompagnait la Toussaint. Beaucoup d&rsquo;entre nous sont all\u00e9es fleurir les tombes familiales et l&rsquo;on voit partout\u00a0 les merveilleux pots de chrysanth\u00e8mes\u00a0 qui se vendent pour l&rsquo;occasion.<\/p>\n<p style=\"text-align: justify;\">La \u00a0\u00bb Fleur d&rsquo;or\u00a0\u00bb n&rsquo;a gu\u00e8re inspir\u00e9e les quilteuses. Je n&rsquo;ai trouv\u00e9 qu&rsquo;un seul quilt qui l&rsquo;utilise, un superbe appliqu\u00e9 de Carol Varian.<\/p>\n<p style=\"text-align: justify;\">Pourtant il y a longtemps d\u00e9j\u00e0 j&rsquo;avais fait \u00e0 grand peine un \u00ab\u00a0chrysanth\u00e8me g\u00e9ant\u00a0\u00bb .<\/p>\n<p><!--more--><\/p>\n<p style=\"text-align: justify;\"><img loading=\"lazy\" decoding=\"async\" class=\"alignright size-full wp-image-4595\" src=\"http:\/\/www.patchwork-perles-broderies.com\/blog\/wp-content\/uploads\/2018\/11\/giant-dahlia.jpg\" alt=\"\" width=\"400\" height=\"396\" srcset=\"https:\/\/www.patchwork-perles-broderies.com\/blog\/wp-content\/uploads\/2018\/11\/giant-dahlia.jpg 400w, https:\/\/www.patchwork-perles-broderies.com\/blog\/wp-content\/uploads\/2018\/11\/giant-dahlia-150x150.jpg 150w, https:\/\/www.patchwork-perles-broderies.com\/blog\/wp-content\/uploads\/2018\/11\/giant-dahlia-300x297.jpg 300w\" sizes=\"auto, (max-width: 400px) 100vw, 400px\" \/>A l&rsquo;\u00e9poque le patron qui faisait fureur \u00e9tait celui du Dahlia g\u00e9ant.\u00a0 Il\u00a0 avait \u00e9t\u00e9\u00a0 red\u00e9couvert \u00e0 la fin des ann\u00e9es 1970 par Susan Murwin et Suzzy Payne qui\u00a0 avaient\u00a0 sur le sujet un livre qui fut un des best sellers del&rsquo;\u00e9poque.<\/p>\n<p style=\"text-align: justify;\">Le dessin n&rsquo;\u00e9tait pas trop difficile \u00e0 r\u00e9aliser bien qu&rsquo;il soit tout en courbes mais la taille des morceaux facilitait le travail de la couturi\u00e8re et chacune s&rsquo;y essayait au moins une fois.<\/p>\n<p>&nbsp;<\/p>\n<p>J&rsquo;avais pr\u00e9f\u00e9r\u00e9 le Chrysanth\u00e8me\u00a0 G\u00e9ant en raison de ses lignes droites!<\/p>\n<p>Je n&rsquo;avais pas r\u00e9alis\u00e9 \u00e0 l&rsquo;\u00e9poque les les deux mod\u00e8les ainsi que le patron d&rsquo;un Aster Royal \u00e9taient l&rsquo;oeuvre d&rsquo;un m\u00eame dessinateur\u00a0 Hubert Ver Mehren.<\/p>\n<p>Hubert Ver Mehren n&rsquo;\u00e9tait pas un quilteur. Il dirigeait le \u00ab\u00a0Iowa Button and Pleating Company ( boutons et plissages de l&rsquo;Iowa) \u00e0 Des Moines dans les ann\u00e9es 1920-1930. Il commen\u00e7a \u00e0 vendre des tampons\u00a0 pour imprimer des dessins de broderie sur textile sous le nom de Home Art Studio. Ses\u00a0 tampons eurent du succ\u00e8s et il commen\u00e7a \u00e0 vendre des patrons de patch, puis finit par dessiner des quilts entiers.,Ses dessins furent publi\u00e9s dans les \u00ab\u00a0DesMoines, IA Register\u00a0\u00bb et \u00e9taient souvent disponibles sous forme de kit . Le dessin \u00e9tait parfois imprim\u00e9 sur un tissu \u00e0 d\u00e9couper, mais il fournissait aussi les tissus pr\u00e9d\u00e9coup\u00e9s ou simplement le patron.<\/p>\n<p>Assez curieusement le patron du Dahlia G\u00e9ant semble le seul \u00e0 avoir eu une popularit\u00e9 durable.\u00a0Le Chrysanth\u00e8me G\u00e9ant n&rsquo;a pas eu cette chance, pas plus que l&rsquo;Aster Royal<\/p>\n<p>Je n&rsquo;ai trouv\u00e9 que deux photos de quilts utilisant ces patrons et toutes deux datent des ann\u00e9es 1930.<\/p>\n<p>Une pour le Chrysanth\u00e8me le quilt est un quilt \u00ab\u00a0vintage\u00a0\u00bb pr\u00e9sent\u00e9 par un antiquaire.<\/p>\n<table style=\"border-collapse: collapse; width: 100%;\" border=\"1\">\n<tbody>\n<tr>\n<td style=\"width: 50%;\"><img loading=\"lazy\" decoding=\"async\" class=\"alignleft size-medium wp-image-4591\" src=\"http:\/\/www.patchwork-perles-broderies.com\/blog\/wp-content\/uploads\/2018\/11\/Ver-Mehren\u2019s-Chrysanthemum-292x300.jpg\" alt=\"\" width=\"292\" height=\"300\" srcset=\"https:\/\/www.patchwork-perles-broderies.com\/blog\/wp-content\/uploads\/2018\/11\/Ver-Mehren\u2019s-Chrysanthemum-292x300.jpg 292w, https:\/\/www.patchwork-perles-broderies.com\/blog\/wp-content\/uploads\/2018\/11\/Ver-Mehren\u2019s-Chrysanthemum.jpg 500w\" sizes=\"auto, (max-width: 292px) 100vw, 292px\" \/><\/td>\n<td style=\"width: 50%;\"><img loading=\"lazy\" decoding=\"async\" class=\"alignright size-medium wp-image-4592\" src=\"http:\/\/www.patchwork-perles-broderies.com\/blog\/wp-content\/uploads\/2018\/11\/Chrysanth\u00e8me-g\u00e9ant-300x300.jpg\" alt=\"\" width=\"300\" height=\"300\" srcset=\"https:\/\/www.patchwork-perles-broderies.com\/blog\/wp-content\/uploads\/2018\/11\/Chrysanth\u00e8me-g\u00e9ant-300x300.jpg 300w, https:\/\/www.patchwork-perles-broderies.com\/blog\/wp-content\/uploads\/2018\/11\/Chrysanth\u00e8me-g\u00e9ant-150x150.jpg 150w, https:\/\/www.patchwork-perles-broderies.com\/blog\/wp-content\/uploads\/2018\/11\/Chrysanth\u00e8me-g\u00e9ant.jpg 500w\" sizes=\"auto, (max-width: 300px) 100vw, 300px\" \/><\/td>\n<\/tr>\n<\/tbody>\n<\/table>\n<p>La seule photo de l&rsquo;Aster que j&rsquo;ai trouv\u00e9 repr\u00e9sente un quilt fait en 1935 par Julia Maude Marsh. Elle semble d&rsquo;ailleurs avoir recr\u00e9\u00e9 le dessin avec quelques modifications.<\/p>\n<table style=\"border-collapse: collapse; width: 100%;\" border=\"1\">\n<tbody>\n<tr>\n<td style=\"width: 50%;\"><img loading=\"lazy\" decoding=\"async\" class=\"alignleft size-medium wp-image-4594\" src=\"http:\/\/www.patchwork-perles-broderies.com\/blog\/wp-content\/uploads\/2018\/11\/ver-mehren_composite-224x300.jpg\" alt=\"\" width=\"224\" height=\"300\" srcset=\"https:\/\/www.patchwork-perles-broderies.com\/blog\/wp-content\/uploads\/2018\/11\/ver-mehren_composite-224x300.jpg 224w, https:\/\/www.patchwork-perles-broderies.com\/blog\/wp-content\/uploads\/2018\/11\/ver-mehren_composite.jpg 354w\" sizes=\"auto, (max-width: 224px) 100vw, 224px\" \/><\/td>\n<td style=\"width: 50%;\"><img loading=\"lazy\" decoding=\"async\" class=\"alignright size-medium wp-image-4593\" src=\"http:\/\/www.patchwork-perles-broderies.com\/blog\/wp-content\/uploads\/2018\/11\/royal-aster-300x297.jpg\" alt=\"\" width=\"300\" height=\"297\" srcset=\"https:\/\/www.patchwork-perles-broderies.com\/blog\/wp-content\/uploads\/2018\/11\/royal-aster-300x297.jpg 300w, https:\/\/www.patchwork-perles-broderies.com\/blog\/wp-content\/uploads\/2018\/11\/royal-aster-150x150.jpg 150w, https:\/\/www.patchwork-perles-broderies.com\/blog\/wp-content\/uploads\/2018\/11\/royal-aster-600x594.jpg 600w, https:\/\/www.patchwork-perles-broderies.com\/blog\/wp-content\/uploads\/2018\/11\/royal-aster-624x617.jpg 624w, https:\/\/www.patchwork-perles-broderies.com\/blog\/wp-content\/uploads\/2018\/11\/royal-aster.jpg 660w\" sizes=\"auto, (max-width: 300px) 100vw, 300px\" \/><\/td>\n<\/tr>\n<\/tbody>\n<\/table>\n<p>&nbsp;<\/p>\n<p style=\"text-align: justify;\"><img loading=\"lazy\" decoding=\"async\" class=\"alignleft size-medium wp-image-4601\" src=\"http:\/\/www.patchwork-perles-broderies.com\/blog\/wp-content\/uploads\/2018\/11\/Baltimore-Style-Halloween-Quilt-4-Blocks-300x300.jpg\" alt=\"\" width=\"300\" height=\"300\" srcset=\"https:\/\/www.patchwork-perles-broderies.com\/blog\/wp-content\/uploads\/2018\/11\/Baltimore-Style-Halloween-Quilt-4-Blocks-300x300.jpg 300w, https:\/\/www.patchwork-perles-broderies.com\/blog\/wp-content\/uploads\/2018\/11\/Baltimore-Style-Halloween-Quilt-4-Blocks-150x150.jpg 150w, https:\/\/www.patchwork-perles-broderies.com\/blog\/wp-content\/uploads\/2018\/11\/Baltimore-Style-Halloween-Quilt-4-Blocks.jpg 600w\" sizes=\"auto, (max-width: 300px) 100vw, 300px\" \/><em>La f\u00eate d&rsquo;Halloween<\/em> si populaire aux Etats Unis et qui remplace peu \u00e0 peu en France la c\u00e9l\u00e9bration de Toussaint a inspir\u00e9 beaucoup plus d&rsquo;oeuvres. La plupart utilisent les traditionnelles citrouilles, sorci\u00e8res et autres chats qui accompagnent g\u00e9n\u00e9ralement cette date.<\/p>\n<p style=\"text-align: justify;\">Mais j&rsquo;ai trouv\u00e9 beaucoup plus int\u00e9ressants les quilts qui se contentent d&rsquo;utiliser les couleurs associ\u00e9es \u00e0 Halloween : orange, noir, gris. Ce sont des couleurs qu&rsquo;on utilise peu et pourtant elles permettent de r\u00e9aliser de superbes quilts La plupart des quilts utilisent les tissus imprim\u00e9 \u00e0 l&rsquo;occasion d&rsquo;Halloween, mais on pourrait utiliser les m\u00eames teintes avec des tissus qui ne feraient pas r\u00e9f\u00e9rence \u00e0 la f\u00eate.<\/p>\n<p><img loading=\"lazy\" decoding=\"async\" class=\"aligncenter size-full wp-image-4604\" src=\"http:\/\/www.patchwork-perles-broderies.com\/blog\/wp-content\/uploads\/2018\/11\/Endless-Creaking-Stairs-quilt-at-quiltviews.com_.jpg\" alt=\"\" width=\"480\" height=\"572\" srcset=\"https:\/\/www.patchwork-perles-broderies.com\/blog\/wp-content\/uploads\/2018\/11\/Endless-Creaking-Stairs-quilt-at-quiltviews.com_.jpg 480w, https:\/\/www.patchwork-perles-broderies.com\/blog\/wp-content\/uploads\/2018\/11\/Endless-Creaking-Stairs-quilt-at-quiltviews.com_-252x300.jpg 252w\" sizes=\"auto, (max-width: 480px) 100vw, 480px\" \/><\/p>\n<p><img loading=\"lazy\" decoding=\"async\" class=\"aligncenter wp-image-4598 size-full\" src=\"http:\/\/www.patchwork-perles-broderies.com\/blog\/wp-content\/uploads\/2018\/11\/Bee-inspired-quilt-United-Notions.png\" alt=\"\" width=\"662\" height=\"672\" srcset=\"https:\/\/www.patchwork-perles-broderies.com\/blog\/wp-content\/uploads\/2018\/11\/Bee-inspired-quilt-United-Notions.png 662w, https:\/\/www.patchwork-perles-broderies.com\/blog\/wp-content\/uploads\/2018\/11\/Bee-inspired-quilt-United-Notions-296x300.png 296w, https:\/\/www.patchwork-perles-broderies.com\/blog\/wp-content\/uploads\/2018\/11\/Bee-inspired-quilt-United-Notions-600x609.png 600w, https:\/\/www.patchwork-perles-broderies.com\/blog\/wp-content\/uploads\/2018\/11\/Bee-inspired-quilt-United-Notions-624x633.png 624w\" sizes=\"auto, (max-width: 662px) 100vw, 662px\" \/> <img loading=\"lazy\" decoding=\"async\" class=\"aligncenter wp-image-4597 size-full\" src=\"http:\/\/www.patchwork-perles-broderies.com\/blog\/wp-content\/uploads\/2018\/11\/autumn-quilts-halloween-quilts.jpg\" alt=\"\" width=\"640\" height=\"640\" srcset=\"https:\/\/www.patchwork-perles-broderies.com\/blog\/wp-content\/uploads\/2018\/11\/autumn-quilts-halloween-quilts.jpg 640w, https:\/\/www.patchwork-perles-broderies.com\/blog\/wp-content\/uploads\/2018\/11\/autumn-quilts-halloween-quilts-150x150.jpg 150w, https:\/\/www.patchwork-perles-broderies.com\/blog\/wp-content\/uploads\/2018\/11\/autumn-quilts-halloween-quilts-300x300.jpg 300w, https:\/\/www.patchwork-perles-broderies.com\/blog\/wp-content\/uploads\/2018\/11\/autumn-quilts-halloween-quilts-600x600.jpg 600w, https:\/\/www.patchwork-perles-broderies.com\/blog\/wp-content\/uploads\/2018\/11\/autumn-quilts-halloween-quilts-624x624.jpg 624w\" sizes=\"auto, (max-width: 640px) 100vw, 640px\" \/> <img loading=\"lazy\" decoding=\"async\" class=\"aligncenter wp-image-4596 size-full\" src=\"http:\/\/www.patchwork-perles-broderies.com\/blog\/wp-content\/uploads\/2018\/11\/6a010536a9afa9970c0133ee0b0d3a970b-500wi.jpg\" alt=\"\" width=\"500\" height=\"466\" srcset=\"https:\/\/www.patchwork-perles-broderies.com\/blog\/wp-content\/uploads\/2018\/11\/6a010536a9afa9970c0133ee0b0d3a970b-500wi.jpg 500w, https:\/\/www.patchwork-perles-broderies.com\/blog\/wp-content\/uploads\/2018\/11\/6a010536a9afa9970c0133ee0b0d3a970b-500wi-300x280.jpg 300w\" sizes=\"auto, (max-width: 500px) 100vw, 500px\" \/><\/p>\n<p>Parfois c&rsquo;est le matelassage qui montre que le quilt a \u00e9t\u00e9 fait pour cette date particuli\u00e8re! Mais je conserverais bien un tel quilt sur mon lit tout au long de l&rsquo;ann\u00e9e.<\/p>\n<table style=\"border-collapse: collapse; width: 100%;\" border=\"1\">\n<tbody>\n<tr>\n<td style=\"width: 50%;\"><img loading=\"lazy\" decoding=\"async\" class=\"alignleft size-medium wp-image-4599\" src=\"http:\/\/www.patchwork-perles-broderies.com\/blog\/wp-content\/uploads\/2018\/11\/halloween-quilt-machine-quilting-by-Natalia-Bonner-of-piece-n-quilt-2-300x200.jpg\" alt=\"\" width=\"300\" height=\"200\" srcset=\"https:\/\/www.patchwork-perles-broderies.com\/blog\/wp-content\/uploads\/2018\/11\/halloween-quilt-machine-quilting-by-Natalia-Bonner-of-piece-n-quilt-2-300x200.jpg 300w, https:\/\/www.patchwork-perles-broderies.com\/blog\/wp-content\/uploads\/2018\/11\/halloween-quilt-machine-quilting-by-Natalia-Bonner-of-piece-n-quilt-2-768x512.jpg 768w, https:\/\/www.patchwork-perles-broderies.com\/blog\/wp-content\/uploads\/2018\/11\/halloween-quilt-machine-quilting-by-Natalia-Bonner-of-piece-n-quilt-2-1024x682.jpg 1024w, https:\/\/www.patchwork-perles-broderies.com\/blog\/wp-content\/uploads\/2018\/11\/halloween-quilt-machine-quilting-by-Natalia-Bonner-of-piece-n-quilt-2-600x400.jpg 600w, https:\/\/www.patchwork-perles-broderies.com\/blog\/wp-content\/uploads\/2018\/11\/halloween-quilt-machine-quilting-by-Natalia-Bonner-of-piece-n-quilt-2-624x416.jpg 624w, https:\/\/www.patchwork-perles-broderies.com\/blog\/wp-content\/uploads\/2018\/11\/halloween-quilt-machine-quilting-by-Natalia-Bonner-of-piece-n-quilt-2.jpg 1600w\" sizes=\"auto, (max-width: 300px) 100vw, 300px\" \/><\/td>\n<td style=\"width: 50%;\"><img loading=\"lazy\" decoding=\"async\" class=\"alignright size-medium wp-image-4600\" src=\"http:\/\/www.patchwork-perles-broderies.com\/blog\/wp-content\/uploads\/2018\/11\/halloween-quilt-machine-quilting-by-Natalia-Bonner-of-piece-n-quilt-300x200.jpg\" alt=\"\" width=\"300\" height=\"200\" srcset=\"https:\/\/www.patchwork-perles-broderies.com\/blog\/wp-content\/uploads\/2018\/11\/halloween-quilt-machine-quilting-by-Natalia-Bonner-of-piece-n-quilt-300x200.jpg 300w, https:\/\/www.patchwork-perles-broderies.com\/blog\/wp-content\/uploads\/2018\/11\/halloween-quilt-machine-quilting-by-Natalia-Bonner-of-piece-n-quilt-768x512.jpg 768w, https:\/\/www.patchwork-perles-broderies.com\/blog\/wp-content\/uploads\/2018\/11\/halloween-quilt-machine-quilting-by-Natalia-Bonner-of-piece-n-quilt-1024x682.jpg 1024w, https:\/\/www.patchwork-perles-broderies.com\/blog\/wp-content\/uploads\/2018\/11\/halloween-quilt-machine-quilting-by-Natalia-Bonner-of-piece-n-quilt-600x400.jpg 600w, https:\/\/www.patchwork-perles-broderies.com\/blog\/wp-content\/uploads\/2018\/11\/halloween-quilt-machine-quilting-by-Natalia-Bonner-of-piece-n-quilt-624x416.jpg 624w, https:\/\/www.patchwork-perles-broderies.com\/blog\/wp-content\/uploads\/2018\/11\/halloween-quilt-machine-quilting-by-Natalia-Bonner-of-piece-n-quilt.jpg 1600w\" sizes=\"auto, (max-width: 300px) 100vw, 300px\" \/><\/td>\n<\/tr>\n<\/tbody>\n<\/table>\n<p>&nbsp;<\/p>\n<p>&nbsp;<\/p>\n","protected":false},"excerpt":{"rendered":"<p>Le temps estival d&rsquo;hier et d&rsquo;aujourd&rsquo;hui nous a permis de nous remettre du mauvais temps qui accompagnait la Toussaint. Beaucoup d&rsquo;entre nous sont all\u00e9es fleurir les tombes familiales et l&rsquo;on voit partout\u00a0 les merveilleux pots de chrysanth\u00e8mes\u00a0 qui se vendent pour l&rsquo;occasion. La \u00a0\u00bb Fleur d&rsquo;or\u00a0\u00bb n&rsquo;a gu\u00e8re inspir\u00e9e les quilteuses. Je n&rsquo;ai trouv\u00e9 qu&rsquo;un [&hellip;]<\/p>\n","protected":false},"author":1,"featured_media":0,"comment_status":"open","ping_status":"open","sticky":false,"template":"","format":"standard","meta":{"footnotes":""},"categories":[227],"tags":[247,249,248,246],"class_list":["post-4588","post","type-post","status-publish","format-standard","hentry","category-fetes","tag-chrysanthemes","tag-halloween","tag-hubert-ver-mehren","tag-toussaint"],"aioseo_notices":[],"_links":{"self":[{"href":"https:\/\/www.patchwork-perles-broderies.com\/blog\/wp-json\/wp\/v2\/posts\/4588","targetHints":{"allow":["GET"]}}],"collection":[{"href":"https:\/\/www.patchwork-perles-broderies.com\/blog\/wp-json\/wp\/v2\/posts"}],"about":[{"href":"https:\/\/www.patchwork-perles-broderies.com\/blog\/wp-json\/wp\/v2\/types\/post"}],"author":[{"embeddable":true,"href":"https:\/\/www.patchwork-perles-broderies.com\/blog\/wp-json\/wp\/v2\/users\/1"}],"replies":[{"embeddable":true,"href":"https:\/\/www.patchwork-perles-broderies.com\/blog\/wp-json\/wp\/v2\/comments?post=4588"}],"version-history":[{"count":3,"href":"https:\/\/www.patchwork-perles-broderies.com\/blog\/wp-json\/wp\/v2\/posts\/4588\/revisions"}],"predecessor-version":[{"id":4605,"href":"https:\/\/www.patchwork-perles-broderies.com\/blog\/wp-json\/wp\/v2\/posts\/4588\/revisions\/4605"}],"wp:attachment":[{"href":"https:\/\/www.patchwork-perles-broderies.com\/blog\/wp-json\/wp\/v2\/media?parent=4588"}],"wp:term":[{"taxonomy":"category","embeddable":true,"href":"https:\/\/www.patchwork-perles-broderies.com\/blog\/wp-json\/wp\/v2\/categories?post=4588"},{"taxonomy":"post_tag","embeddable":true,"href":"https:\/\/www.patchwork-perles-broderies.com\/blog\/wp-json\/wp\/v2\/tags?post=4588"}],"curies":[{"name":"wp","href":"https:\/\/api.w.org\/{rel}","templated":true}]}}