{"id":4641,"date":"2018-12-20T12:35:49","date_gmt":"2018-12-20T11:35:49","guid":{"rendered":"http:\/\/www.patchwork-perles-broderies.com\/blog\/?p=4641"},"modified":"2019-01-01T18:16:10","modified_gmt":"2019-01-01T17:16:10","slug":"christmas-stocking","status":"publish","type":"post","link":"https:\/\/www.patchwork-perles-broderies.com\/blog\/2018\/12\/20\/christmas-stocking\/","title":{"rendered":"Christmas Stocking"},"content":{"rendered":"<p style=\"text-align: justify;\"><span style=\"font-size: 12pt; font-family: 'times new roman', times, serif;\"><span style=\"color: #222222;\"><img loading=\"lazy\" decoding=\"async\" class=\"alignleft size-medium wp-image-4643\" src=\"http:\/\/www.patchwork-perles-broderies.com\/blog\/wp-content\/uploads\/2018\/12\/stocking_noel-273x300.jpg\" alt=\"\" width=\"273\" height=\"300\" srcset=\"https:\/\/www.patchwork-perles-broderies.com\/blog\/wp-content\/uploads\/2018\/12\/stocking_noel-273x300.jpg 273w, https:\/\/www.patchwork-perles-broderies.com\/blog\/wp-content\/uploads\/2018\/12\/stocking_noel.jpg 570w\" sizes=\"auto, (max-width: 273px) 100vw, 273px\" \/> La plupart des traditions de No\u00ebl remontent \u00e0 la nuit des temps, m\u00eame si le christianisme s\u2019 en est appropri\u00e9 une bonne partie, substituant l\u2019enfant J\u00e9sus aux b\u00e9n\u00e9ficiaires d\u2019origine. <\/span><span style=\"color: #222222;\">C<\/span><span style=\"color: #222222;\">ela n\u2019<\/span><span style=\"color: #222222;\">\u00f4<\/span><span style=\"color: #222222;\">te rien \u00e0 leur sens symbolique et \u00e0 leur valeur universelle. <\/span><span style=\"color: #222222;\">En effet la plupart de ces f\u00eates sont li\u00e9es au solstice d\u2019hiver qui marque la fin du raccourcissement des jours et le d\u00e9but d\u2019une remont\u00e9e vers la lumi\u00e8re. <\/span><\/span><\/p>\n<p style=\"text-align: justify;\"><span style=\"font-size: 12pt; font-family: 'times new roman', times, serif;\"><span style=\"color: #222222;\">Sous une forme ou sous une autre tous les peuples ont c\u00e9l\u00e9br\u00e9 le \u00abSol Invictus\u00bb le Soleil invaincu. En l\u2019enfant J\u00e9sus de la cr\u00eache symbolise aussi cette permanence de la vie. Il est donc naturel qu\u2019on ait plac\u00e9 arbitrairement sa naissance \u00e0 cette \u00e9poque de l\u2019ann\u00e9e, m\u00eame si aucun historien ne semble savoir de fa\u00e7on certaine \u00e0 quel moment il est n\u00e9.<\/span><\/span><\/p>\n<p style=\"text-align: justify;\"><span style=\"font-size: 12pt; font-family: 'times new roman', times, serif;\"><span style=\"color: #222222;\">&#8211; L<\/span><span style=\"color: #222222;\">e gui \u00e9tait la plante sacr\u00e9e des druides et les pa\u00efens consid\u00e9raient les plantes toujours vertes comme le sapin comme des symboles de la vie \u00e9ternelle et de la renaissance. <\/span><span style=\"color: #222222;\">C\u2019est la raison pour laquelle gui et sapin sont pr\u00e9sents dans nos maisons \u00e0 cette \u00e9poque de l\u2019ann\u00e9e. <\/span><\/span><\/p>\n<p style=\"text-align: justify;\"><span style=\"font-size: 12pt; font-family: 'times new roman', times, serif;\"><span style=\"color: #222222;\">&#8211; D\u2019autres traditions sont \u00e0 l\u2019origine des \u00abchristmas stocking\u00bb, ces chaussettes qu\u2019on suspend dans la chemin\u00e9e. <\/span><span style=\"color: #222222;\">L<\/span><span style=\"color: #222222;\">a f\u00eate du Dieu scandinave Odin, Yule se situe le 21 D\u00e9cembre. Selon la l\u00e9gende racont\u00e9e par Phyllis Siefker les enfants <\/span><span style=\"color: #222222;\">\u00a0suspend<\/span><span style=\"color: #222222;\">ai<\/span><span style=\"color: #222222;\">ent<\/span> <span style=\"color: #222222;\">dans la chemin\u00e9e <\/span><span style=\"color: #222222;\">leurs chaussettes <\/span><span style=\"color: #222222;\"> remp<\/span><span style=\"color: #222222;\">l<\/span><span style=\"color: #222222;\">ie<\/span><span style=\"color: #222222;\">s <\/span><span style=\"color: #222222;\"> de carottes et de sucreries \u00e0 l\u2019intention du cheval ail\u00e9 d\u2019Odin, Sleipnir.\u00a0<\/span><\/span><span style=\"font-size: 12pt; font-family: 'times new roman', times, serif;\"><span style=\"color: #222222;\">Pour les remercier de leur gentillesse le cheval remplissait la chaussette de sucreries.<\/span><\/span><\/p>\n<p style=\"text-align: justify;\"><span style=\"font-family: 'times new roman', times, serif; font-size: 12pt;\"><span style=\"color: #222222;\">D&rsquo;autres traditions attribuent l&rsquo;origine des chaussettes de No\u00ebl \u00e0\u00a0 Saint Nicolas qui se confond souvent actuellement avec le P\u00e8re No\u00ebl.\u00a0<\/span><\/span><\/p>\n<p style=\"text-align: justify;\"><span style=\"font-family: 'times new roman', times, serif; font-size: 12pt;\"><span style=\"color: #222222;\"><img loading=\"lazy\" decoding=\"async\" class=\"alignleft size-medium wp-image-4649\" src=\"http:\/\/www.patchwork-perles-broderies.com\/blog\/wp-content\/uploads\/2018\/12\/chaussette-p\u00e8re-noel-207x300.jpg\" alt=\"\" width=\"207\" height=\"300\" srcset=\"https:\/\/www.patchwork-perles-broderies.com\/blog\/wp-content\/uploads\/2018\/12\/chaussette-p\u00e8re-noel-207x300.jpg 207w, https:\/\/www.patchwork-perles-broderies.com\/blog\/wp-content\/uploads\/2018\/12\/chaussette-p\u00e8re-noel.jpg 553w\" sizes=\"auto, (max-width: 207px) 100vw, 207px\" \/>Saint Nicolas, <\/span><span style=\"color: #222222;\">n\u00e9 en <\/span> <span style=\"color: #000000;\">280 AD, <\/span><span style=\"color: #000000;\">\u00e0<\/span><span style=\"color: #000000;\"> Patara, <\/span><span style=\"color: #000000;\">une ville <\/span><span style=\"color: #000000;\">Asi<\/span><span style=\"color: #000000;\">e<\/span><span style=\"color: #000000;\"> Min<\/span><span style=\"color: #000000;\">eure<\/span><span style=\"color: #000000;\">. <\/span><span style=\"color: #000000;\">Fervent disciple de J\u00e9sus et tr\u00e8s riche lui m\u00eame il consacra sa vie \u00e0 aider les pauvres et les malades et devint tr\u00e8s jeune \u00e9v\u00e8que de Myra.<\/span> <span style=\"color: #000000;\">Il parcourait la contr\u00e9e en distribuant cadeaux et argent mais il le faisait toujours de nuit pour rester anonyme. On raconte qu\u2019un paysan vivait \u00e0 Patara , sa ville natale avec sa femme et ses 3 filles. La femme mourut subitement de maladie lui laissant la charge des filles qu\u2019il dut assumer malgr\u00e9 son chagrin. Lorsque les filles furent en \u00e2ge de se marier il \u00e9tait si pauvre qu\u2019il ne pouvait pas\u00a0 fournir la dot qui leur aurait permis de trouver un \u00e9poux convenable et cela ajouta \u00e0 sa peine. Un jour les filles firent la lessive et suspendirent les chaussettes de la maisonn\u00e9e au dessus de la chemin\u00e9e pour qu\u2019elles s\u00e8chent pendant la nuit. <\/span><span style=\"color: #000000;\">Nicolas d\u00e9cida de profiter de l&rsquo;occasion. Il attendit que tout le monde soit endormi puis il se glissa dans la maison et mit suffisamment d\u2019or dans les chaussettes pour que le prix de la dot soit couvert. Les filles furent bien mari\u00e9es \u00e0 la grande joie de leur p\u00e8re.<\/span><\/span><\/p>\n<p style=\"text-align: justify;\"><span style=\"color: #000000; font-family: 'times new roman', times, serif; font-size: 12pt;\">Peu \u00e0 peu sous l\u2019influence du christianisme Saint Nicolas se substitua \u00e0 Odin et les carottes furent remplac\u00e9es par le verre de lait et les biscuits que l\u2019on place sur une table \u00e0 l\u2019intention du p\u00e8re No\u00ebl.\u00a0<\/span><\/p>\n<p style=\"text-align: justify;\"><span style=\"color: #000000; font-family: 'times new roman', times, serif; font-size: 12pt;\">C\u2019est ainsi que commen\u00e7a la tradition des chaussettes suspendues dans la chemin\u00e9e la veille de No\u00ebl. Au d\u00e9part les enfants suspendaient leurs chaussettes de tous les jours puis on se mit \u00e0 fabriquer des chaussettes d\u00e9cor\u00e9es sp\u00e9ciales qui ne servent qu\u2019\u00e0 cet usage. Chaque famille choisit avec soin la d\u00e9coration du la chaussette et parfois on brode dessus le nom du membre de la famille pour qui elle a \u00e9t\u00e9 faite.<\/span><\/p>\n<p><img loading=\"lazy\" decoding=\"async\" class=\"aligncenter size-full wp-image-4644\" src=\"http:\/\/www.patchwork-perles-broderies.com\/blog\/wp-content\/uploads\/2018\/12\/Stockings.jpg\" alt=\"\" width=\"720\" height=\"438\" srcset=\"https:\/\/www.patchwork-perles-broderies.com\/blog\/wp-content\/uploads\/2018\/12\/Stockings.jpg 720w, https:\/\/www.patchwork-perles-broderies.com\/blog\/wp-content\/uploads\/2018\/12\/Stockings-300x183.jpg 300w, https:\/\/www.patchwork-perles-broderies.com\/blog\/wp-content\/uploads\/2018\/12\/Stockings-600x365.jpg 600w, https:\/\/www.patchwork-perles-broderies.com\/blog\/wp-content\/uploads\/2018\/12\/Stockings-624x380.jpg 624w\" sizes=\"auto, (max-width: 720px) 100vw, 720px\" \/><\/p>\n<p style=\"text-align: justify;\"><span style=\"color: #000000; font-family: 'times new roman', times, serif; font-size: 12pt;\"> Si vous ne savez pas coudre vous pouvez la tricoter. Il existe de nombreux mod\u00e8les de tricot \u00e0\u00a0 motif No\u00ebl g\u00e9n\u00e9ralement inspir\u00e9s de\u00a0 la tradition scandinave.\u00a0<\/span><span style=\"color: #000000; font-family: 'times new roman', times, serif; font-size: 12pt;\">Et en dernier ressort vous pouvez l&rsquo;acheter toute pr\u00eate- mais \u00e7a ne sera jamais aussi personnel que si vous l&rsquo;avez faite vous m\u00eame avec l&rsquo;aide de vos enfants.<\/span><\/p>\n<table style=\"border-collapse: collapse; width: 100%;\" border=\"1\">\n<tbody>\n<tr>\n<td style=\"width: 50%;\"><img loading=\"lazy\" decoding=\"async\" class=\"alignleft size-medium wp-image-4647\" src=\"http:\/\/www.patchwork-perles-broderies.com\/blog\/wp-content\/uploads\/2018\/12\/326193-Knitted-Stocking-6-300x300.jpg\" alt=\"\" width=\"300\" height=\"300\" srcset=\"https:\/\/www.patchwork-perles-broderies.com\/blog\/wp-content\/uploads\/2018\/12\/326193-Knitted-Stocking-6-300x300.jpg 300w, https:\/\/www.patchwork-perles-broderies.com\/blog\/wp-content\/uploads\/2018\/12\/326193-Knitted-Stocking-6-150x150.jpg 150w, https:\/\/www.patchwork-perles-broderies.com\/blog\/wp-content\/uploads\/2018\/12\/326193-Knitted-Stocking-6.jpg 427w\" sizes=\"auto, (max-width: 300px) 100vw, 300px\" \/><\/td>\n<td style=\"width: 50%;\"><img loading=\"lazy\" decoding=\"async\" class=\"alignright size-medium wp-image-4648\" src=\"http:\/\/www.patchwork-perles-broderies.com\/blog\/wp-content\/uploads\/2018\/12\/christ-300x300.jpeg\" alt=\"\" width=\"300\" height=\"300\" srcset=\"https:\/\/www.patchwork-perles-broderies.com\/blog\/wp-content\/uploads\/2018\/12\/christ-300x300.jpeg 300w, https:\/\/www.patchwork-perles-broderies.com\/blog\/wp-content\/uploads\/2018\/12\/christ-150x150.jpeg 150w, https:\/\/www.patchwork-perles-broderies.com\/blog\/wp-content\/uploads\/2018\/12\/christ-768x768.jpeg 768w, https:\/\/www.patchwork-perles-broderies.com\/blog\/wp-content\/uploads\/2018\/12\/christ-1024x1024.jpeg 1024w, https:\/\/www.patchwork-perles-broderies.com\/blog\/wp-content\/uploads\/2018\/12\/christ-600x600.jpeg 600w, https:\/\/www.patchwork-perles-broderies.com\/blog\/wp-content\/uploads\/2018\/12\/christ-624x624.jpeg 624w, https:\/\/www.patchwork-perles-broderies.com\/blog\/wp-content\/uploads\/2018\/12\/christ.jpeg 1500w\" sizes=\"auto, (max-width: 300px) 100vw, 300px\" \/><\/td>\n<\/tr>\n<\/tbody>\n<\/table>\n<p style=\"text-align: justify;\"><span style=\"font-family: 'times new roman', times, serif; font-size: 12pt;\"><span style=\"color: #000000;\"><img loading=\"lazy\" decoding=\"async\" class=\"alignleft size-full wp-image-4646\" src=\"http:\/\/www.patchwork-perles-broderies.com\/blog\/wp-content\/uploads\/2018\/12\/stockings_socks_rifle.jpg\" alt=\"\" width=\"410\" height=\"500\" srcset=\"https:\/\/www.patchwork-perles-broderies.com\/blog\/wp-content\/uploads\/2018\/12\/stockings_socks_rifle.jpg 410w, https:\/\/www.patchwork-perles-broderies.com\/blog\/wp-content\/uploads\/2018\/12\/stockings_socks_rifle-246x300.jpg 246w\" sizes=\"auto, (max-width: 410px) 100vw, 410px\" \/>Et comme de nombreuses familles n\u2019ont plus de chemin\u00e9e la chaussette peut \u00eatre suspendue n\u2019importe o\u00f9 comme en t\u00e9moigne cette photo conserv\u00e9e par le Smith<\/span><span style=\"color: #000000;\">s<\/span><span style=\"color: #000000;\">oni<\/span><span style=\"color: #000000;\">a<\/span><span style=\"color: #000000;\">n Museum.<\/span><\/span><\/p>\n<p>&nbsp;<\/p>\n","protected":false},"excerpt":{"rendered":"<p>La plupart des traditions de No\u00ebl remontent \u00e0 la nuit des temps, m\u00eame si le christianisme s\u2019 en est appropri\u00e9 une bonne partie, substituant l\u2019enfant J\u00e9sus aux b\u00e9n\u00e9ficiaires d\u2019origine. Cela n\u2019\u00f4te rien \u00e0 leur sens symbolique et \u00e0 leur valeur universelle. En effet la plupart de ces f\u00eates sont li\u00e9es au solstice d\u2019hiver qui marque [&hellip;]<\/p>\n","protected":false},"author":1,"featured_media":0,"comment_status":"open","ping_status":"open","sticky":false,"template":"","format":"standard","meta":{"footnotes":""},"categories":[1],"tags":[],"class_list":["post-4641","post","type-post","status-publish","format-standard","hentry","category-non-classe"],"aioseo_notices":[],"_links":{"self":[{"href":"https:\/\/www.patchwork-perles-broderies.com\/blog\/wp-json\/wp\/v2\/posts\/4641","targetHints":{"allow":["GET"]}}],"collection":[{"href":"https:\/\/www.patchwork-perles-broderies.com\/blog\/wp-json\/wp\/v2\/posts"}],"about":[{"href":"https:\/\/www.patchwork-perles-broderies.com\/blog\/wp-json\/wp\/v2\/types\/post"}],"author":[{"embeddable":true,"href":"https:\/\/www.patchwork-perles-broderies.com\/blog\/wp-json\/wp\/v2\/users\/1"}],"replies":[{"embeddable":true,"href":"https:\/\/www.patchwork-perles-broderies.com\/blog\/wp-json\/wp\/v2\/comments?post=4641"}],"version-history":[{"count":3,"href":"https:\/\/www.patchwork-perles-broderies.com\/blog\/wp-json\/wp\/v2\/posts\/4641\/revisions"}],"predecessor-version":[{"id":4652,"href":"https:\/\/www.patchwork-perles-broderies.com\/blog\/wp-json\/wp\/v2\/posts\/4641\/revisions\/4652"}],"wp:attachment":[{"href":"https:\/\/www.patchwork-perles-broderies.com\/blog\/wp-json\/wp\/v2\/media?parent=4641"}],"wp:term":[{"taxonomy":"category","embeddable":true,"href":"https:\/\/www.patchwork-perles-broderies.com\/blog\/wp-json\/wp\/v2\/categories?post=4641"},{"taxonomy":"post_tag","embeddable":true,"href":"https:\/\/www.patchwork-perles-broderies.com\/blog\/wp-json\/wp\/v2\/tags?post=4641"}],"curies":[{"name":"wp","href":"https:\/\/api.w.org\/{rel}","templated":true}]}}