{"id":4793,"date":"2019-03-31T08:23:51","date_gmt":"2019-03-31T07:23:51","guid":{"rendered":"http:\/\/www.patchwork-perles-broderies.com\/blog\/?p=4793"},"modified":"2019-03-31T16:47:46","modified_gmt":"2019-03-31T15:47:46","slug":"journee-de-lamitie","status":"publish","type":"post","link":"https:\/\/www.patchwork-perles-broderies.com\/blog\/2019\/03\/31\/journee-de-lamitie\/","title":{"rendered":"journ\u00e9e de l&rsquo;amiti\u00e9"},"content":{"rendered":"<p style=\"text-align: justify;\"><img loading=\"lazy\" decoding=\"async\" class=\"alignleft size-thumbnail wp-image-4794\" src=\"http:\/\/www.patchwork-perles-broderies.com\/blog\/wp-content\/uploads\/2019\/03\/20190328_093911x-150x150.jpg\" alt=\"\" width=\"150\" height=\"150\" \/>Jeudi dernier avait lieu \u00e0 Balma la journ\u00e9e de l&rsquo;amiti\u00e9 de la d\u00e9l\u00e9gation. Une journ\u00e9e\u00a0 \u00a0parfaite autant par le temps merveilleux qui nous a favoris\u00e9es que par la superbe organisation et l&rsquo;ambiance amicale qui r\u00e9gnait.<\/p>\n<p style=\"text-align: justify;\">Brigitte et son \u00e9quipe s&rsquo;\u00e9taient assur\u00e9 le concours d&rsquo;Anne Carson qui avait pr\u00e9par\u00e9 avec soin les quelques 130 kits n\u00e9cessaires au travail de la journ\u00e9e: un bouquet de fleurs r\u00e9alis\u00e9 \u00e0 l&rsquo;aide de fils fantaisie,\u00a0 \u00a0chenille, laines fantaisies, ruban\u00a0 multicolore (qu&rsquo;elle avait teint elle m\u00eame).\u00a0 Et plusieurs de ses amies circulaient pour nous aider, nous donner conseils et encouragements.<\/p>\n<p><img loading=\"lazy\" decoding=\"async\" class=\"aligncenter wp-image-4796\" src=\"http:\/\/www.patchwork-perles-broderies.com\/blog\/wp-content\/uploads\/2019\/03\/20190328_093957x-300x231.jpg\" alt=\"\" width=\"625\" height=\"481\" srcset=\"https:\/\/www.patchwork-perles-broderies.com\/blog\/wp-content\/uploads\/2019\/03\/20190328_093957x-300x231.jpg 300w, https:\/\/www.patchwork-perles-broderies.com\/blog\/wp-content\/uploads\/2019\/03\/20190328_093957x-768x591.jpg 768w, https:\/\/www.patchwork-perles-broderies.com\/blog\/wp-content\/uploads\/2019\/03\/20190328_093957x-624x481.jpg 624w, https:\/\/www.patchwork-perles-broderies.com\/blog\/wp-content\/uploads\/2019\/03\/20190328_093957x.jpg 1022w\" sizes=\"auto, (max-width: 625px) 100vw, 625px\" \/><\/p>\n<p style=\"text-align: justify;\"><img loading=\"lazy\" decoding=\"async\" class=\"aligncenter size-large wp-image-4795\" src=\"http:\/\/www.patchwork-perles-broderies.com\/blog\/wp-content\/uploads\/2019\/03\/20190328_093922x-1024x768.jpg\" alt=\"\" width=\"625\" height=\"469\" srcset=\"https:\/\/www.patchwork-perles-broderies.com\/blog\/wp-content\/uploads\/2019\/03\/20190328_093922x-1024x768.jpg 1024w, https:\/\/www.patchwork-perles-broderies.com\/blog\/wp-content\/uploads\/2019\/03\/20190328_093922x-300x225.jpg 300w, https:\/\/www.patchwork-perles-broderies.com\/blog\/wp-content\/uploads\/2019\/03\/20190328_093922x-768x576.jpg 768w, https:\/\/www.patchwork-perles-broderies.com\/blog\/wp-content\/uploads\/2019\/03\/20190328_093922x-624x468.jpg 624w, https:\/\/www.patchwork-perles-broderies.com\/blog\/wp-content\/uploads\/2019\/03\/20190328_093922x.jpg 1050w\" sizes=\"auto, (max-width: 625px) 100vw, 625px\" \/>En ce qui me concerne j&rsquo;ai d\u00e9couvert que, telle Monsieur Jourdain, je pratiquais depuis des ann\u00e9es la broderie cr\u00e9ative sans le savoir, mais je me suis tout de m\u00eame beaucoup amus\u00e9e car en mati\u00e8re de broderie on n&rsquo;a jamais tout d\u00e9couvert et il y a toujours de petites fut\u00e9es qui trouvent de nouveaux trucs pour enrichir cet art mill\u00e9naire et si malmen\u00e9 ces derni\u00e8res ann\u00e9es,-confisqu\u00e9 comme il l&rsquo;avait \u00e9t\u00e9 par le \u00ab\u00a0point compt\u00e9\u00a0\u00bb. Je me r\u00e9jouis de le voir revivre, \u00e7a m&rsquo;a donn\u00e9 un nouvel \u00e9lan et je remercie donc toutes celles qui ont contribu\u00e9 \u00e0 faire de cette\u00a0 journ\u00e9e une d\u00e9couverte et\u00a0 un succ\u00e8s.<\/p>\n<p style=\"text-align: justify;\">Quelques tr\u00e8s beaux quilts \u00e9taient expos\u00e9s sur des grilles . l\u00e0 aussi la cr\u00e9ativit\u00e9 des patcheuses semble sans limites. L&rsquo;unanimit\u00e9 s&rsquo;est faite autour de l&rsquo;arbre d&rsquo;\u00a0\u00a0Annie Vieussens, \u00e9poustouflant tant pas la perfection de la technique que par sa beaut\u00e9.<\/p>\n<p style=\"text-align: justify;\"><img loading=\"lazy\" decoding=\"async\" class=\"aligncenter size-large wp-image-4802\" src=\"http:\/\/www.patchwork-perles-broderies.com\/blog\/wp-content\/uploads\/2019\/03\/20190328_123842x-913x1024.jpg\" alt=\"\" width=\"625\" height=\"701\" srcset=\"https:\/\/www.patchwork-perles-broderies.com\/blog\/wp-content\/uploads\/2019\/03\/20190328_123842x-913x1024.jpg 913w, https:\/\/www.patchwork-perles-broderies.com\/blog\/wp-content\/uploads\/2019\/03\/20190328_123842x-267x300.jpg 267w, https:\/\/www.patchwork-perles-broderies.com\/blog\/wp-content\/uploads\/2019\/03\/20190328_123842x-768x862.jpg 768w, https:\/\/www.patchwork-perles-broderies.com\/blog\/wp-content\/uploads\/2019\/03\/20190328_123842x-624x700.jpg 624w, https:\/\/www.patchwork-perles-broderies.com\/blog\/wp-content\/uploads\/2019\/03\/20190328_123842x-1320x1481.jpg 1320w\" sizes=\"auto, (max-width: 625px) 100vw, 625px\" \/>Pour ma part je le mettrais \u00e0 \u00e9galit\u00e9 avec le ravissant village en noir et blanc \u00e9pur\u00e9 et po\u00e9tique de Fanfan Saint Martin.<\/p>\n<p><img loading=\"lazy\" decoding=\"async\" class=\"aligncenter size-full wp-image-4798\" src=\"http:\/\/www.patchwork-perles-broderies.com\/blog\/wp-content\/uploads\/2019\/03\/20190328_123603x.jpg\" alt=\"\" width=\"863\" height=\"559\" srcset=\"https:\/\/www.patchwork-perles-broderies.com\/blog\/wp-content\/uploads\/2019\/03\/20190328_123603x.jpg 863w, https:\/\/www.patchwork-perles-broderies.com\/blog\/wp-content\/uploads\/2019\/03\/20190328_123603x-300x194.jpg 300w, https:\/\/www.patchwork-perles-broderies.com\/blog\/wp-content\/uploads\/2019\/03\/20190328_123603x-768x497.jpg 768w, https:\/\/www.patchwork-perles-broderies.com\/blog\/wp-content\/uploads\/2019\/03\/20190328_123603x-624x404.jpg 624w\" sizes=\"auto, (max-width: 863px) 100vw, 863px\" \/><\/p>\n<p style=\"text-align: justify;\">Les autres quilts \u00e9taient tr\u00e8s beaux aussi et m\u00e9ritaient\u00a0 notre admiration\u00a0, je vous donne simplement deux \u00e9chantillons, tous auraient m\u00e9rit\u00e9 une photo.<img loading=\"lazy\" decoding=\"async\" class=\"aligncenter size-large wp-image-4801\" src=\"http:\/\/www.patchwork-perles-broderies.com\/blog\/wp-content\/uploads\/2019\/03\/20190328_123710x-768x1024.jpg\" alt=\"\" width=\"625\" height=\"833\" srcset=\"https:\/\/www.patchwork-perles-broderies.com\/blog\/wp-content\/uploads\/2019\/03\/20190328_123710x-768x1024.jpg 768w, https:\/\/www.patchwork-perles-broderies.com\/blog\/wp-content\/uploads\/2019\/03\/20190328_123710x-225x300.jpg 225w, https:\/\/www.patchwork-perles-broderies.com\/blog\/wp-content\/uploads\/2019\/03\/20190328_123710x-624x832.jpg 624w, https:\/\/www.patchwork-perles-broderies.com\/blog\/wp-content\/uploads\/2019\/03\/20190328_123710x-1320x1760.jpg 1320w\" sizes=\"auto, (max-width: 625px) 100vw, 625px\" \/> <img loading=\"lazy\" decoding=\"async\" class=\"aligncenter size-full wp-image-4800\" src=\"http:\/\/www.patchwork-perles-broderies.com\/blog\/wp-content\/uploads\/2019\/03\/20190328_123641x.jpg\" alt=\"\" width=\"780\" height=\"984\" srcset=\"https:\/\/www.patchwork-perles-broderies.com\/blog\/wp-content\/uploads\/2019\/03\/20190328_123641x.jpg 780w, https:\/\/www.patchwork-perles-broderies.com\/blog\/wp-content\/uploads\/2019\/03\/20190328_123641x-238x300.jpg 238w, https:\/\/www.patchwork-perles-broderies.com\/blog\/wp-content\/uploads\/2019\/03\/20190328_123641x-768x969.jpg 768w, https:\/\/www.patchwork-perles-broderies.com\/blog\/wp-content\/uploads\/2019\/03\/20190328_123641x-624x787.jpg 624w\" sizes=\"auto, (max-width: 780px) 100vw, 780px\" \/><\/p>\n<p style=\"text-align: justify;\">Une belle journ\u00e9e. A bient\u00f4t pour d&rsquo;autres journ\u00e9es comme celle l\u00e0.<\/p>\n","protected":false},"excerpt":{"rendered":"<p>Jeudi dernier avait lieu \u00e0 Balma la journ\u00e9e de l&rsquo;amiti\u00e9 de la d\u00e9l\u00e9gation. Une journ\u00e9e\u00a0 \u00a0parfaite autant par le temps merveilleux qui nous a favoris\u00e9es que par la superbe organisation et l&rsquo;ambiance amicale qui r\u00e9gnait. Brigitte et son \u00e9quipe s&rsquo;\u00e9taient assur\u00e9 le concours d&rsquo;Anne Carson qui avait pr\u00e9par\u00e9 avec soin les quelques 130 kits n\u00e9cessaires [&hellip;]<\/p>\n","protected":false},"author":1,"featured_media":0,"comment_status":"open","ping_status":"open","sticky":false,"template":"","format":"standard","meta":{"footnotes":""},"categories":[227,1],"tags":[],"class_list":["post-4793","post","type-post","status-publish","format-standard","hentry","category-fetes","category-non-classe"],"aioseo_notices":[],"_links":{"self":[{"href":"https:\/\/www.patchwork-perles-broderies.com\/blog\/wp-json\/wp\/v2\/posts\/4793","targetHints":{"allow":["GET"]}}],"collection":[{"href":"https:\/\/www.patchwork-perles-broderies.com\/blog\/wp-json\/wp\/v2\/posts"}],"about":[{"href":"https:\/\/www.patchwork-perles-broderies.com\/blog\/wp-json\/wp\/v2\/types\/post"}],"author":[{"embeddable":true,"href":"https:\/\/www.patchwork-perles-broderies.com\/blog\/wp-json\/wp\/v2\/users\/1"}],"replies":[{"embeddable":true,"href":"https:\/\/www.patchwork-perles-broderies.com\/blog\/wp-json\/wp\/v2\/comments?post=4793"}],"version-history":[{"count":4,"href":"https:\/\/www.patchwork-perles-broderies.com\/blog\/wp-json\/wp\/v2\/posts\/4793\/revisions"}],"predecessor-version":[{"id":4806,"href":"https:\/\/www.patchwork-perles-broderies.com\/blog\/wp-json\/wp\/v2\/posts\/4793\/revisions\/4806"}],"wp:attachment":[{"href":"https:\/\/www.patchwork-perles-broderies.com\/blog\/wp-json\/wp\/v2\/media?parent=4793"}],"wp:term":[{"taxonomy":"category","embeddable":true,"href":"https:\/\/www.patchwork-perles-broderies.com\/blog\/wp-json\/wp\/v2\/categories?post=4793"},{"taxonomy":"post_tag","embeddable":true,"href":"https:\/\/www.patchwork-perles-broderies.com\/blog\/wp-json\/wp\/v2\/tags?post=4793"}],"curies":[{"name":"wp","href":"https:\/\/api.w.org\/{rel}","templated":true}]}}