{"id":4870,"date":"2019-05-15T09:40:07","date_gmt":"2019-05-15T08:40:07","guid":{"rendered":"http:\/\/www.patchwork-perles-broderies.com\/blog\/?p=4870"},"modified":"2019-05-15T09:40:07","modified_gmt":"2019-05-15T08:40:07","slug":"expo-avignonet","status":"publish","type":"post","link":"https:\/\/www.patchwork-perles-broderies.com\/blog\/2019\/05\/15\/expo-avignonet\/","title":{"rendered":"Expo Avignonet"},"content":{"rendered":"<p style=\"text-align: justify;\"><img loading=\"lazy\" decoding=\"async\" class=\"alignleft size-large wp-image-4872\" src=\"http:\/\/www.patchwork-perles-broderies.com\/blog\/wp-content\/uploads\/2019\/05\/Affiche-AVIGNONET-725x1024.jpg\" alt=\"\" width=\"625\" height=\"883\" srcset=\"https:\/\/www.patchwork-perles-broderies.com\/blog\/wp-content\/uploads\/2019\/05\/Affiche-AVIGNONET-725x1024.jpg 725w, https:\/\/www.patchwork-perles-broderies.com\/blog\/wp-content\/uploads\/2019\/05\/Affiche-AVIGNONET-212x300.jpg 212w, https:\/\/www.patchwork-perles-broderies.com\/blog\/wp-content\/uploads\/2019\/05\/Affiche-AVIGNONET-768x1085.jpg 768w, https:\/\/www.patchwork-perles-broderies.com\/blog\/wp-content\/uploads\/2019\/05\/Affiche-AVIGNONET-624x881.jpg 624w, https:\/\/www.patchwork-perles-broderies.com\/blog\/wp-content\/uploads\/2019\/05\/Affiche-AVIGNONET.jpg 827w\" sizes=\"auto, (max-width: 625px) 100vw, 625px\" \/>Celles d&rsquo;entre vous qui m&rsquo;avaient fait le plaisir d&rsquo;assister \u00e0 ma conf\u00e9rence aux archives municipales savent que le crazy est une de mes passions. Au fil des ann\u00e9es j&rsquo;ai rassembl\u00e9 une petite collection de crazys anciens et j&rsquo;avais toujours eu envie de leur consacrer une v\u00e9ritable exposition. Le probl\u00e8me \u00e9tant toujours de trouver une salle!<\/p>\n<p style=\"text-align: justify;\">La mairie d&rsquo;Avignonet a eu la gentillesse de nous pr\u00eater une des salles de la m\u00e9diath\u00e8que et je peux donc enfin r\u00e9aliser mon r\u00eave. Et la p\u00e9riode choisie est id\u00e9ale puisque une de mes r\u00e9centes acquisitions a \u00e9t\u00e9 d\u00e9di\u00e9\u00a0 \u00a0 en 1885 \u00e0 une m\u00e8re,\u00a0 probablement par ses filles.<\/p>\n<p style=\"text-align: justify;\"><img loading=\"lazy\" decoding=\"async\" class=\"alignleft size-medium wp-image-4873\" src=\"http:\/\/www.patchwork-perles-broderies.com\/blog\/wp-content\/uploads\/2019\/05\/O1-Avignonet-200x300.jpg\" alt=\"\" width=\"200\" height=\"300\" srcset=\"https:\/\/www.patchwork-perles-broderies.com\/blog\/wp-content\/uploads\/2019\/05\/O1-Avignonet-200x300.jpg 200w, https:\/\/www.patchwork-perles-broderies.com\/blog\/wp-content\/uploads\/2019\/05\/O1-Avignonet.jpg 511w\" sizes=\"auto, (max-width: 200px) 100vw, 200px\" \/>La m\u00e9diath\u00e8que d&rsquo;Avignonet est facile \u00e0 trouver: il suffit de viser la tour qui est une des curiosit\u00e9s du village. Mais pour plus de s\u00fbret\u00e9 Elisabeth a promis de pr\u00e9voir un fl\u00eachage pour que nous n&rsquo;ayons pas le probl\u00e8me rencontr\u00e9 \u00e0 l&rsquo;ESCAL de Nailloux!<\/p>\n<p style=\"text-align: justify;\">Il y a deux sortes de crazys: les crazys \u00ab\u00a0de mus\u00e9e\u00a0\u00bb ces merveilleux ouvrages r\u00e9alis\u00e9s par les riches bourgeoises de l&rsquo;\u00e9poque victorienne, incroyablement pr\u00e9serv\u00e9s et d\u00e9cor\u00e9s. La seconde cat\u00e9gorie est celle des crazys faits par les femmes am\u00e9ricaines qui voulaient suivre la mode sans toujours en avoir les moyens financiers ou techniques- quand on travaille dur \u00e0 longueur de journ\u00e9es on n&rsquo;a pas le temps de broder des choses compliqu\u00e9es-<\/p>\n<p style=\"text-align: justify;\">Je me suis toujours sentie en affinit\u00e9 avec ces femmes pour qui le patchwork pouvait \u00eatre une fa\u00e7on de r\u00eaver et de cr\u00e9er dans une vie souvent bien aust\u00e8re et c&rsquo;est \u00e0 elles que j&rsquo;ai pens\u00e9\u00a0 tout au long du travail.\u00a0 Nous serons l\u00e0 pour vous expliquer tout ce que vous ne savez pas encore sur la technique.<\/p>\n<p>A bient\u00f4t.<\/p>\n","protected":false},"excerpt":{"rendered":"<p>Celles d&rsquo;entre vous qui m&rsquo;avaient fait le plaisir d&rsquo;assister \u00e0 ma conf\u00e9rence aux archives municipales savent que le crazy est une de mes passions. Au fil des ann\u00e9es j&rsquo;ai rassembl\u00e9 une petite collection de crazys anciens et j&rsquo;avais toujours eu envie de leur consacrer une v\u00e9ritable exposition. Le probl\u00e8me \u00e9tant toujours de trouver une salle! [&hellip;]<\/p>\n","protected":false},"author":1,"featured_media":0,"comment_status":"open","ping_status":"open","sticky":false,"template":"","format":"standard","meta":{"footnotes":""},"categories":[1],"tags":[],"class_list":["post-4870","post","type-post","status-publish","format-standard","hentry","category-non-classe"],"aioseo_notices":[],"_links":{"self":[{"href":"https:\/\/www.patchwork-perles-broderies.com\/blog\/wp-json\/wp\/v2\/posts\/4870","targetHints":{"allow":["GET"]}}],"collection":[{"href":"https:\/\/www.patchwork-perles-broderies.com\/blog\/wp-json\/wp\/v2\/posts"}],"about":[{"href":"https:\/\/www.patchwork-perles-broderies.com\/blog\/wp-json\/wp\/v2\/types\/post"}],"author":[{"embeddable":true,"href":"https:\/\/www.patchwork-perles-broderies.com\/blog\/wp-json\/wp\/v2\/users\/1"}],"replies":[{"embeddable":true,"href":"https:\/\/www.patchwork-perles-broderies.com\/blog\/wp-json\/wp\/v2\/comments?post=4870"}],"version-history":[{"count":2,"href":"https:\/\/www.patchwork-perles-broderies.com\/blog\/wp-json\/wp\/v2\/posts\/4870\/revisions"}],"predecessor-version":[{"id":4874,"href":"https:\/\/www.patchwork-perles-broderies.com\/blog\/wp-json\/wp\/v2\/posts\/4870\/revisions\/4874"}],"wp:attachment":[{"href":"https:\/\/www.patchwork-perles-broderies.com\/blog\/wp-json\/wp\/v2\/media?parent=4870"}],"wp:term":[{"taxonomy":"category","embeddable":true,"href":"https:\/\/www.patchwork-perles-broderies.com\/blog\/wp-json\/wp\/v2\/categories?post=4870"},{"taxonomy":"post_tag","embeddable":true,"href":"https:\/\/www.patchwork-perles-broderies.com\/blog\/wp-json\/wp\/v2\/tags?post=4870"}],"curies":[{"name":"wp","href":"https:\/\/api.w.org\/{rel}","templated":true}]}}