{"id":4890,"date":"2019-06-04T10:09:37","date_gmt":"2019-06-04T09:09:37","guid":{"rendered":"http:\/\/www.patchwork-perles-broderies.com\/blog\/?p=4890"},"modified":"2019-06-04T10:12:20","modified_gmt":"2019-06-04T09:12:20","slug":"lexpo-est-finie","status":"publish","type":"post","link":"https:\/\/www.patchwork-perles-broderies.com\/blog\/2019\/06\/04\/lexpo-est-finie\/","title":{"rendered":"L&rsquo;expo est finie"},"content":{"rendered":"<p style=\"text-align: justify;\"><img loading=\"lazy\" decoding=\"async\" class=\"aligncenter size-large wp-image-4895\" src=\"http:\/\/www.patchwork-perles-broderies.com\/blog\/wp-content\/uploads\/2019\/06\/la-robe-de-chantal-768x1024.jpg\" alt=\"\" width=\"625\" height=\"833\" srcset=\"https:\/\/www.patchwork-perles-broderies.com\/blog\/wp-content\/uploads\/2019\/06\/la-robe-de-chantal-768x1024.jpg 768w, https:\/\/www.patchwork-perles-broderies.com\/blog\/wp-content\/uploads\/2019\/06\/la-robe-de-chantal-225x300.jpg 225w, https:\/\/www.patchwork-perles-broderies.com\/blog\/wp-content\/uploads\/2019\/06\/la-robe-de-chantal-624x832.jpg 624w, https:\/\/www.patchwork-perles-broderies.com\/blog\/wp-content\/uploads\/2019\/06\/la-robe-de-chantal.jpg 1216w\" sizes=\"auto, (max-width: 625px) 100vw, 625px\" \/>L&rsquo;expo s&rsquo;est termin\u00e9e\u00a0 pour la f\u00eate des m\u00e8res. Un public passionn\u00e9 qui est rest\u00e9 des heures \u00e0 tout examiner et \u00e0 poser des\u00a0 questions. Tous ces contacts si sympathiques m&rsquo;ont fait \u00e9norm\u00e9ment de plaisir. Le clou de l&rsquo;exposition n&rsquo;a pas \u00e9t\u00e9 un de mes quilts anciens mais une robe que j&rsquo;avais fait pour ma fille Chantal &#8230;. il y a d\u00e9j\u00e0 plus de 30 ans ce qui fait que si elle n&rsquo;est pas encore antique elle est au moins vintage!<\/p>\n<p style=\"text-align: justify;\">J&rsquo;\u00e9tais rest\u00e9e perplexe lorsqu&rsquo;elle m&rsquo;a demand\u00e9 ce cadeau de No\u00ebl et j&rsquo;ai profit\u00e9 de l&rsquo;occasion pour faire des tas d&rsquo;exp\u00e9riences .<\/p>\n<p style=\"text-align: justify;\">Ma grand m\u00e8re m&rsquo;avait enseign\u00e9 ce qu&rsquo;on appelait alors la \u00ab\u00a0dentelle de Milan\u00a0\u00bb, une dentelle \u00e0 l&rsquo;aiguille\u00a0 faite \u00e0 partir\u00a0 d&rsquo;un lacet b\u00e2ti sur de la toile d&rsquo;architecte ( une toile raide comme celle qui garnissait les vestons) . Le lacet \u00e9tait devenu introuvable et internet ne permettait pas encore de faire\u00a0 des recherches hors de la France. J&rsquo;ai donc d\u00e9cid\u00e9 d&rsquo;utiliser un lacet fin et flexible\u00a0 qui a l&rsquo;avantage d&rsquo;ajouter de la couleur \u00e0 l&rsquo;ensemble.<\/p>\n<p><img loading=\"lazy\" decoding=\"async\" class=\"aligncenter size-large wp-image-4893\" src=\"http:\/\/www.patchwork-perles-broderies.com\/blog\/wp-content\/uploads\/2019\/06\/fleur-en-dentelle--1024x685.jpg\" alt=\"\" width=\"625\" height=\"418\" srcset=\"https:\/\/www.patchwork-perles-broderies.com\/blog\/wp-content\/uploads\/2019\/06\/fleur-en-dentelle--1024x685.jpg 1024w, https:\/\/www.patchwork-perles-broderies.com\/blog\/wp-content\/uploads\/2019\/06\/fleur-en-dentelle--300x201.jpg 300w, https:\/\/www.patchwork-perles-broderies.com\/blog\/wp-content\/uploads\/2019\/06\/fleur-en-dentelle--768x514.jpg 768w, https:\/\/www.patchwork-perles-broderies.com\/blog\/wp-content\/uploads\/2019\/06\/fleur-en-dentelle--624x418.jpg 624w, https:\/\/www.patchwork-perles-broderies.com\/blog\/wp-content\/uploads\/2019\/06\/fleur-en-dentelle-.jpg 1291w\" sizes=\"auto, (max-width: 625px) 100vw, 625px\" \/><\/p>\n<p style=\"text-align: justify;\">J&rsquo;ai continu\u00e9 \u00e0 utiliser le lacet\u00a0 pour cr\u00e9er des formes. Celui-ci est plus rigide mais le relief obtenu est tr\u00e8s int\u00e9ressant. J&rsquo;ai aussi fabriqu\u00e9 de petites fleurs au crochet pour d\u00e9corer les coutures en lieu et place de la broderie.<\/p>\n<p><img loading=\"lazy\" decoding=\"async\" class=\"aligncenter size-large wp-image-4894\" src=\"http:\/\/www.patchwork-perles-broderies.com\/blog\/wp-content\/uploads\/2019\/06\/fleur-passepoil-1024x685.jpg\" alt=\"\" width=\"625\" height=\"418\" srcset=\"https:\/\/www.patchwork-perles-broderies.com\/blog\/wp-content\/uploads\/2019\/06\/fleur-passepoil-1024x685.jpg 1024w, https:\/\/www.patchwork-perles-broderies.com\/blog\/wp-content\/uploads\/2019\/06\/fleur-passepoil-300x201.jpg 300w, https:\/\/www.patchwork-perles-broderies.com\/blog\/wp-content\/uploads\/2019\/06\/fleur-passepoil-768x514.jpg 768w, https:\/\/www.patchwork-perles-broderies.com\/blog\/wp-content\/uploads\/2019\/06\/fleur-passepoil-624x418.jpg 624w, https:\/\/www.patchwork-perles-broderies.com\/blog\/wp-content\/uploads\/2019\/06\/fleur-passepoil.jpg 1291w\" sizes=\"auto, (max-width: 625px) 100vw, 625px\" \/><\/p>\n<p style=\"text-align: justify;\">Et enfin j&rsquo;ai exp\u00e9riment\u00e9 la broderie sur velours. Le velours est difficile \u00e0 broder puisqu&rsquo;on ne peut pas utiliser un dessin qui servirait de rep\u00e8re, j&rsquo;ai donc utilis\u00e9 un canevas dont j&rsquo;ai ensuite enlev\u00e9 les fils.<\/p>\n<p><img loading=\"lazy\" decoding=\"async\" class=\"aligncenter size-large wp-image-4892\" src=\"http:\/\/www.patchwork-perles-broderies.com\/blog\/wp-content\/uploads\/2019\/06\/broderie-sur-velours-685x1024.jpg\" alt=\"\" width=\"625\" height=\"934\" srcset=\"https:\/\/www.patchwork-perles-broderies.com\/blog\/wp-content\/uploads\/2019\/06\/broderie-sur-velours-685x1024.jpg 685w, https:\/\/www.patchwork-perles-broderies.com\/blog\/wp-content\/uploads\/2019\/06\/broderie-sur-velours-201x300.jpg 201w, https:\/\/www.patchwork-perles-broderies.com\/blog\/wp-content\/uploads\/2019\/06\/broderie-sur-velours-768x1148.jpg 768w, https:\/\/www.patchwork-perles-broderies.com\/blog\/wp-content\/uploads\/2019\/06\/broderie-sur-velours-624x932.jpg 624w, https:\/\/www.patchwork-perles-broderies.com\/blog\/wp-content\/uploads\/2019\/06\/broderie-sur-velours.jpg 864w\" sizes=\"auto, (max-width: 625px) 100vw, 625px\" \/><\/p>\n<p style=\"text-align: justify;\">Nos grands m\u00e8res contournaient la difficult\u00e9 en faisant de merveilleuses peintures sur velours. L\u00e0 aussi j&rsquo;ai commenc\u00e9 \u00e0 faire des exp\u00e9riences mais je n&rsquo;ai pas encore eu le temps d&rsquo;approfondir.<\/p>\n<p><img loading=\"lazy\" decoding=\"async\" class=\"aligncenter size-full wp-image-4896\" src=\"http:\/\/www.patchwork-perles-broderies.com\/blog\/wp-content\/uploads\/2019\/06\/peinture-sur-velours.jpg\" alt=\"\" width=\"567\" height=\"435\" srcset=\"https:\/\/www.patchwork-perles-broderies.com\/blog\/wp-content\/uploads\/2019\/06\/peinture-sur-velours.jpg 567w, https:\/\/www.patchwork-perles-broderies.com\/blog\/wp-content\/uploads\/2019\/06\/peinture-sur-velours-300x230.jpg 300w\" sizes=\"auto, (max-width: 567px) 100vw, 567px\" \/><\/p>\n<p style=\"text-align: justify;\">Pendant l&rsquo;exposition sont arriv\u00e9s les tout premiers exemplaires de \u00ab\u00a0Cr\u00e9ez votre Patchwork\u00a0\u00bb un livre que Mireille Boss, alors pr\u00e9sidente de France Patchwork, avais publi\u00e9\u00a0 il y a tr\u00e8s longtemps en noir et blanc et qui \u00e9tait \u00e9puis\u00e9. Je l&rsquo;ai mis en couleurs ce qui a demand\u00e9 des heures et des heures de travail car il fallait refaire tous les dessins et moderniser un peu la pr\u00e9sentation.\u00a0 Le peu d&rsquo;exemplaires que j&rsquo;avais est parti tr\u00e8s vite et j&rsquo;\u00e9tais ravie car c&rsquo;est vraiment un ouvrage sur les techniques de base du patch\u00a0 et j&rsquo;avais peur d&rsquo;en rebuter plus d&rsquo;une.<\/p>\n<p style=\"text-align: justify;\"><img loading=\"lazy\" decoding=\"async\" class=\"aligncenter size-large wp-image-4897\" src=\"http:\/\/www.patchwork-perles-broderies.com\/blog\/wp-content\/uploads\/2019\/06\/cr\u00e9\u00e9e-couv-1-724x1024.jpg\" alt=\"\" width=\"625\" height=\"884\" srcset=\"https:\/\/www.patchwork-perles-broderies.com\/blog\/wp-content\/uploads\/2019\/06\/cr\u00e9\u00e9e-couv-1-724x1024.jpg 724w, https:\/\/www.patchwork-perles-broderies.com\/blog\/wp-content\/uploads\/2019\/06\/cr\u00e9\u00e9e-couv-1-212x300.jpg 212w, https:\/\/www.patchwork-perles-broderies.com\/blog\/wp-content\/uploads\/2019\/06\/cr\u00e9\u00e9e-couv-1-768x1086.jpg 768w, https:\/\/www.patchwork-perles-broderies.com\/blog\/wp-content\/uploads\/2019\/06\/cr\u00e9\u00e9e-couv-1-624x882.jpg 624w, https:\/\/www.patchwork-perles-broderies.com\/blog\/wp-content\/uploads\/2019\/06\/cr\u00e9\u00e9e-couv-1.jpg 827w\" sizes=\"auto, (max-width: 625px) 100vw, 625px\" \/><\/p>\n","protected":false},"excerpt":{"rendered":"<p>L&rsquo;expo s&rsquo;est termin\u00e9e\u00a0 pour la f\u00eate des m\u00e8res. Un public passionn\u00e9 qui est rest\u00e9 des heures \u00e0 tout examiner et \u00e0 poser des\u00a0 questions. Tous ces contacts si sympathiques m&rsquo;ont fait \u00e9norm\u00e9ment de plaisir. Le clou de l&rsquo;exposition n&rsquo;a pas \u00e9t\u00e9 un de mes quilts anciens mais une robe que j&rsquo;avais fait pour ma fille [&hellip;]<\/p>\n","protected":false},"author":1,"featured_media":0,"comment_status":"open","ping_status":"open","sticky":false,"template":"","format":"standard","meta":{"footnotes":""},"categories":[7,226,1],"tags":[],"class_list":["post-4890","post","type-post","status-publish","format-standard","hentry","category-crazy","category-expositions","category-non-classe"],"aioseo_notices":[],"aioseo_head":"\n\t\t<!-- All in One SEO 5.0.1.1 - aioseo.com -->\n\t<meta name=\"description\" content=\"L&#039;expo s&#039;est termin\u00e9e pour la f\u00eate des m\u00e8res. Un public passionn\u00e9 qui est rest\u00e9 des heures \u00e0 tout examiner et \u00e0 poser des questions. Tous ces contacts si sympathiques m&#039;ont fait \u00e9norm\u00e9ment de plaisir. Le clou de l&#039;exposition n&#039;a pas \u00e9t\u00e9 un de mes quilts anciens mais une robe que j&#039;avais fait pour ma fille\" \/>\n\t<meta name=\"robots\" content=\"max-image-preview:large\" \/>\n\t<meta name=\"author\" content=\"admin\"\/>\n\t<link rel=\"canonical\" href=\"https:\/\/www.patchwork-perles-broderies.com\/blog\/2019\/06\/04\/lexpo-est-finie\/\" \/>\n\t<meta name=\"generator\" content=\"All in One SEO (AIOSEO) 5.0.1.1\" \/>\n\t\t<meta property=\"og:locale\" content=\"fr_FR\" \/>\n\t\t<meta property=\"og:site_name\" content=\"Patchwork Perles et Broderies - Le Blog |  La Passion du Patch Orn\u00e9 ( Website : patchwork-perles-broderies.com )\" \/>\n\t\t<meta property=\"og:type\" content=\"article\" \/>\n\t\t<meta property=\"og:title\" content=\"L\u2019expo est finie | Patchwork Perles et Broderies - Le Blog\" \/>\n\t\t<meta property=\"og:description\" content=\"L&#039;expo s&#039;est termin\u00e9e pour la f\u00eate des m\u00e8res. Un public passionn\u00e9 qui est rest\u00e9 des heures \u00e0 tout examiner et \u00e0 poser des questions. Tous ces contacts si sympathiques m&#039;ont fait \u00e9norm\u00e9ment de plaisir. Le clou de l&#039;exposition n&#039;a pas \u00e9t\u00e9 un de mes quilts anciens mais une robe que j&#039;avais fait pour ma fille\" \/>\n\t\t<meta property=\"og:url\" content=\"https:\/\/www.patchwork-perles-broderies.com\/blog\/2019\/06\/04\/lexpo-est-finie\/\" \/>\n\t\t<meta property=\"article:published_time\" content=\"2019-06-04T09:09:37+00:00\" \/>\n\t\t<meta property=\"article:modified_time\" content=\"2019-06-04T09:12:20+00:00\" \/>\n\t\t<meta name=\"twitter:card\" content=\"summary\" \/>\n\t\t<meta name=\"twitter:title\" content=\"L\u2019expo est finie | Patchwork Perles et Broderies - Le Blog\" \/>\n\t\t<meta name=\"twitter:description\" content=\"L&#039;expo s&#039;est termin\u00e9e pour la f\u00eate des m\u00e8res. Un public passionn\u00e9 qui est rest\u00e9 des heures \u00e0 tout examiner et \u00e0 poser des questions. Tous ces contacts si sympathiques m&#039;ont fait \u00e9norm\u00e9ment de plaisir. Le clou de l&#039;exposition n&#039;a pas \u00e9t\u00e9 un de mes quilts anciens mais une robe que j&#039;avais fait pour ma fille\" \/>\n\t\t<script type=\"application\/ld+json\" class=\"aioseo-schema\">\n\t\t\t{\"@context\":\"https:\\\/\\\/schema.org\",\"@graph\":[{\"@type\":\"Article\",\"@id\":\"https:\\\/\\\/www.patchwork-perles-broderies.com\\\/blog\\\/2019\\\/06\\\/04\\\/lexpo-est-finie\\\/#article\",\"name\":\"L\\u2019expo est finie | Patchwork Perles et Broderies - Le Blog\",\"headline\":\"L&rsquo;expo est finie\",\"author\":{\"@id\":\"https:\\\/\\\/www.patchwork-perles-broderies.com\\\/blog\\\/author\\\/admin\\\/#author\"},\"publisher\":{\"@id\":\"https:\\\/\\\/www.patchwork-perles-broderies.com\\\/blog\\\/#person\"},\"image\":{\"@type\":\"ImageObject\",\"url\":\"http:\\\/\\\/www.patchwork-perles-broderies.com\\\/blog\\\/wp-content\\\/uploads\\\/2019\\\/06\\\/la-robe-de-chantal-768x1024.jpg\",\"@id\":\"https:\\\/\\\/www.patchwork-perles-broderies.com\\\/blog\\\/2019\\\/06\\\/04\\\/lexpo-est-finie\\\/#articleImage\"},\"datePublished\":\"2019-06-04T10:09:37+01:00\",\"dateModified\":\"2019-06-04T10:12:20+01:00\",\"inLanguage\":\"fr-FR\",\"mainEntityOfPage\":{\"@id\":\"https:\\\/\\\/www.patchwork-perles-broderies.com\\\/blog\\\/2019\\\/06\\\/04\\\/lexpo-est-finie\\\/#webpage\"},\"isPartOf\":{\"@id\":\"https:\\\/\\\/www.patchwork-perles-broderies.com\\\/blog\\\/2019\\\/06\\\/04\\\/lexpo-est-finie\\\/#webpage\"},\"articleSection\":\"Crazy, Expositions, Non class\\u00e9\"},{\"@type\":\"BreadcrumbList\",\"@id\":\"https:\\\/\\\/www.patchwork-perles-broderies.com\\\/blog\\\/2019\\\/06\\\/04\\\/lexpo-est-finie\\\/#breadcrumblist\",\"itemListElement\":[{\"@type\":\"ListItem\",\"@id\":\"https:\\\/\\\/www.patchwork-perles-broderies.com\\\/blog#listItem\",\"position\":1,\"name\":\"Accueil\",\"item\":\"https:\\\/\\\/www.patchwork-perles-broderies.com\\\/blog\",\"nextItem\":{\"@type\":\"ListItem\",\"@id\":\"https:\\\/\\\/www.patchwork-perles-broderies.com\\\/blog\\\/category\\\/non-classe\\\/#listItem\",\"name\":\"Non class\\u00e9\"}},{\"@type\":\"ListItem\",\"@id\":\"https:\\\/\\\/www.patchwork-perles-broderies.com\\\/blog\\\/category\\\/non-classe\\\/#listItem\",\"position\":2,\"name\":\"Non class\\u00e9\",\"item\":\"https:\\\/\\\/www.patchwork-perles-broderies.com\\\/blog\\\/category\\\/non-classe\\\/\",\"nextItem\":{\"@type\":\"ListItem\",\"@id\":\"https:\\\/\\\/www.patchwork-perles-broderies.com\\\/blog\\\/2019\\\/06\\\/04\\\/lexpo-est-finie\\\/#listItem\",\"name\":\"L&rsquo;expo est finie\"},\"previousItem\":{\"@type\":\"ListItem\",\"@id\":\"https:\\\/\\\/www.patchwork-perles-broderies.com\\\/blog#listItem\",\"name\":\"Accueil\"}},{\"@type\":\"ListItem\",\"@id\":\"https:\\\/\\\/www.patchwork-perles-broderies.com\\\/blog\\\/2019\\\/06\\\/04\\\/lexpo-est-finie\\\/#listItem\",\"position\":3,\"name\":\"L&rsquo;expo est finie\",\"previousItem\":{\"@type\":\"ListItem\",\"@id\":\"https:\\\/\\\/www.patchwork-perles-broderies.com\\\/blog\\\/category\\\/non-classe\\\/#listItem\",\"name\":\"Non class\\u00e9\"}}]},{\"@type\":\"Person\",\"@id\":\"https:\\\/\\\/www.patchwork-perles-broderies.com\\\/blog\\\/#person\",\"name\":\"admin\",\"image\":{\"@type\":\"ImageObject\",\"@id\":\"https:\\\/\\\/www.patchwork-perles-broderies.com\\\/blog\\\/2019\\\/06\\\/04\\\/lexpo-est-finie\\\/#personImage\",\"url\":\"https:\\\/\\\/secure.gravatar.com\\\/avatar\\\/f8283cc8f0bd73ad8d4a00aade7fefd9b739f96e8a9e5f8fa202319c0962314e?s=96&d=identicon&r=g\",\"width\":96,\"height\":96,\"caption\":\"admin\"}},{\"@type\":\"Person\",\"@id\":\"https:\\\/\\\/www.patchwork-perles-broderies.com\\\/blog\\\/author\\\/admin\\\/#author\",\"url\":\"https:\\\/\\\/www.patchwork-perles-broderies.com\\\/blog\\\/author\\\/admin\\\/\",\"name\":\"admin\",\"image\":{\"@type\":\"ImageObject\",\"@id\":\"https:\\\/\\\/www.patchwork-perles-broderies.com\\\/blog\\\/2019\\\/06\\\/04\\\/lexpo-est-finie\\\/#authorImage\",\"url\":\"https:\\\/\\\/secure.gravatar.com\\\/avatar\\\/f8283cc8f0bd73ad8d4a00aade7fefd9b739f96e8a9e5f8fa202319c0962314e?s=96&d=identicon&r=g\",\"width\":96,\"height\":96,\"caption\":\"admin\"}},{\"@type\":\"WebPage\",\"@id\":\"https:\\\/\\\/www.patchwork-perles-broderies.com\\\/blog\\\/2019\\\/06\\\/04\\\/lexpo-est-finie\\\/#webpage\",\"url\":\"https:\\\/\\\/www.patchwork-perles-broderies.com\\\/blog\\\/2019\\\/06\\\/04\\\/lexpo-est-finie\\\/\",\"name\":\"L\\u2019expo est finie | Patchwork Perles et Broderies - Le Blog\",\"description\":\"L'expo s'est termin\\u00e9e pour la f\\u00eate des m\\u00e8res. Un public passionn\\u00e9 qui est rest\\u00e9 des heures \\u00e0 tout examiner et \\u00e0 poser des questions. Tous ces contacts si sympathiques m'ont fait \\u00e9norm\\u00e9ment de plaisir. Le clou de l'exposition n'a pas \\u00e9t\\u00e9 un de mes quilts anciens mais une robe que j'avais fait pour ma fille\",\"inLanguage\":\"fr-FR\",\"isPartOf\":{\"@id\":\"https:\\\/\\\/www.patchwork-perles-broderies.com\\\/blog\\\/#website\"},\"breadcrumb\":{\"@id\":\"https:\\\/\\\/www.patchwork-perles-broderies.com\\\/blog\\\/2019\\\/06\\\/04\\\/lexpo-est-finie\\\/#breadcrumblist\"},\"author\":{\"@id\":\"https:\\\/\\\/www.patchwork-perles-broderies.com\\\/blog\\\/author\\\/admin\\\/#author\"},\"creator\":{\"@id\":\"https:\\\/\\\/www.patchwork-perles-broderies.com\\\/blog\\\/author\\\/admin\\\/#author\"},\"datePublished\":\"2019-06-04T10:09:37+01:00\",\"dateModified\":\"2019-06-04T10:12:20+01:00\"},{\"@type\":\"WebSite\",\"@id\":\"https:\\\/\\\/www.patchwork-perles-broderies.com\\\/blog\\\/#website\",\"url\":\"https:\\\/\\\/www.patchwork-perles-broderies.com\\\/blog\\\/\",\"name\":\"Patchwork Perles et Broderies\",\"description\":\"La Passion du Patch Orn\\u00e9 ( Website : patchwork-perles-broderies.com )\",\"inLanguage\":\"fr-FR\",\"publisher\":{\"@id\":\"https:\\\/\\\/www.patchwork-perles-broderies.com\\\/blog\\\/#person\"}}]}\n\t\t<\/script>\n\t\t<!-- All in One SEO -->\n\n","aioseo_head_json":{"title":"L\u2019expo est finie | Patchwork Perles et Broderies - Le Blog","description":"L'expo s'est termin\u00e9e pour la f\u00eate des m\u00e8res. Un public passionn\u00e9 qui est rest\u00e9 des heures \u00e0 tout examiner et \u00e0 poser des questions. Tous ces contacts si sympathiques m'ont fait \u00e9norm\u00e9ment de plaisir. Le clou de l'exposition n'a pas \u00e9t\u00e9 un de mes quilts anciens mais une robe que j'avais fait pour ma fille","canonical_url":"https:\/\/www.patchwork-perles-broderies.com\/blog\/2019\/06\/04\/lexpo-est-finie\/","robots":"max-image-preview:large","keywords":"","webmasterTools":{"miscellaneous":""},"schema":{"@context":"https:\/\/schema.org","@graph":[{"@type":"Article","@id":"https:\/\/www.patchwork-perles-broderies.com\/blog\/2019\/06\/04\/lexpo-est-finie\/#article","name":"L\u2019expo est finie | Patchwork Perles et Broderies - Le Blog","headline":"L&rsquo;expo est finie","author":{"@id":"https:\/\/www.patchwork-perles-broderies.com\/blog\/author\/admin\/#author"},"publisher":{"@id":"https:\/\/www.patchwork-perles-broderies.com\/blog\/#person"},"image":{"@type":"ImageObject","url":"http:\/\/www.patchwork-perles-broderies.com\/blog\/wp-content\/uploads\/2019\/06\/la-robe-de-chantal-768x1024.jpg","@id":"https:\/\/www.patchwork-perles-broderies.com\/blog\/2019\/06\/04\/lexpo-est-finie\/#articleImage"},"datePublished":"2019-06-04T10:09:37+01:00","dateModified":"2019-06-04T10:12:20+01:00","inLanguage":"fr-FR","mainEntityOfPage":{"@id":"https:\/\/www.patchwork-perles-broderies.com\/blog\/2019\/06\/04\/lexpo-est-finie\/#webpage"},"isPartOf":{"@id":"https:\/\/www.patchwork-perles-broderies.com\/blog\/2019\/06\/04\/lexpo-est-finie\/#webpage"},"articleSection":"Crazy, Expositions, Non class\u00e9"},{"@type":"BreadcrumbList","@id":"https:\/\/www.patchwork-perles-broderies.com\/blog\/2019\/06\/04\/lexpo-est-finie\/#breadcrumblist","itemListElement":[{"@type":"ListItem","@id":"https:\/\/www.patchwork-perles-broderies.com\/blog#listItem","position":1,"name":"Accueil","item":"https:\/\/www.patchwork-perles-broderies.com\/blog","nextItem":{"@type":"ListItem","@id":"https:\/\/www.patchwork-perles-broderies.com\/blog\/category\/non-classe\/#listItem","name":"Non class\u00e9"}},{"@type":"ListItem","@id":"https:\/\/www.patchwork-perles-broderies.com\/blog\/category\/non-classe\/#listItem","position":2,"name":"Non class\u00e9","item":"https:\/\/www.patchwork-perles-broderies.com\/blog\/category\/non-classe\/","nextItem":{"@type":"ListItem","@id":"https:\/\/www.patchwork-perles-broderies.com\/blog\/2019\/06\/04\/lexpo-est-finie\/#listItem","name":"L&rsquo;expo est finie"},"previousItem":{"@type":"ListItem","@id":"https:\/\/www.patchwork-perles-broderies.com\/blog#listItem","name":"Accueil"}},{"@type":"ListItem","@id":"https:\/\/www.patchwork-perles-broderies.com\/blog\/2019\/06\/04\/lexpo-est-finie\/#listItem","position":3,"name":"L&rsquo;expo est finie","previousItem":{"@type":"ListItem","@id":"https:\/\/www.patchwork-perles-broderies.com\/blog\/category\/non-classe\/#listItem","name":"Non class\u00e9"}}]},{"@type":"Person","@id":"https:\/\/www.patchwork-perles-broderies.com\/blog\/#person","name":"admin","image":{"@type":"ImageObject","@id":"https:\/\/www.patchwork-perles-broderies.com\/blog\/2019\/06\/04\/lexpo-est-finie\/#personImage","url":"https:\/\/secure.gravatar.com\/avatar\/f8283cc8f0bd73ad8d4a00aade7fefd9b739f96e8a9e5f8fa202319c0962314e?s=96&d=identicon&r=g","width":96,"height":96,"caption":"admin"}},{"@type":"Person","@id":"https:\/\/www.patchwork-perles-broderies.com\/blog\/author\/admin\/#author","url":"https:\/\/www.patchwork-perles-broderies.com\/blog\/author\/admin\/","name":"admin","image":{"@type":"ImageObject","@id":"https:\/\/www.patchwork-perles-broderies.com\/blog\/2019\/06\/04\/lexpo-est-finie\/#authorImage","url":"https:\/\/secure.gravatar.com\/avatar\/f8283cc8f0bd73ad8d4a00aade7fefd9b739f96e8a9e5f8fa202319c0962314e?s=96&d=identicon&r=g","width":96,"height":96,"caption":"admin"}},{"@type":"WebPage","@id":"https:\/\/www.patchwork-perles-broderies.com\/blog\/2019\/06\/04\/lexpo-est-finie\/#webpage","url":"https:\/\/www.patchwork-perles-broderies.com\/blog\/2019\/06\/04\/lexpo-est-finie\/","name":"L\u2019expo est finie | Patchwork Perles et Broderies - Le Blog","description":"L'expo s'est termin\u00e9e pour la f\u00eate des m\u00e8res. Un public passionn\u00e9 qui est rest\u00e9 des heures \u00e0 tout examiner et \u00e0 poser des questions. Tous ces contacts si sympathiques m'ont fait \u00e9norm\u00e9ment de plaisir. Le clou de l'exposition n'a pas \u00e9t\u00e9 un de mes quilts anciens mais une robe que j'avais fait pour ma fille","inLanguage":"fr-FR","isPartOf":{"@id":"https:\/\/www.patchwork-perles-broderies.com\/blog\/#website"},"breadcrumb":{"@id":"https:\/\/www.patchwork-perles-broderies.com\/blog\/2019\/06\/04\/lexpo-est-finie\/#breadcrumblist"},"author":{"@id":"https:\/\/www.patchwork-perles-broderies.com\/blog\/author\/admin\/#author"},"creator":{"@id":"https:\/\/www.patchwork-perles-broderies.com\/blog\/author\/admin\/#author"},"datePublished":"2019-06-04T10:09:37+01:00","dateModified":"2019-06-04T10:12:20+01:00"},{"@type":"WebSite","@id":"https:\/\/www.patchwork-perles-broderies.com\/blog\/#website","url":"https:\/\/www.patchwork-perles-broderies.com\/blog\/","name":"Patchwork Perles et Broderies","description":"La Passion du Patch Orn\u00e9 ( Website : patchwork-perles-broderies.com )","inLanguage":"fr-FR","publisher":{"@id":"https:\/\/www.patchwork-perles-broderies.com\/blog\/#person"}}]},"og:locale":"fr_FR","og:site_name":"Patchwork Perles et Broderies - Le Blog |  La Passion du Patch Orn\u00e9 ( Website : patchwork-perles-broderies.com )","og:type":"article","og:title":"L\u2019expo est finie | Patchwork Perles et Broderies - Le Blog","og:description":"L'expo s'est termin\u00e9e pour la f\u00eate des m\u00e8res. Un public passionn\u00e9 qui est rest\u00e9 des heures \u00e0 tout examiner et \u00e0 poser des questions. Tous ces contacts si sympathiques m'ont fait \u00e9norm\u00e9ment de plaisir. Le clou de l'exposition n'a pas \u00e9t\u00e9 un de mes quilts anciens mais une robe que j'avais fait pour ma fille","og:url":"https:\/\/www.patchwork-perles-broderies.com\/blog\/2019\/06\/04\/lexpo-est-finie\/","article:published_time":"2019-06-04T09:09:37+00:00","article:modified_time":"2019-06-04T09:12:20+00:00","twitter:card":"summary","twitter:title":"L\u2019expo est finie | Patchwork Perles et Broderies - Le Blog","twitter:description":"L'expo s'est termin\u00e9e pour la f\u00eate des m\u00e8res. Un public passionn\u00e9 qui est rest\u00e9 des heures \u00e0 tout examiner et \u00e0 poser des questions. Tous ces contacts si sympathiques m'ont fait \u00e9norm\u00e9ment de plaisir. Le clou de l'exposition n'a pas \u00e9t\u00e9 un de mes quilts anciens mais une robe que j'avais fait pour ma fille"},"aioseo_meta_data":{"post_id":"4890","title":null,"description":null,"keywords":null,"keyphrases":null,"primary_term":null,"canonical_url":null,"og_title":null,"og_description":null,"og_object_type":"default","og_image_type":"default","og_image_url":null,"og_image_width":null,"og_image_height":null,"og_image_custom_url":null,"og_image_custom_fields":null,"og_video":null,"og_custom_url":null,"og_article_section":null,"og_article_tags":null,"twitter_use_og":false,"twitter_card":"default","twitter_image_type":"default","twitter_image_url":null,"twitter_image_custom_url":null,"twitter_image_custom_fields":null,"twitter_title":null,"twitter_description":null,"schema":{"blockGraphs":[],"customGraphs":[],"default":{"data":{"Article":[],"Course":[],"Dataset":[],"FAQPage":[],"Movie":[],"Person":[],"Product":[],"ProductReview":[],"Car":[],"Recipe":[],"Service":[],"SoftwareApplication":[],"WebPage":[]},"graphName":"","isEnabled":true},"graphs":[],"defaultGraph":"","defaultPostTypeGraph":""},"schema_type":null,"schema_type_options":null,"pillar_content":false,"robots_default":true,"robots_noindex":false,"robots_noarchive":false,"robots_nosnippet":false,"robots_nofollow":false,"robots_noimageindex":false,"robots_noodp":false,"robots_notranslate":false,"robots_max_snippet":null,"robots_max_videopreview":null,"robots_max_imagepreview":"large","priority":null,"frequency":null,"location":null,"local_seo":null,"breadcrumb_settings":null,"limit_modified_date":false,"ai":null,"created":"2021-01-22 11:16:50","updated":"2025-06-28 22:25:38","focus_keyword":null,"additional_keywords":null,"truseo_locale":null,"seo_analyzer_scan_date":null},"aioseo_breadcrumb":"<div class=\"aioseo-breadcrumbs\"><span class=\"aioseo-breadcrumb\">\n\t\t\t<a href=\"https:\/\/www.patchwork-perles-broderies.com\/blog\" title=\"Accueil\">Accueil<\/a>\n\t\t<\/span><span class=\"aioseo-breadcrumb-separator\">&raquo;<\/span><span class=\"aioseo-breadcrumb\">\n\t\t\t<a href=\"https:\/\/www.patchwork-perles-broderies.com\/blog\/category\/non-classe\/\" title=\"Non class\u00e9\">Non class\u00e9<\/a>\n\t\t<\/span><span class=\"aioseo-breadcrumb-separator\">&raquo;<\/span><span class=\"aioseo-breadcrumb\">\n\t\t\tL\u2019expo est finie\n\t\t<\/span><\/div>","aioseo_breadcrumb_json":[{"label":"Accueil","link":"https:\/\/www.patchwork-perles-broderies.com\/blog"},{"label":"Non class\u00e9","link":"https:\/\/www.patchwork-perles-broderies.com\/blog\/category\/non-classe\/"},{"label":"L&rsquo;expo est finie","link":"https:\/\/www.patchwork-perles-broderies.com\/blog\/2019\/06\/04\/lexpo-est-finie\/"}],"_links":{"self":[{"href":"https:\/\/www.patchwork-perles-broderies.com\/blog\/wp-json\/wp\/v2\/posts\/4890","targetHints":{"allow":["GET"]}}],"collection":[{"href":"https:\/\/www.patchwork-perles-broderies.com\/blog\/wp-json\/wp\/v2\/posts"}],"about":[{"href":"https:\/\/www.patchwork-perles-broderies.com\/blog\/wp-json\/wp\/v2\/types\/post"}],"author":[{"embeddable":true,"href":"https:\/\/www.patchwork-perles-broderies.com\/blog\/wp-json\/wp\/v2\/users\/1"}],"replies":[{"embeddable":true,"href":"https:\/\/www.patchwork-perles-broderies.com\/blog\/wp-json\/wp\/v2\/comments?post=4890"}],"version-history":[{"count":4,"href":"https:\/\/www.patchwork-perles-broderies.com\/blog\/wp-json\/wp\/v2\/posts\/4890\/revisions"}],"predecessor-version":[{"id":4900,"href":"https:\/\/www.patchwork-perles-broderies.com\/blog\/wp-json\/wp\/v2\/posts\/4890\/revisions\/4900"}],"wp:attachment":[{"href":"https:\/\/www.patchwork-perles-broderies.com\/blog\/wp-json\/wp\/v2\/media?parent=4890"}],"wp:term":[{"taxonomy":"category","embeddable":true,"href":"https:\/\/www.patchwork-perles-broderies.com\/blog\/wp-json\/wp\/v2\/categories?post=4890"},{"taxonomy":"post_tag","embeddable":true,"href":"https:\/\/www.patchwork-perles-broderies.com\/blog\/wp-json\/wp\/v2\/tags?post=4890"}],"curies":[{"name":"wp","href":"https:\/\/api.w.org\/{rel}","templated":true}]}}