{"id":5082,"date":"2019-09-29T09:53:34","date_gmt":"2019-09-29T08:53:34","guid":{"rendered":"http:\/\/www.patchwork-perles-broderies.com\/blog\/?p=5082"},"modified":"2019-09-29T09:53:34","modified_gmt":"2019-09-29T08:53:34","slug":"les-30-ans-du-club-de-balma","status":"publish","type":"post","link":"https:\/\/www.patchwork-perles-broderies.com\/blog\/2019\/09\/29\/les-30-ans-du-club-de-balma\/","title":{"rendered":"Les 30 ans du club de  Balma"},"content":{"rendered":"<p style=\"text-align: justify;\">Je suis all\u00e9e hier matin visiter l&rsquo;exposition que le club de Balma avait organis\u00e9 pour f\u00eater les 30 ans du club. Une salle immense et superbe dans laquelle les nombreux quilts \u00e9taient \u00e0 l&rsquo;aise. Un\u00a0 accrochage savant permettait d&rsquo;admirer chaque patch \u00a0\u00bb de pr\u00e8s et de loin\u00a0\u00bb\u00a0 ce qui est bien agr\u00e9able. Un seul b\u00e9mol \u00e0 mon sens: cette salle aux murs sombres ne b\u00e9n\u00e9ficie que d&rsquo;un \u00e9clairage artificiel. Dommage. J&rsquo;aurais aim\u00e9 voit tout cela inond\u00e9 de lumi\u00e8re naturelle .<\/p>\n<p style=\"text-align: justify;\">D\u00e9s l&rsquo;entr\u00e9e 2 grandes pancartes racontaient l&rsquo;histoire de ce club qui est un des plus anciens de Toulouse.\u00a0 <img loading=\"lazy\" decoding=\"async\" class=\"aligncenter size-full wp-image-5083\" src=\"http:\/\/www.patchwork-perles-broderies.com\/blog\/wp-content\/uploads\/2019\/09\/P1010958x.jpg\" alt=\"\" width=\"787\" height=\"1050\" srcset=\"https:\/\/www.patchwork-perles-broderies.com\/blog\/wp-content\/uploads\/2019\/09\/P1010958x.jpg 787w, https:\/\/www.patchwork-perles-broderies.com\/blog\/wp-content\/uploads\/2019\/09\/P1010958x-225x300.jpg 225w, https:\/\/www.patchwork-perles-broderies.com\/blog\/wp-content\/uploads\/2019\/09\/P1010958x-768x1024.jpg 768w, https:\/\/www.patchwork-perles-broderies.com\/blog\/wp-content\/uploads\/2019\/09\/P1010958x-624x833.jpg 624w\" sizes=\"auto, (max-width: 787px) 100vw, 787px\" \/><\/p>\n<p><span style=\"font-size: 1rem;\">entour\u00e9 de quelques quilts datant des d\u00e9buts du club.<\/span><\/p>\n<p><span style=\"font-size: 1rem;\"><img loading=\"lazy\" decoding=\"async\" class=\"aligncenter size-large wp-image-5086\" src=\"http:\/\/www.patchwork-perles-broderies.com\/blog\/wp-content\/uploads\/2019\/09\/P1010961x-768x1024.jpg\" alt=\"\" width=\"625\" height=\"833\" srcset=\"https:\/\/www.patchwork-perles-broderies.com\/blog\/wp-content\/uploads\/2019\/09\/P1010961x-768x1024.jpg 768w, https:\/\/www.patchwork-perles-broderies.com\/blog\/wp-content\/uploads\/2019\/09\/P1010961x-225x300.jpg 225w, https:\/\/www.patchwork-perles-broderies.com\/blog\/wp-content\/uploads\/2019\/09\/P1010961x-624x832.jpg 624w, https:\/\/www.patchwork-perles-broderies.com\/blog\/wp-content\/uploads\/2019\/09\/P1010961x.jpg 1216w\" sizes=\"auto, (max-width: 625px) 100vw, 625px\" \/>Comme d&rsquo;habitude j&rsquo;ai photographi\u00e9 au hasard de ma marche. J&rsquo;ai n\u00e9glig\u00e9 certaines pi\u00e8ces car la lumi\u00e8re des spots \u00ab\u00a0br\u00fblait\u00a0\u00bb les couleurs. Mais <\/span>a visite r\u00e9servait de tr\u00e8s jolies surprises.<span style=\"font-size: 1rem;\">\u00a0<\/span><\/p>\n<p>de d\u00e9licates broderies<\/p>\n<p><img loading=\"lazy\" decoding=\"async\" class=\"aligncenter size-large wp-image-5087\" src=\"http:\/\/www.patchwork-perles-broderies.com\/blog\/wp-content\/uploads\/2019\/09\/P1010962x-1024x768.jpg\" alt=\"\" width=\"625\" height=\"469\" srcset=\"https:\/\/www.patchwork-perles-broderies.com\/blog\/wp-content\/uploads\/2019\/09\/P1010962x-1024x768.jpg 1024w, https:\/\/www.patchwork-perles-broderies.com\/blog\/wp-content\/uploads\/2019\/09\/P1010962x-300x225.jpg 300w, https:\/\/www.patchwork-perles-broderies.com\/blog\/wp-content\/uploads\/2019\/09\/P1010962x-768x576.jpg 768w, https:\/\/www.patchwork-perles-broderies.com\/blog\/wp-content\/uploads\/2019\/09\/P1010962x-624x468.jpg 624w, https:\/\/www.patchwork-perles-broderies.com\/blog\/wp-content\/uploads\/2019\/09\/P1010962x.jpg 1050w\" sizes=\"auto, (max-width: 625px) 100vw, 625px\" \/><\/p>\n<p>&nbsp;<\/p>\n<p>des sashikos . j&rsquo;ai \u00e9t\u00e9 heureuse de voir 2 jolies pi\u00e8ces consacr\u00e9es \u00e0 cet art japonais trop souvent n\u00e9glig\u00e9.<\/p>\n<table style=\"border-collapse: collapse; width: 100%;\">\n<tbody>\n<tr>\n<td style=\"width: 50%;\"><img loading=\"lazy\" decoding=\"async\" class=\"alignleft size-medium wp-image-5089\" src=\"http:\/\/www.patchwork-perles-broderies.com\/blog\/wp-content\/uploads\/2019\/09\/sachiko1x-250x300.jpg\" alt=\"\" width=\"250\" height=\"300\" srcset=\"https:\/\/www.patchwork-perles-broderies.com\/blog\/wp-content\/uploads\/2019\/09\/sachiko1x-250x300.jpg 250w, https:\/\/www.patchwork-perles-broderies.com\/blog\/wp-content\/uploads\/2019\/09\/sachiko1x-768x920.jpg 768w, https:\/\/www.patchwork-perles-broderies.com\/blog\/wp-content\/uploads\/2019\/09\/sachiko1x-624x748.jpg 624w, https:\/\/www.patchwork-perles-broderies.com\/blog\/wp-content\/uploads\/2019\/09\/sachiko1x.jpg 787w\" sizes=\"auto, (max-width: 250px) 100vw, 250px\" \/><\/td>\n<td style=\"width: 50%;\"><img loading=\"lazy\" decoding=\"async\" class=\"alignright size-medium wp-image-5090\" src=\"http:\/\/www.patchwork-perles-broderies.com\/blog\/wp-content\/uploads\/2019\/09\/sachikox-205x300.jpg\" alt=\"\" width=\"205\" height=\"300\" srcset=\"https:\/\/www.patchwork-perles-broderies.com\/blog\/wp-content\/uploads\/2019\/09\/sachikox-205x300.jpg 205w, https:\/\/www.patchwork-perles-broderies.com\/blog\/wp-content\/uploads\/2019\/09\/sachikox-768x1126.jpg 768w, https:\/\/www.patchwork-perles-broderies.com\/blog\/wp-content\/uploads\/2019\/09\/sachikox-698x1024.jpg 698w, https:\/\/www.patchwork-perles-broderies.com\/blog\/wp-content\/uploads\/2019\/09\/sachikox-624x915.jpg 624w, https:\/\/www.patchwork-perles-broderies.com\/blog\/wp-content\/uploads\/2019\/09\/sachikox.jpg 787w\" sizes=\"auto, (max-width: 205px) 100vw, 205px\" \/><\/td>\n<\/tr>\n<\/tbody>\n<\/table>\n<p>Des oeuvres na\u00efves parfois tr\u00e8s \u00e9labor\u00e9es<\/p>\n<p><img loading=\"lazy\" decoding=\"async\" class=\"aligncenter size-large wp-image-5092\" src=\"http:\/\/www.patchwork-perles-broderies.com\/blog\/wp-content\/uploads\/2019\/09\/P1010966x-1024x994.jpg\" alt=\"\" width=\"625\" height=\"607\" srcset=\"https:\/\/www.patchwork-perles-broderies.com\/blog\/wp-content\/uploads\/2019\/09\/P1010966x-1024x994.jpg 1024w, https:\/\/www.patchwork-perles-broderies.com\/blog\/wp-content\/uploads\/2019\/09\/P1010966x-300x291.jpg 300w, https:\/\/www.patchwork-perles-broderies.com\/blog\/wp-content\/uploads\/2019\/09\/P1010966x-768x746.jpg 768w, https:\/\/www.patchwork-perles-broderies.com\/blog\/wp-content\/uploads\/2019\/09\/P1010966x-624x606.jpg 624w, https:\/\/www.patchwork-perles-broderies.com\/blog\/wp-content\/uploads\/2019\/09\/P1010966x.jpg 1244w\" sizes=\"auto, (max-width: 625px) 100vw, 625px\" \/> <img loading=\"lazy\" decoding=\"async\" class=\"aligncenter size-full wp-image-5093\" src=\"http:\/\/www.patchwork-perles-broderies.com\/blog\/wp-content\/uploads\/2019\/09\/P1010974x.jpg\" alt=\"\" width=\"787\" height=\"694\" srcset=\"https:\/\/www.patchwork-perles-broderies.com\/blog\/wp-content\/uploads\/2019\/09\/P1010974x.jpg 787w, https:\/\/www.patchwork-perles-broderies.com\/blog\/wp-content\/uploads\/2019\/09\/P1010974x-300x265.jpg 300w, https:\/\/www.patchwork-perles-broderies.com\/blog\/wp-content\/uploads\/2019\/09\/P1010974x-768x677.jpg 768w, https:\/\/www.patchwork-perles-broderies.com\/blog\/wp-content\/uploads\/2019\/09\/P1010974x-624x550.jpg 624w\" sizes=\"auto, (max-width: 787px) 100vw, 787px\" \/><\/p>\n<p><img loading=\"lazy\" decoding=\"async\" class=\"aligncenter size-full wp-image-5102\" src=\"http:\/\/www.patchwork-perles-broderies.com\/blog\/wp-content\/uploads\/2019\/09\/Noel.jpg\" alt=\"\" width=\"837\" height=\"787\" srcset=\"https:\/\/www.patchwork-perles-broderies.com\/blog\/wp-content\/uploads\/2019\/09\/Noel.jpg 837w, https:\/\/www.patchwork-perles-broderies.com\/blog\/wp-content\/uploads\/2019\/09\/Noel-300x282.jpg 300w, https:\/\/www.patchwork-perles-broderies.com\/blog\/wp-content\/uploads\/2019\/09\/Noel-768x722.jpg 768w, https:\/\/www.patchwork-perles-broderies.com\/blog\/wp-content\/uploads\/2019\/09\/Noel-624x587.jpg 624w\" sizes=\"auto, (max-width: 837px) 100vw, 837px\" \/><\/p>\n<p>des cr\u00e9ations originales<\/p>\n<p><img loading=\"lazy\" decoding=\"async\" class=\"aligncenter size-large wp-image-5095\" src=\"http:\/\/www.patchwork-perles-broderies.com\/blog\/wp-content\/uploads\/2019\/09\/P1010965x-768x1024.jpg\" alt=\"\" width=\"625\" height=\"833\" srcset=\"https:\/\/www.patchwork-perles-broderies.com\/blog\/wp-content\/uploads\/2019\/09\/P1010965x-768x1024.jpg 768w, https:\/\/www.patchwork-perles-broderies.com\/blog\/wp-content\/uploads\/2019\/09\/P1010965x-225x300.jpg 225w, https:\/\/www.patchwork-perles-broderies.com\/blog\/wp-content\/uploads\/2019\/09\/P1010965x-624x833.jpg 624w, https:\/\/www.patchwork-perles-broderies.com\/blog\/wp-content\/uploads\/2019\/09\/P1010965x.jpg 787w\" sizes=\"auto, (max-width: 625px) 100vw, 625px\" \/><img loading=\"lazy\" decoding=\"async\" class=\"aligncenter wp-image-5096 size-full\" src=\"http:\/\/www.patchwork-perles-broderies.com\/blog\/wp-content\/uploads\/2019\/09\/P1010975x.jpg\" alt=\"\" width=\"787\" height=\"698\" srcset=\"https:\/\/www.patchwork-perles-broderies.com\/blog\/wp-content\/uploads\/2019\/09\/P1010975x.jpg 787w, https:\/\/www.patchwork-perles-broderies.com\/blog\/wp-content\/uploads\/2019\/09\/P1010975x-300x266.jpg 300w, https:\/\/www.patchwork-perles-broderies.com\/blog\/wp-content\/uploads\/2019\/09\/P1010975x-768x681.jpg 768w, https:\/\/www.patchwork-perles-broderies.com\/blog\/wp-content\/uploads\/2019\/09\/P1010975x-624x553.jpg 624w\" sizes=\"auto, (max-width: 787px) 100vw, 787px\" \/><img loading=\"lazy\" decoding=\"async\" class=\"aligncenter size-full wp-image-5100\" src=\"http:\/\/www.patchwork-perles-broderies.com\/blog\/wp-content\/uploads\/2019\/09\/P1010977x.jpg\" alt=\"\" width=\"787\" height=\"814\" srcset=\"https:\/\/www.patchwork-perles-broderies.com\/blog\/wp-content\/uploads\/2019\/09\/P1010977x.jpg 787w, https:\/\/www.patchwork-perles-broderies.com\/blog\/wp-content\/uploads\/2019\/09\/P1010977x-290x300.jpg 290w, https:\/\/www.patchwork-perles-broderies.com\/blog\/wp-content\/uploads\/2019\/09\/P1010977x-768x794.jpg 768w, https:\/\/www.patchwork-perles-broderies.com\/blog\/wp-content\/uploads\/2019\/09\/P1010977x-624x645.jpg 624w\" sizes=\"auto, (max-width: 787px) 100vw, 787px\" \/><img loading=\"lazy\" decoding=\"async\" class=\"aligncenter size-full wp-image-5099\" src=\"http:\/\/www.patchwork-perles-broderies.com\/blog\/wp-content\/uploads\/2019\/09\/losanges.jpg\" alt=\"\" width=\"879\" height=\"787\" srcset=\"https:\/\/www.patchwork-perles-broderies.com\/blog\/wp-content\/uploads\/2019\/09\/losanges.jpg 879w, https:\/\/www.patchwork-perles-broderies.com\/blog\/wp-content\/uploads\/2019\/09\/losanges-300x269.jpg 300w, https:\/\/www.patchwork-perles-broderies.com\/blog\/wp-content\/uploads\/2019\/09\/losanges-768x688.jpg 768w, https:\/\/www.patchwork-perles-broderies.com\/blog\/wp-content\/uploads\/2019\/09\/losanges-624x559.jpg 624w\" sizes=\"auto, (max-width: 879px) 100vw, 879px\" \/><img loading=\"lazy\" decoding=\"async\" class=\"aligncenter size-full wp-image-5098\" src=\"http:\/\/www.patchwork-perles-broderies.com\/blog\/wp-content\/uploads\/2019\/09\/diamant.jpg\" alt=\"\" width=\"800\" height=\"1010\" srcset=\"https:\/\/www.patchwork-perles-broderies.com\/blog\/wp-content\/uploads\/2019\/09\/diamant.jpg 800w, https:\/\/www.patchwork-perles-broderies.com\/blog\/wp-content\/uploads\/2019\/09\/diamant-238x300.jpg 238w, https:\/\/www.patchwork-perles-broderies.com\/blog\/wp-content\/uploads\/2019\/09\/diamant-768x970.jpg 768w, https:\/\/www.patchwork-perles-broderies.com\/blog\/wp-content\/uploads\/2019\/09\/diamant-624x788.jpg 624w\" sizes=\"auto, (max-width: 800px) 100vw, 800px\" \/>Il y en avait beaucoup d&rsquo;autres. Je n&rsquo;ai pas eu le temps de tout classer. Je m&rsquo;efforce d&rsquo;att\u00e9nuer les effets des spots et ce n&rsquo;est pas facile! Vous les verrez la semaine prochaine. Mais ne manquez pas d&rsquo;aller visiter l&rsquo;exposition: un quilt est toujours plus beau \u00a0\u00bb en vrai\u00a0\u00bb.<\/p>\n<p>Salle de l&rsquo;Odyss\u00e9e jusqu&rsquo;au 3 Octobre de 11 \u00e0 18 heures<\/p>\n","protected":false},"excerpt":{"rendered":"<p>Je suis all\u00e9e hier matin visiter l&rsquo;exposition que le club de Balma avait organis\u00e9 pour f\u00eater les 30 ans du club. Une salle immense et superbe dans laquelle les nombreux quilts \u00e9taient \u00e0 l&rsquo;aise. Un\u00a0 accrochage savant permettait d&rsquo;admirer chaque patch \u00a0\u00bb de pr\u00e8s et de loin\u00a0\u00bb\u00a0 ce qui est bien agr\u00e9able. Un seul b\u00e9mol [&hellip;]<\/p>\n","protected":false},"author":1,"featured_media":0,"comment_status":"open","ping_status":"open","sticky":false,"template":"","format":"standard","meta":{"footnotes":""},"categories":[226,1],"tags":[268],"class_list":["post-5082","post","type-post","status-publish","format-standard","hentry","category-expositions","category-non-classe","tag-les-30-ans-de-balma"],"aioseo_notices":[],"_links":{"self":[{"href":"https:\/\/www.patchwork-perles-broderies.com\/blog\/wp-json\/wp\/v2\/posts\/5082","targetHints":{"allow":["GET"]}}],"collection":[{"href":"https:\/\/www.patchwork-perles-broderies.com\/blog\/wp-json\/wp\/v2\/posts"}],"about":[{"href":"https:\/\/www.patchwork-perles-broderies.com\/blog\/wp-json\/wp\/v2\/types\/post"}],"author":[{"embeddable":true,"href":"https:\/\/www.patchwork-perles-broderies.com\/blog\/wp-json\/wp\/v2\/users\/1"}],"replies":[{"embeddable":true,"href":"https:\/\/www.patchwork-perles-broderies.com\/blog\/wp-json\/wp\/v2\/comments?post=5082"}],"version-history":[{"count":7,"href":"https:\/\/www.patchwork-perles-broderies.com\/blog\/wp-json\/wp\/v2\/posts\/5082\/revisions"}],"predecessor-version":[{"id":5103,"href":"https:\/\/www.patchwork-perles-broderies.com\/blog\/wp-json\/wp\/v2\/posts\/5082\/revisions\/5103"}],"wp:attachment":[{"href":"https:\/\/www.patchwork-perles-broderies.com\/blog\/wp-json\/wp\/v2\/media?parent=5082"}],"wp:term":[{"taxonomy":"category","embeddable":true,"href":"https:\/\/www.patchwork-perles-broderies.com\/blog\/wp-json\/wp\/v2\/categories?post=5082"},{"taxonomy":"post_tag","embeddable":true,"href":"https:\/\/www.patchwork-perles-broderies.com\/blog\/wp-json\/wp\/v2\/tags?post=5082"}],"curies":[{"name":"wp","href":"https:\/\/api.w.org\/{rel}","templated":true}]}}