{"id":5206,"date":"2019-12-01T16:41:01","date_gmt":"2019-12-01T15:41:01","guid":{"rendered":"http:\/\/www.patchwork-perles-broderies.com\/blog\/?p=5206"},"modified":"2019-12-01T16:48:45","modified_gmt":"2019-12-01T15:48:45","slug":"danny-amazonas","status":"publish","type":"post","link":"https:\/\/www.patchwork-perles-broderies.com\/blog\/2019\/12\/01\/danny-amazonas\/","title":{"rendered":"Danny Amazonas"},"content":{"rendered":"<div id=\"attachment_5212\" style=\"width: 610px\" class=\"wp-caption aligncenter\"><img loading=\"lazy\" decoding=\"async\" aria-describedby=\"caption-attachment-5212\" class=\"size-full wp-image-5212\" src=\"http:\/\/www.patchwork-perles-broderies.com\/blog\/wp-content\/uploads\/2019\/12\/Danny-Amazonas-in-front-of-Abyss-330cm-176.jpg\" alt=\"\" width=\"600\" height=\"400\" srcset=\"https:\/\/www.patchwork-perles-broderies.com\/blog\/wp-content\/uploads\/2019\/12\/Danny-Amazonas-in-front-of-Abyss-330cm-176.jpg 600w, https:\/\/www.patchwork-perles-broderies.com\/blog\/wp-content\/uploads\/2019\/12\/Danny-Amazonas-in-front-of-Abyss-330cm-176-300x200.jpg 300w\" sizes=\"auto, (max-width: 600px) 100vw, 600px\" \/><p id=\"caption-attachment-5212\" class=\"wp-caption-text\">Danny Amazonas in front of Abyss( 330cm-176)<br \/>Photo by Alex Labry<\/p><\/div>\n<p style=\"text-align: justify;\"><span style=\"font-size: 12pt;\">Celles d&rsquo;entre vous qui ont\u00a0 \u00e9t\u00e9 \u00e0 Sainte Marie aux Mines en 2018 ont pu y d\u00e9couvrir l&rsquo;extraordinaire artiste\u00a0 qu&rsquo;est Danny Amazonas.<\/span><\/p>\n<p style=\"text-align: justify;\"><span style=\"font-size: 12pt;\">Sa technique favorite- le collage de centaines de pi\u00e8ces de tissus tr\u00e8s color\u00e9es\u00a0 lui permet de r\u00e9aliser d&rsquo;incroyables tableaux. Il aime repr\u00e9senter des animaux, mais il fait aussi des portraits \u00e9tonnants et il s&rsquo;\u00e9gare parfois dans le cosmos. La plupart de ses oeuvres sont tr\u00e8s grandes pour un meilleur impact visuel et il se d\u00e9gage de tout son travail une impression de joie et une vitalit\u00e9 communicative.<\/span><\/p>\n<div id=\"attachment_5215\" style=\"width: 2026px\" class=\"wp-caption aligncenter\"><img loading=\"lazy\" decoding=\"async\" aria-describedby=\"caption-attachment-5215\" class=\"size-full wp-image-5215\" src=\"http:\/\/www.patchwork-perles-broderies.com\/blog\/wp-content\/uploads\/2019\/12\/taureau-Amazonas.jpg\" alt=\"\" width=\"2016\" height=\"1512\" srcset=\"https:\/\/www.patchwork-perles-broderies.com\/blog\/wp-content\/uploads\/2019\/12\/taureau-Amazonas.jpg 2016w, https:\/\/www.patchwork-perles-broderies.com\/blog\/wp-content\/uploads\/2019\/12\/taureau-Amazonas-300x225.jpg 300w, https:\/\/www.patchwork-perles-broderies.com\/blog\/wp-content\/uploads\/2019\/12\/taureau-Amazonas-768x576.jpg 768w, https:\/\/www.patchwork-perles-broderies.com\/blog\/wp-content\/uploads\/2019\/12\/taureau-Amazonas-1024x768.jpg 1024w, https:\/\/www.patchwork-perles-broderies.com\/blog\/wp-content\/uploads\/2019\/12\/taureau-Amazonas-624x468.jpg 624w, https:\/\/www.patchwork-perles-broderies.com\/blog\/wp-content\/uploads\/2019\/12\/taureau-Amazonas-1320x990.jpg 1320w\" sizes=\"auto, (max-width: 2016px) 100vw, 2016px\" \/><p id=\"caption-attachment-5215\" class=\"wp-caption-text\">Roam Free \u2013 280cm x 185cm<\/p><\/div>\n<p style=\"text-align: justify;\" align=\"left\"><span style=\"color: #000000; font-size: 12pt;\"><span style=\"font-family: open-sans, sans-serif;\">De Danny Amazonas on pourrait dire c\u2019est le le \u00ab\u00a0djinn aux mille yeux\u00a0\u00bb du conte pour enfants car il faut une vue kal\u00e9idoscopique pour cr\u00e9er ce qu\u2019il appelle le Patchwork Main Libre. Il est certain que comme tous les v\u00e9ritables artistes il voit des choses que nous ne voyons pas et nous communiqu<\/span><span style=\"font-family: open-sans, sans-serif;\">e<\/span><span style=\"font-family: open-sans, sans-serif;\"> cette vision \u00e0 travers <\/span><span style=\"font-family: open-sans, sans-serif;\">ses<\/span><span style=\"font-family: open-sans, sans-serif;\"> \u0153uvres.<\/span><\/span><\/p>\n<p style=\"text-align: justify;\" align=\"left\"><span style=\"color: #000000; font-size: 12pt;\"><span style=\"font-family: open-sans, sans-serif;\">Une exposition r\u00e9cente de ses quilts au Texas Quilt Museum a stup\u00e9fi\u00e9 la plupart des visiteurs qui sous une forme ou sous une autre se sont demand\u00e9s \u00abcomment fait-il \u00e7a?\u00bb<\/span><\/span><\/p>\n<p style=\"text-align: justify;\" align=\"left\"><span style=\"color: #000000; font-size: 12pt;\"><span style=\"font-family: open-sans, sans-serif;\">Au d\u00e9part il a une incroyable collection de tissus de pr\u00e9f\u00e9rence le genre d\u2019imprim\u00e9 \u00e9clatant de Kaffe Fassett, Brandon Mably, Philip Jacobs, et Jenny Beyer.Car il a besoin d\u2019avoir des centaines de tissus diff\u00e9rents pour obtenir les effets qu\u2019il d\u00e9sire.<\/span><\/span><\/p>\n<p style=\"text-align: justify;\" align=\"left\"><span style=\"color: #000000; font-size: 12pt;\"><span style=\"font-family: open-sans, sans-serif;\">Il raidit le tissu avec de l\u2019amidon de pomme de terre puis , lorsqu\u2019il est sec, le colle avec de l\u2019adh\u00e9sif double face. Il le coupe alors en bandes qu\u2019il range par gamme de couleurs. <\/span><span style=\"font-family: open-sans, sans-serif;\">Il dessine alors l\u2019image d\u2019apr\u00e8s une photographie puis commence \u00e0 d\u00e9couper les pi\u00e8ces minuscules qui seront coll\u00e9es sur un fond. Tous les tissus sont \u00e0 bords vifs . Une fois qu\u2019il a obtenu le r\u00e9sultat qu\u2019il d\u00e9sire il fixe le tout avec un fil invisible et un point zigzag.<br \/>\nDe pr\u00e8s ses tableaux font \u00ab\u00a0fouillis\u00a0\u00bb. Mais lorsqu\u2019on les voit de loin les couleurs s\u2019organisent et l\u2019effet est stup\u00e9fiant.<\/span><\/span><\/p>\n<div id=\"attachment_5208\" style=\"width: 1010px\" class=\"wp-caption aligncenter\"><img loading=\"lazy\" decoding=\"async\" aria-describedby=\"caption-attachment-5208\" class=\"size-full wp-image-5208\" src=\"http:\/\/www.patchwork-perles-broderies.com\/blog\/wp-content\/uploads\/2019\/12\/Amazonas-Cat.jpg\" alt=\"\" width=\"1000\" height=\"1337\" srcset=\"https:\/\/www.patchwork-perles-broderies.com\/blog\/wp-content\/uploads\/2019\/12\/Amazonas-Cat.jpg 1000w, https:\/\/www.patchwork-perles-broderies.com\/blog\/wp-content\/uploads\/2019\/12\/Amazonas-Cat-224x300.jpg 224w, https:\/\/www.patchwork-perles-broderies.com\/blog\/wp-content\/uploads\/2019\/12\/Amazonas-Cat-768x1027.jpg 768w, https:\/\/www.patchwork-perles-broderies.com\/blog\/wp-content\/uploads\/2019\/12\/Amazonas-Cat-766x1024.jpg 766w, https:\/\/www.patchwork-perles-broderies.com\/blog\/wp-content\/uploads\/2019\/12\/Amazonas-Cat-624x834.jpg 624w\" sizes=\"auto, (max-width: 1000px) 100vw, 1000px\" \/><p id=\"caption-attachment-5208\" class=\"wp-caption-text\">Amazonas Cat<\/p><\/div>\n<p style=\"text-align: justify;\" align=\"left\"><span style=\"color: #000000; font-size: 12pt;\">Le quilt est arriv\u00e9 assez tard dans la vie de Danny. N\u00e9 \u00e0 Taiwan, il d\u00e9m\u00e9nage au Br\u00e9sil avec ses parents lorsqu\u2019il entre dans l\u2019adolescence puis part \u00e0 New York \u00e0 la \u00ab\u00a0<span style=\"font-family: open-sans, sans-serif;\">School of Visual Arts\u00a0\u00bb. Pendant des ann\u00e9es il travaille comme d\u00e9corateur floral avant de se tourner vers la mosa\u00efque. Puis il retourne \u00e0 Taiwan pour prendre soin de son p\u00e8re <\/span><span style=\"font-family: open-sans, sans-serif;\">vieillissant <\/span><span style=\"font-family: open-sans, sans-serif;\"> et c\u2019est l\u00e0 qu\u2019il d\u00e9couvre le tissu <\/span><span style=\"font-family: open-sans, sans-serif;\">auquel il applique sa connaissance de la mosa\u00efque. Et c\u2019est le tissu qui lui apportera un c\u00e9l\u00e9brit\u00e9 mondiale.<\/span><\/span><\/p>\n<p align=\"left\"><img loading=\"lazy\" decoding=\"async\" class=\"aligncenter wp-image-5211\" src=\"http:\/\/www.patchwork-perles-broderies.com\/blog\/wp-content\/uploads\/2019\/12\/amazonas_levitate-1-1.jpg\" alt=\"\" width=\"650\" height=\"407\" srcset=\"https:\/\/www.patchwork-perles-broderies.com\/blog\/wp-content\/uploads\/2019\/12\/amazonas_levitate-1-1.jpg 570w, https:\/\/www.patchwork-perles-broderies.com\/blog\/wp-content\/uploads\/2019\/12\/amazonas_levitate-1-1-300x188.jpg 300w\" sizes=\"auto, (max-width: 650px) 100vw, 650px\" \/><\/p>\n<div id=\"attachment_5214\" style=\"width: 1282px\" class=\"wp-caption aligncenter\"><img loading=\"lazy\" decoding=\"async\" aria-describedby=\"caption-attachment-5214\" class=\"size-full wp-image-5214\" src=\"http:\/\/www.patchwork-perles-broderies.com\/blog\/wp-content\/uploads\/2019\/12\/Stallion-by-Danny-Amazonas.jpg\" alt=\"\" width=\"1272\" height=\"1600\" srcset=\"https:\/\/www.patchwork-perles-broderies.com\/blog\/wp-content\/uploads\/2019\/12\/Stallion-by-Danny-Amazonas.jpg 1272w, https:\/\/www.patchwork-perles-broderies.com\/blog\/wp-content\/uploads\/2019\/12\/Stallion-by-Danny-Amazonas-239x300.jpg 239w, https:\/\/www.patchwork-perles-broderies.com\/blog\/wp-content\/uploads\/2019\/12\/Stallion-by-Danny-Amazonas-768x966.jpg 768w, https:\/\/www.patchwork-perles-broderies.com\/blog\/wp-content\/uploads\/2019\/12\/Stallion-by-Danny-Amazonas-814x1024.jpg 814w, https:\/\/www.patchwork-perles-broderies.com\/blog\/wp-content\/uploads\/2019\/12\/Stallion-by-Danny-Amazonas-624x785.jpg 624w\" sizes=\"auto, (max-width: 1272px) 100vw, 1272px\" \/><p id=\"caption-attachment-5214\" class=\"wp-caption-text\">Stallion by Danny Amazonas<\/p><\/div>\n<div id=\"attachment_5220\" style=\"width: 634px\" class=\"wp-caption aligncenter\"><img loading=\"lazy\" decoding=\"async\" aria-describedby=\"caption-attachment-5220\" class=\"size-full wp-image-5220\" src=\"http:\/\/www.patchwork-perles-broderies.com\/blog\/wp-content\/uploads\/2019\/12\/1-Gypsy-Dancer-Danny-Amazonas.jpg\" alt=\"\" width=\"624\" height=\"830\" srcset=\"https:\/\/www.patchwork-perles-broderies.com\/blog\/wp-content\/uploads\/2019\/12\/1-Gypsy-Dancer-Danny-Amazonas.jpg 624w, https:\/\/www.patchwork-perles-broderies.com\/blog\/wp-content\/uploads\/2019\/12\/1-Gypsy-Dancer-Danny-Amazonas-226x300.jpg 226w\" sizes=\"auto, (max-width: 624px) 100vw, 624px\" \/><p id=\"caption-attachment-5220\" class=\"wp-caption-text\">Gypsy Dancer Danny Amazonas<\/p><\/div>\n<div id=\"attachment_5217\" style=\"width: 838px\" class=\"wp-caption aligncenter\"><img loading=\"lazy\" decoding=\"async\" aria-describedby=\"caption-attachment-5217\" class=\"size-full wp-image-5217\" src=\"http:\/\/www.patchwork-perles-broderies.com\/blog\/wp-content\/uploads\/2019\/12\/Who-is-that-guy-Danny-Amazonas.jpg\" alt=\"\" width=\"828\" height=\"1136\" srcset=\"https:\/\/www.patchwork-perles-broderies.com\/blog\/wp-content\/uploads\/2019\/12\/Who-is-that-guy-Danny-Amazonas.jpg 828w, https:\/\/www.patchwork-perles-broderies.com\/blog\/wp-content\/uploads\/2019\/12\/Who-is-that-guy-Danny-Amazonas-219x300.jpg 219w, https:\/\/www.patchwork-perles-broderies.com\/blog\/wp-content\/uploads\/2019\/12\/Who-is-that-guy-Danny-Amazonas-768x1054.jpg 768w, https:\/\/www.patchwork-perles-broderies.com\/blog\/wp-content\/uploads\/2019\/12\/Who-is-that-guy-Danny-Amazonas-746x1024.jpg 746w, https:\/\/www.patchwork-perles-broderies.com\/blog\/wp-content\/uploads\/2019\/12\/Who-is-that-guy-Danny-Amazonas-624x856.jpg 624w\" sizes=\"auto, (max-width: 828px) 100vw, 828px\" \/><p id=\"caption-attachment-5217\" class=\"wp-caption-text\">Who is that guy Danny Amazonas<\/p><\/div>\n<p><img loading=\"lazy\" decoding=\"async\" class=\"aligncenter size-full wp-image-5209\" src=\"http:\/\/www.patchwork-perles-broderies.com\/blog\/wp-content\/uploads\/2019\/12\/amazonas_abyss-.jpg\" alt=\"\" width=\"570\" height=\"234\" srcset=\"https:\/\/www.patchwork-perles-broderies.com\/blog\/wp-content\/uploads\/2019\/12\/amazonas_abyss-.jpg 570w, https:\/\/www.patchwork-perles-broderies.com\/blog\/wp-content\/uploads\/2019\/12\/amazonas_abyss--300x123.jpg 300w\" sizes=\"auto, (max-width: 570px) 100vw, 570px\" \/><\/p>\n<p align=\"left\">\n","protected":false},"excerpt":{"rendered":"<p>Celles d&rsquo;entre vous qui ont\u00a0 \u00e9t\u00e9 \u00e0 Sainte Marie aux Mines en 2018 ont pu y d\u00e9couvrir l&rsquo;extraordinaire artiste\u00a0 qu&rsquo;est Danny Amazonas. Sa technique favorite- le collage de centaines de pi\u00e8ces de tissus tr\u00e8s color\u00e9es\u00a0 lui permet de r\u00e9aliser d&rsquo;incroyables tableaux. Il aime repr\u00e9senter des animaux, mais il fait aussi des portraits \u00e9tonnants et il [&hellip;]<\/p>\n","protected":false},"author":1,"featured_media":0,"comment_status":"open","ping_status":"open","sticky":false,"template":"","format":"standard","meta":{"footnotes":""},"categories":[3],"tags":[276],"class_list":["post-5206","post","type-post","status-publish","format-standard","hentry","category-artistes","tag-danny-amazonas"],"aioseo_notices":[],"_links":{"self":[{"href":"https:\/\/www.patchwork-perles-broderies.com\/blog\/wp-json\/wp\/v2\/posts\/5206","targetHints":{"allow":["GET"]}}],"collection":[{"href":"https:\/\/www.patchwork-perles-broderies.com\/blog\/wp-json\/wp\/v2\/posts"}],"about":[{"href":"https:\/\/www.patchwork-perles-broderies.com\/blog\/wp-json\/wp\/v2\/types\/post"}],"author":[{"embeddable":true,"href":"https:\/\/www.patchwork-perles-broderies.com\/blog\/wp-json\/wp\/v2\/users\/1"}],"replies":[{"embeddable":true,"href":"https:\/\/www.patchwork-perles-broderies.com\/blog\/wp-json\/wp\/v2\/comments?post=5206"}],"version-history":[{"count":4,"href":"https:\/\/www.patchwork-perles-broderies.com\/blog\/wp-json\/wp\/v2\/posts\/5206\/revisions"}],"predecessor-version":[{"id":5221,"href":"https:\/\/www.patchwork-perles-broderies.com\/blog\/wp-json\/wp\/v2\/posts\/5206\/revisions\/5221"}],"wp:attachment":[{"href":"https:\/\/www.patchwork-perles-broderies.com\/blog\/wp-json\/wp\/v2\/media?parent=5206"}],"wp:term":[{"taxonomy":"category","embeddable":true,"href":"https:\/\/www.patchwork-perles-broderies.com\/blog\/wp-json\/wp\/v2\/categories?post=5206"},{"taxonomy":"post_tag","embeddable":true,"href":"https:\/\/www.patchwork-perles-broderies.com\/blog\/wp-json\/wp\/v2\/tags?post=5206"}],"curies":[{"name":"wp","href":"https:\/\/api.w.org\/{rel}","templated":true}]}}