{"id":5223,"date":"2019-12-23T10:43:54","date_gmt":"2019-12-23T09:43:54","guid":{"rendered":"http:\/\/www.patchwork-perles-broderies.com\/blog\/?p=5223"},"modified":"2019-12-23T10:43:54","modified_gmt":"2019-12-23T09:43:54","slug":"les-oiseaux-de-noel","status":"publish","type":"post","link":"https:\/\/www.patchwork-perles-broderies.com\/blog\/2019\/12\/23\/les-oiseaux-de-noel\/","title":{"rendered":"Les oiseaux de No\u00ebl"},"content":{"rendered":"<p style=\"text-align: justify;\"><img loading=\"lazy\" decoding=\"async\" class=\"alignleft size-medium wp-image-5232\" src=\"http:\/\/www.patchwork-perles-broderies.com\/blog\/wp-content\/uploads\/2019\/12\/Kathy-Mc-Neil-h\u00e9ron-276x300.jpg\" alt=\"\" width=\"276\" height=\"300\" srcset=\"https:\/\/www.patchwork-perles-broderies.com\/blog\/wp-content\/uploads\/2019\/12\/Kathy-Mc-Neil-h\u00e9ron-276x300.jpg 276w, https:\/\/www.patchwork-perles-broderies.com\/blog\/wp-content\/uploads\/2019\/12\/Kathy-Mc-Neil-h\u00e9ron-768x835.jpg 768w, https:\/\/www.patchwork-perles-broderies.com\/blog\/wp-content\/uploads\/2019\/12\/Kathy-Mc-Neil-h\u00e9ron-942x1024.jpg 942w, https:\/\/www.patchwork-perles-broderies.com\/blog\/wp-content\/uploads\/2019\/12\/Kathy-Mc-Neil-h\u00e9ron-624x678.jpg 624w, https:\/\/www.patchwork-perles-broderies.com\/blog\/wp-content\/uploads\/2019\/12\/Kathy-Mc-Neil-h\u00e9ron-1320x1435.jpg 1320w, https:\/\/www.patchwork-perles-broderies.com\/blog\/wp-content\/uploads\/2019\/12\/Kathy-Mc-Neil-h\u00e9ron.jpg 1472w\" sizes=\"auto, (max-width: 276px) 100vw, 276px\" \/>Ce qui me manque le plus en hiver ce sont les oiseaux. Bien s\u00fbr on en voit encore dans les champs, bien que l&rsquo;agriculture intensive ait amen\u00e9 leur rar\u00e9faction, mais ceux qui restent sont souvent de tristes oiseaux noirs de type corbeau. Pourtant l&rsquo;autre jour, un merle qui \u00e9tait venu frapper \u00e0 ma fen\u00eatre l&rsquo;an dernier\u00a0 m&rsquo;a fait une nouvelle visite&#8230; Et faute de trouver des oiseaux dans le ciel, j&rsquo;en ai recherch\u00e9 dans les quilts.<\/p>\n<p style=\"text-align: justify;\">Et je suis tomb\u00e9e sur l&rsquo;extraordinaire travail de Kathy Mc Neil. Ses paysages sont fr\u00e9missants de vie et de sensibilit\u00e9. Et pour No\u00ebl elle a cr\u00e9\u00e9 un sampler d&rsquo;oiseaux&#8230;.\u00a0 des oiseaux impressionnants de vie et de couleur appliqu\u00e9s sur un fond finement quilt\u00e9 et des branches mises en relief par un superbe travail de trapunto.<\/p>\n<p style=\"text-align: justify;\"><img loading=\"lazy\" decoding=\"async\" class=\"aligncenter size-full wp-image-5225\" src=\"http:\/\/www.patchwork-perles-broderies.com\/blog\/wp-content\/uploads\/2019\/12\/audubons_christmas_entire_quilt_pattern.jpg\" alt=\"\" width=\"1451\" height=\"1600\" srcset=\"https:\/\/www.patchwork-perles-broderies.com\/blog\/wp-content\/uploads\/2019\/12\/audubons_christmas_entire_quilt_pattern.jpg 1451w, https:\/\/www.patchwork-perles-broderies.com\/blog\/wp-content\/uploads\/2019\/12\/audubons_christmas_entire_quilt_pattern-272x300.jpg 272w, https:\/\/www.patchwork-perles-broderies.com\/blog\/wp-content\/uploads\/2019\/12\/audubons_christmas_entire_quilt_pattern-768x847.jpg 768w, https:\/\/www.patchwork-perles-broderies.com\/blog\/wp-content\/uploads\/2019\/12\/audubons_christmas_entire_quilt_pattern-929x1024.jpg 929w, https:\/\/www.patchwork-perles-broderies.com\/blog\/wp-content\/uploads\/2019\/12\/audubons_christmas_entire_quilt_pattern-624x688.jpg 624w, https:\/\/www.patchwork-perles-broderies.com\/blog\/wp-content\/uploads\/2019\/12\/audubons_christmas_entire_quilt_pattern-1320x1456.jpg 1320w\" sizes=\"auto, (max-width: 1451px) 100vw, 1451px\" \/>Je vous ajoute le d\u00e9tail de quelques blocs pour que vous puissiez les admirer \u00e0 loisir<\/p>\n<p style=\"text-align: justify;\"><img loading=\"lazy\" decoding=\"async\" class=\"aligncenter size-full wp-image-5229\" src=\"http:\/\/www.patchwork-perles-broderies.com\/blog\/wp-content\/uploads\/2019\/12\/cardinals.jpg\" alt=\"\" width=\"1918\" height=\"1882\" srcset=\"https:\/\/www.patchwork-perles-broderies.com\/blog\/wp-content\/uploads\/2019\/12\/cardinals.jpg 1918w, https:\/\/www.patchwork-perles-broderies.com\/blog\/wp-content\/uploads\/2019\/12\/cardinals-300x294.jpg 300w, https:\/\/www.patchwork-perles-broderies.com\/blog\/wp-content\/uploads\/2019\/12\/cardinals-768x754.jpg 768w, https:\/\/www.patchwork-perles-broderies.com\/blog\/wp-content\/uploads\/2019\/12\/cardinals-1024x1005.jpg 1024w, https:\/\/www.patchwork-perles-broderies.com\/blog\/wp-content\/uploads\/2019\/12\/cardinals-624x612.jpg 624w, https:\/\/www.patchwork-perles-broderies.com\/blog\/wp-content\/uploads\/2019\/12\/cardinals-1320x1295.jpg 1320w\" sizes=\"auto, (max-width: 1918px) 100vw, 1918px\" \/> <img loading=\"lazy\" decoding=\"async\" class=\"aligncenter size-full wp-image-5228\" src=\"http:\/\/www.patchwork-perles-broderies.com\/blog\/wp-content\/uploads\/2019\/12\/blue_birds.jpg\" alt=\"\" width=\"559\" height=\"559\" srcset=\"https:\/\/www.patchwork-perles-broderies.com\/blog\/wp-content\/uploads\/2019\/12\/blue_birds.jpg 559w, https:\/\/www.patchwork-perles-broderies.com\/blog\/wp-content\/uploads\/2019\/12\/blue_birds-150x150.jpg 150w, https:\/\/www.patchwork-perles-broderies.com\/blog\/wp-content\/uploads\/2019\/12\/blue_birds-300x300.jpg 300w\" sizes=\"auto, (max-width: 559px) 100vw, 559px\" \/> <img loading=\"lazy\" decoding=\"async\" class=\"aligncenter size-full wp-image-5224\" src=\"http:\/\/www.patchwork-perles-broderies.com\/blog\/wp-content\/uploads\/2019\/12\/audubons-christmas.jpg\" alt=\"\" width=\"1280\" height=\"720\" srcset=\"https:\/\/www.patchwork-perles-broderies.com\/blog\/wp-content\/uploads\/2019\/12\/audubons-christmas.jpg 1280w, https:\/\/www.patchwork-perles-broderies.com\/blog\/wp-content\/uploads\/2019\/12\/audubons-christmas-300x169.jpg 300w, https:\/\/www.patchwork-perles-broderies.com\/blog\/wp-content\/uploads\/2019\/12\/audubons-christmas-768x432.jpg 768w, https:\/\/www.patchwork-perles-broderies.com\/blog\/wp-content\/uploads\/2019\/12\/audubons-christmas-1024x576.jpg 1024w, https:\/\/www.patchwork-perles-broderies.com\/blog\/wp-content\/uploads\/2019\/12\/audubons-christmas-624x351.jpg 624w\" sizes=\"auto, (max-width: 1280px) 100vw, 1280px\" \/><br \/>\nElle a cr\u00e9\u00e9 aussi de merveilleuses images de chevaux<\/p>\n<p><img loading=\"lazy\" decoding=\"async\" class=\"aligncenter size-full wp-image-5230\" src=\"http:\/\/www.patchwork-perles-broderies.com\/blog\/wp-content\/uploads\/2019\/12\/chevaux.jpg\" alt=\"\" width=\"1162\" height=\"1280\" srcset=\"https:\/\/www.patchwork-perles-broderies.com\/blog\/wp-content\/uploads\/2019\/12\/chevaux.jpg 1162w, https:\/\/www.patchwork-perles-broderies.com\/blog\/wp-content\/uploads\/2019\/12\/chevaux-272x300.jpg 272w, https:\/\/www.patchwork-perles-broderies.com\/blog\/wp-content\/uploads\/2019\/12\/chevaux-768x846.jpg 768w, https:\/\/www.patchwork-perles-broderies.com\/blog\/wp-content\/uploads\/2019\/12\/chevaux-930x1024.jpg 930w, https:\/\/www.patchwork-perles-broderies.com\/blog\/wp-content\/uploads\/2019\/12\/chevaux-624x687.jpg 624w\" sizes=\"auto, (max-width: 1162px) 100vw, 1162px\" \/><\/p>\n<p style=\"text-align: justify;\">Et pour finir sur une note plus chaude je vous invite\u00a0 \u00e0 patauger dans les eaux chaudes du sud\u00a0 avec\u00a0 les oiseaux de Beth Miller<\/p>\n<p><img loading=\"lazy\" decoding=\"async\" class=\"aligncenter size-full wp-image-5226\" src=\"http:\/\/www.patchwork-perles-broderies.com\/blog\/wp-content\/uploads\/2019\/12\/Beth-Miller-Bird-Talk-quilt.jpg\" alt=\"\" width=\"1280\" height=\"1211\" srcset=\"https:\/\/www.patchwork-perles-broderies.com\/blog\/wp-content\/uploads\/2019\/12\/Beth-Miller-Bird-Talk-quilt.jpg 1280w, https:\/\/www.patchwork-perles-broderies.com\/blog\/wp-content\/uploads\/2019\/12\/Beth-Miller-Bird-Talk-quilt-300x284.jpg 300w, https:\/\/www.patchwork-perles-broderies.com\/blog\/wp-content\/uploads\/2019\/12\/Beth-Miller-Bird-Talk-quilt-768x727.jpg 768w, https:\/\/www.patchwork-perles-broderies.com\/blog\/wp-content\/uploads\/2019\/12\/Beth-Miller-Bird-Talk-quilt-1024x969.jpg 1024w, https:\/\/www.patchwork-perles-broderies.com\/blog\/wp-content\/uploads\/2019\/12\/Beth-Miller-Bird-Talk-quilt-624x590.jpg 624w\" sizes=\"auto, (max-width: 1280px) 100vw, 1280px\" \/><\/p>\n<p>Si vous n&rsquo;\u00eates pas s\u00fbre de vos talents en mati\u00e8re d&rsquo;appliquer vous pouvez essayer ce panneau &#8230; J&rsquo;aimerais tant que nous ayons des cardinals\u00a0 en France. Ce sont des oiseaux si gais avec leur plumage rouge<\/p>\n<p><img loading=\"lazy\" decoding=\"async\" class=\"aligncenter size-full wp-image-5227\" src=\"http:\/\/www.patchwork-perles-broderies.com\/blog\/wp-content\/uploads\/2019\/12\/birds-fabric-panel-in-a-wall-quilt.jpeg\" alt=\"\" width=\"479\" height=\"598\" srcset=\"https:\/\/www.patchwork-perles-broderies.com\/blog\/wp-content\/uploads\/2019\/12\/birds-fabric-panel-in-a-wall-quilt.jpeg 479w, https:\/\/www.patchwork-perles-broderies.com\/blog\/wp-content\/uploads\/2019\/12\/birds-fabric-panel-in-a-wall-quilt-240x300.jpeg 240w\" sizes=\"auto, (max-width: 479px) 100vw, 479px\" \/><\/p>\n<p>Joyeux No\u00ebl \u00e0 toutes<\/p>\n<p><img loading=\"lazy\" decoding=\"async\" class=\"aligncenter size-full wp-image-5231\" src=\"http:\/\/www.patchwork-perles-broderies.com\/blog\/wp-content\/uploads\/2019\/12\/colibris.jpg\" alt=\"\" width=\"450\" height=\"311\" srcset=\"https:\/\/www.patchwork-perles-broderies.com\/blog\/wp-content\/uploads\/2019\/12\/colibris.jpg 450w, https:\/\/www.patchwork-perles-broderies.com\/blog\/wp-content\/uploads\/2019\/12\/colibris-300x207.jpg 300w\" sizes=\"auto, (max-width: 450px) 100vw, 450px\" \/><\/p>\n","protected":false},"excerpt":{"rendered":"<p>Ce qui me manque le plus en hiver ce sont les oiseaux. Bien s\u00fbr on en voit encore dans les champs, bien que l&rsquo;agriculture intensive ait amen\u00e9 leur rar\u00e9faction, mais ceux qui restent sont souvent de tristes oiseaux noirs de type corbeau. Pourtant l&rsquo;autre jour, un merle qui \u00e9tait venu frapper \u00e0 ma fen\u00eatre l&rsquo;an [&hellip;]<\/p>\n","protected":false},"author":1,"featured_media":0,"comment_status":"open","ping_status":"open","sticky":false,"template":"","format":"standard","meta":{"footnotes":""},"categories":[3],"tags":[],"class_list":["post-5223","post","type-post","status-publish","format-standard","hentry","category-artistes"],"aioseo_notices":[],"aioseo_head":"\n\t\t<!-- All in One SEO 5.0.1.1 - aioseo.com -->\n\t<meta name=\"description\" content=\"Ce qui me manque le plus en hiver ce sont les oiseaux. Bien s\u00fbr on en voit encore dans les champs, bien que l&#039;agriculture intensive ait amen\u00e9 leur rar\u00e9faction, mais ceux qui restent sont souvent de tristes oiseaux noirs de type corbeau. Pourtant l&#039;autre jour, un merle qui \u00e9tait venu frapper \u00e0 ma fen\u00eatre l&#039;an\" \/>\n\t<meta name=\"robots\" content=\"max-image-preview:large\" \/>\n\t<meta name=\"author\" content=\"admin\"\/>\n\t<link rel=\"canonical\" href=\"https:\/\/www.patchwork-perles-broderies.com\/blog\/2019\/12\/23\/les-oiseaux-de-noel\/\" \/>\n\t<meta name=\"generator\" content=\"All in One SEO (AIOSEO) 5.0.1.1\" \/>\n\t\t<meta property=\"og:locale\" content=\"fr_FR\" \/>\n\t\t<meta property=\"og:site_name\" content=\"Patchwork Perles et Broderies - Le Blog |  La Passion du Patch Orn\u00e9 ( Website : patchwork-perles-broderies.com )\" \/>\n\t\t<meta property=\"og:type\" content=\"article\" \/>\n\t\t<meta property=\"og:title\" content=\"Les oiseaux de No\u00ebl | Patchwork Perles et Broderies - Le Blog\" \/>\n\t\t<meta property=\"og:description\" content=\"Ce qui me manque le plus en hiver ce sont les oiseaux. Bien s\u00fbr on en voit encore dans les champs, bien que l&#039;agriculture intensive ait amen\u00e9 leur rar\u00e9faction, mais ceux qui restent sont souvent de tristes oiseaux noirs de type corbeau. Pourtant l&#039;autre jour, un merle qui \u00e9tait venu frapper \u00e0 ma fen\u00eatre l&#039;an\" \/>\n\t\t<meta property=\"og:url\" content=\"https:\/\/www.patchwork-perles-broderies.com\/blog\/2019\/12\/23\/les-oiseaux-de-noel\/\" \/>\n\t\t<meta property=\"article:published_time\" content=\"2019-12-23T09:43:54+00:00\" \/>\n\t\t<meta property=\"article:modified_time\" content=\"2019-12-23T09:43:54+00:00\" \/>\n\t\t<meta name=\"twitter:card\" content=\"summary\" \/>\n\t\t<meta name=\"twitter:title\" content=\"Les oiseaux de No\u00ebl | Patchwork Perles et Broderies - Le Blog\" \/>\n\t\t<meta name=\"twitter:description\" content=\"Ce qui me manque le plus en hiver ce sont les oiseaux. Bien s\u00fbr on en voit encore dans les champs, bien que l&#039;agriculture intensive ait amen\u00e9 leur rar\u00e9faction, mais ceux qui restent sont souvent de tristes oiseaux noirs de type corbeau. Pourtant l&#039;autre jour, un merle qui \u00e9tait venu frapper \u00e0 ma fen\u00eatre l&#039;an\" \/>\n\t\t<script type=\"application\/ld+json\" class=\"aioseo-schema\">\n\t\t\t{\"@context\":\"https:\\\/\\\/schema.org\",\"@graph\":[{\"@type\":\"Article\",\"@id\":\"https:\\\/\\\/www.patchwork-perles-broderies.com\\\/blog\\\/2019\\\/12\\\/23\\\/les-oiseaux-de-noel\\\/#article\",\"name\":\"Les oiseaux de No\\u00ebl | Patchwork Perles et Broderies - Le Blog\",\"headline\":\"Les oiseaux de No\\u00ebl\",\"author\":{\"@id\":\"https:\\\/\\\/www.patchwork-perles-broderies.com\\\/blog\\\/author\\\/admin\\\/#author\"},\"publisher\":{\"@id\":\"https:\\\/\\\/www.patchwork-perles-broderies.com\\\/blog\\\/#person\"},\"image\":{\"@type\":\"ImageObject\",\"url\":\"http:\\\/\\\/www.patchwork-perles-broderies.com\\\/blog\\\/wp-content\\\/uploads\\\/2019\\\/12\\\/Kathy-Mc-Neil-h\\u00e9ron-276x300.jpg\",\"@id\":\"https:\\\/\\\/www.patchwork-perles-broderies.com\\\/blog\\\/2019\\\/12\\\/23\\\/les-oiseaux-de-noel\\\/#articleImage\"},\"datePublished\":\"2019-12-23T10:43:54+01:00\",\"dateModified\":\"2019-12-23T10:43:54+01:00\",\"inLanguage\":\"fr-FR\",\"mainEntityOfPage\":{\"@id\":\"https:\\\/\\\/www.patchwork-perles-broderies.com\\\/blog\\\/2019\\\/12\\\/23\\\/les-oiseaux-de-noel\\\/#webpage\"},\"isPartOf\":{\"@id\":\"https:\\\/\\\/www.patchwork-perles-broderies.com\\\/blog\\\/2019\\\/12\\\/23\\\/les-oiseaux-de-noel\\\/#webpage\"},\"articleSection\":\"Artistes\"},{\"@type\":\"BreadcrumbList\",\"@id\":\"https:\\\/\\\/www.patchwork-perles-broderies.com\\\/blog\\\/2019\\\/12\\\/23\\\/les-oiseaux-de-noel\\\/#breadcrumblist\",\"itemListElement\":[{\"@type\":\"ListItem\",\"@id\":\"https:\\\/\\\/www.patchwork-perles-broderies.com\\\/blog#listItem\",\"position\":1,\"name\":\"Accueil\",\"item\":\"https:\\\/\\\/www.patchwork-perles-broderies.com\\\/blog\",\"nextItem\":{\"@type\":\"ListItem\",\"@id\":\"https:\\\/\\\/www.patchwork-perles-broderies.com\\\/blog\\\/category\\\/artistes\\\/#listItem\",\"name\":\"Artistes\"}},{\"@type\":\"ListItem\",\"@id\":\"https:\\\/\\\/www.patchwork-perles-broderies.com\\\/blog\\\/category\\\/artistes\\\/#listItem\",\"position\":2,\"name\":\"Artistes\",\"item\":\"https:\\\/\\\/www.patchwork-perles-broderies.com\\\/blog\\\/category\\\/artistes\\\/\",\"nextItem\":{\"@type\":\"ListItem\",\"@id\":\"https:\\\/\\\/www.patchwork-perles-broderies.com\\\/blog\\\/2019\\\/12\\\/23\\\/les-oiseaux-de-noel\\\/#listItem\",\"name\":\"Les oiseaux de No\\u00ebl\"},\"previousItem\":{\"@type\":\"ListItem\",\"@id\":\"https:\\\/\\\/www.patchwork-perles-broderies.com\\\/blog#listItem\",\"name\":\"Accueil\"}},{\"@type\":\"ListItem\",\"@id\":\"https:\\\/\\\/www.patchwork-perles-broderies.com\\\/blog\\\/2019\\\/12\\\/23\\\/les-oiseaux-de-noel\\\/#listItem\",\"position\":3,\"name\":\"Les oiseaux de No\\u00ebl\",\"previousItem\":{\"@type\":\"ListItem\",\"@id\":\"https:\\\/\\\/www.patchwork-perles-broderies.com\\\/blog\\\/category\\\/artistes\\\/#listItem\",\"name\":\"Artistes\"}}]},{\"@type\":\"Person\",\"@id\":\"https:\\\/\\\/www.patchwork-perles-broderies.com\\\/blog\\\/#person\",\"name\":\"admin\",\"image\":{\"@type\":\"ImageObject\",\"@id\":\"https:\\\/\\\/www.patchwork-perles-broderies.com\\\/blog\\\/2019\\\/12\\\/23\\\/les-oiseaux-de-noel\\\/#personImage\",\"url\":\"https:\\\/\\\/secure.gravatar.com\\\/avatar\\\/f8283cc8f0bd73ad8d4a00aade7fefd9b739f96e8a9e5f8fa202319c0962314e?s=96&d=identicon&r=g\",\"width\":96,\"height\":96,\"caption\":\"admin\"}},{\"@type\":\"Person\",\"@id\":\"https:\\\/\\\/www.patchwork-perles-broderies.com\\\/blog\\\/author\\\/admin\\\/#author\",\"url\":\"https:\\\/\\\/www.patchwork-perles-broderies.com\\\/blog\\\/author\\\/admin\\\/\",\"name\":\"admin\",\"image\":{\"@type\":\"ImageObject\",\"@id\":\"https:\\\/\\\/www.patchwork-perles-broderies.com\\\/blog\\\/2019\\\/12\\\/23\\\/les-oiseaux-de-noel\\\/#authorImage\",\"url\":\"https:\\\/\\\/secure.gravatar.com\\\/avatar\\\/f8283cc8f0bd73ad8d4a00aade7fefd9b739f96e8a9e5f8fa202319c0962314e?s=96&d=identicon&r=g\",\"width\":96,\"height\":96,\"caption\":\"admin\"}},{\"@type\":\"WebPage\",\"@id\":\"https:\\\/\\\/www.patchwork-perles-broderies.com\\\/blog\\\/2019\\\/12\\\/23\\\/les-oiseaux-de-noel\\\/#webpage\",\"url\":\"https:\\\/\\\/www.patchwork-perles-broderies.com\\\/blog\\\/2019\\\/12\\\/23\\\/les-oiseaux-de-noel\\\/\",\"name\":\"Les oiseaux de No\\u00ebl | Patchwork Perles et Broderies - Le Blog\",\"description\":\"Ce qui me manque le plus en hiver ce sont les oiseaux. Bien s\\u00fbr on en voit encore dans les champs, bien que l'agriculture intensive ait amen\\u00e9 leur rar\\u00e9faction, mais ceux qui restent sont souvent de tristes oiseaux noirs de type corbeau. Pourtant l'autre jour, un merle qui \\u00e9tait venu frapper \\u00e0 ma fen\\u00eatre l'an\",\"inLanguage\":\"fr-FR\",\"isPartOf\":{\"@id\":\"https:\\\/\\\/www.patchwork-perles-broderies.com\\\/blog\\\/#website\"},\"breadcrumb\":{\"@id\":\"https:\\\/\\\/www.patchwork-perles-broderies.com\\\/blog\\\/2019\\\/12\\\/23\\\/les-oiseaux-de-noel\\\/#breadcrumblist\"},\"author\":{\"@id\":\"https:\\\/\\\/www.patchwork-perles-broderies.com\\\/blog\\\/author\\\/admin\\\/#author\"},\"creator\":{\"@id\":\"https:\\\/\\\/www.patchwork-perles-broderies.com\\\/blog\\\/author\\\/admin\\\/#author\"},\"datePublished\":\"2019-12-23T10:43:54+01:00\",\"dateModified\":\"2019-12-23T10:43:54+01:00\"},{\"@type\":\"WebSite\",\"@id\":\"https:\\\/\\\/www.patchwork-perles-broderies.com\\\/blog\\\/#website\",\"url\":\"https:\\\/\\\/www.patchwork-perles-broderies.com\\\/blog\\\/\",\"name\":\"Patchwork Perles et Broderies\",\"description\":\"La Passion du Patch Orn\\u00e9 ( Website : patchwork-perles-broderies.com )\",\"inLanguage\":\"fr-FR\",\"publisher\":{\"@id\":\"https:\\\/\\\/www.patchwork-perles-broderies.com\\\/blog\\\/#person\"}}]}\n\t\t<\/script>\n\t\t<!-- All in One SEO -->\n\n","aioseo_head_json":{"title":"Les oiseaux de No\u00ebl | Patchwork Perles et Broderies - Le Blog","description":"Ce qui me manque le plus en hiver ce sont les oiseaux. Bien s\u00fbr on en voit encore dans les champs, bien que l'agriculture intensive ait amen\u00e9 leur rar\u00e9faction, mais ceux qui restent sont souvent de tristes oiseaux noirs de type corbeau. Pourtant l'autre jour, un merle qui \u00e9tait venu frapper \u00e0 ma fen\u00eatre l'an","canonical_url":"https:\/\/www.patchwork-perles-broderies.com\/blog\/2019\/12\/23\/les-oiseaux-de-noel\/","robots":"max-image-preview:large","keywords":"","webmasterTools":{"miscellaneous":""},"schema":{"@context":"https:\/\/schema.org","@graph":[{"@type":"Article","@id":"https:\/\/www.patchwork-perles-broderies.com\/blog\/2019\/12\/23\/les-oiseaux-de-noel\/#article","name":"Les oiseaux de No\u00ebl | Patchwork Perles et Broderies - Le Blog","headline":"Les oiseaux de No\u00ebl","author":{"@id":"https:\/\/www.patchwork-perles-broderies.com\/blog\/author\/admin\/#author"},"publisher":{"@id":"https:\/\/www.patchwork-perles-broderies.com\/blog\/#person"},"image":{"@type":"ImageObject","url":"http:\/\/www.patchwork-perles-broderies.com\/blog\/wp-content\/uploads\/2019\/12\/Kathy-Mc-Neil-h\u00e9ron-276x300.jpg","@id":"https:\/\/www.patchwork-perles-broderies.com\/blog\/2019\/12\/23\/les-oiseaux-de-noel\/#articleImage"},"datePublished":"2019-12-23T10:43:54+01:00","dateModified":"2019-12-23T10:43:54+01:00","inLanguage":"fr-FR","mainEntityOfPage":{"@id":"https:\/\/www.patchwork-perles-broderies.com\/blog\/2019\/12\/23\/les-oiseaux-de-noel\/#webpage"},"isPartOf":{"@id":"https:\/\/www.patchwork-perles-broderies.com\/blog\/2019\/12\/23\/les-oiseaux-de-noel\/#webpage"},"articleSection":"Artistes"},{"@type":"BreadcrumbList","@id":"https:\/\/www.patchwork-perles-broderies.com\/blog\/2019\/12\/23\/les-oiseaux-de-noel\/#breadcrumblist","itemListElement":[{"@type":"ListItem","@id":"https:\/\/www.patchwork-perles-broderies.com\/blog#listItem","position":1,"name":"Accueil","item":"https:\/\/www.patchwork-perles-broderies.com\/blog","nextItem":{"@type":"ListItem","@id":"https:\/\/www.patchwork-perles-broderies.com\/blog\/category\/artistes\/#listItem","name":"Artistes"}},{"@type":"ListItem","@id":"https:\/\/www.patchwork-perles-broderies.com\/blog\/category\/artistes\/#listItem","position":2,"name":"Artistes","item":"https:\/\/www.patchwork-perles-broderies.com\/blog\/category\/artistes\/","nextItem":{"@type":"ListItem","@id":"https:\/\/www.patchwork-perles-broderies.com\/blog\/2019\/12\/23\/les-oiseaux-de-noel\/#listItem","name":"Les oiseaux de No\u00ebl"},"previousItem":{"@type":"ListItem","@id":"https:\/\/www.patchwork-perles-broderies.com\/blog#listItem","name":"Accueil"}},{"@type":"ListItem","@id":"https:\/\/www.patchwork-perles-broderies.com\/blog\/2019\/12\/23\/les-oiseaux-de-noel\/#listItem","position":3,"name":"Les oiseaux de No\u00ebl","previousItem":{"@type":"ListItem","@id":"https:\/\/www.patchwork-perles-broderies.com\/blog\/category\/artistes\/#listItem","name":"Artistes"}}]},{"@type":"Person","@id":"https:\/\/www.patchwork-perles-broderies.com\/blog\/#person","name":"admin","image":{"@type":"ImageObject","@id":"https:\/\/www.patchwork-perles-broderies.com\/blog\/2019\/12\/23\/les-oiseaux-de-noel\/#personImage","url":"https:\/\/secure.gravatar.com\/avatar\/f8283cc8f0bd73ad8d4a00aade7fefd9b739f96e8a9e5f8fa202319c0962314e?s=96&d=identicon&r=g","width":96,"height":96,"caption":"admin"}},{"@type":"Person","@id":"https:\/\/www.patchwork-perles-broderies.com\/blog\/author\/admin\/#author","url":"https:\/\/www.patchwork-perles-broderies.com\/blog\/author\/admin\/","name":"admin","image":{"@type":"ImageObject","@id":"https:\/\/www.patchwork-perles-broderies.com\/blog\/2019\/12\/23\/les-oiseaux-de-noel\/#authorImage","url":"https:\/\/secure.gravatar.com\/avatar\/f8283cc8f0bd73ad8d4a00aade7fefd9b739f96e8a9e5f8fa202319c0962314e?s=96&d=identicon&r=g","width":96,"height":96,"caption":"admin"}},{"@type":"WebPage","@id":"https:\/\/www.patchwork-perles-broderies.com\/blog\/2019\/12\/23\/les-oiseaux-de-noel\/#webpage","url":"https:\/\/www.patchwork-perles-broderies.com\/blog\/2019\/12\/23\/les-oiseaux-de-noel\/","name":"Les oiseaux de No\u00ebl | Patchwork Perles et Broderies - Le Blog","description":"Ce qui me manque le plus en hiver ce sont les oiseaux. Bien s\u00fbr on en voit encore dans les champs, bien que l'agriculture intensive ait amen\u00e9 leur rar\u00e9faction, mais ceux qui restent sont souvent de tristes oiseaux noirs de type corbeau. Pourtant l'autre jour, un merle qui \u00e9tait venu frapper \u00e0 ma fen\u00eatre l'an","inLanguage":"fr-FR","isPartOf":{"@id":"https:\/\/www.patchwork-perles-broderies.com\/blog\/#website"},"breadcrumb":{"@id":"https:\/\/www.patchwork-perles-broderies.com\/blog\/2019\/12\/23\/les-oiseaux-de-noel\/#breadcrumblist"},"author":{"@id":"https:\/\/www.patchwork-perles-broderies.com\/blog\/author\/admin\/#author"},"creator":{"@id":"https:\/\/www.patchwork-perles-broderies.com\/blog\/author\/admin\/#author"},"datePublished":"2019-12-23T10:43:54+01:00","dateModified":"2019-12-23T10:43:54+01:00"},{"@type":"WebSite","@id":"https:\/\/www.patchwork-perles-broderies.com\/blog\/#website","url":"https:\/\/www.patchwork-perles-broderies.com\/blog\/","name":"Patchwork Perles et Broderies","description":"La Passion du Patch Orn\u00e9 ( Website : patchwork-perles-broderies.com )","inLanguage":"fr-FR","publisher":{"@id":"https:\/\/www.patchwork-perles-broderies.com\/blog\/#person"}}]},"og:locale":"fr_FR","og:site_name":"Patchwork Perles et Broderies - Le Blog |  La Passion du Patch Orn\u00e9 ( Website : patchwork-perles-broderies.com )","og:type":"article","og:title":"Les oiseaux de No\u00ebl | Patchwork Perles et Broderies - Le Blog","og:description":"Ce qui me manque le plus en hiver ce sont les oiseaux. Bien s\u00fbr on en voit encore dans les champs, bien que l'agriculture intensive ait amen\u00e9 leur rar\u00e9faction, mais ceux qui restent sont souvent de tristes oiseaux noirs de type corbeau. Pourtant l'autre jour, un merle qui \u00e9tait venu frapper \u00e0 ma fen\u00eatre l'an","og:url":"https:\/\/www.patchwork-perles-broderies.com\/blog\/2019\/12\/23\/les-oiseaux-de-noel\/","article:published_time":"2019-12-23T09:43:54+00:00","article:modified_time":"2019-12-23T09:43:54+00:00","twitter:card":"summary","twitter:title":"Les oiseaux de No\u00ebl | Patchwork Perles et Broderies - Le Blog","twitter:description":"Ce qui me manque le plus en hiver ce sont les oiseaux. Bien s\u00fbr on en voit encore dans les champs, bien que l'agriculture intensive ait amen\u00e9 leur rar\u00e9faction, mais ceux qui restent sont souvent de tristes oiseaux noirs de type corbeau. Pourtant l'autre jour, un merle qui \u00e9tait venu frapper \u00e0 ma fen\u00eatre l'an"},"aioseo_meta_data":{"post_id":"5223","title":null,"description":null,"keywords":null,"keyphrases":null,"primary_term":null,"canonical_url":null,"og_title":null,"og_description":null,"og_object_type":"default","og_image_type":"default","og_image_url":null,"og_image_width":null,"og_image_height":null,"og_image_custom_url":null,"og_image_custom_fields":null,"og_video":null,"og_custom_url":null,"og_article_section":null,"og_article_tags":null,"twitter_use_og":false,"twitter_card":"default","twitter_image_type":"default","twitter_image_url":null,"twitter_image_custom_url":null,"twitter_image_custom_fields":null,"twitter_title":null,"twitter_description":null,"schema":{"blockGraphs":[],"customGraphs":[],"default":{"data":{"Article":[],"Course":[],"Dataset":[],"FAQPage":[],"Movie":[],"Person":[],"Product":[],"ProductReview":[],"Car":[],"Recipe":[],"Service":[],"SoftwareApplication":[],"WebPage":[]},"graphName":"","isEnabled":true},"graphs":[]},"schema_type":null,"schema_type_options":null,"pillar_content":false,"robots_default":true,"robots_noindex":false,"robots_noarchive":false,"robots_nosnippet":false,"robots_nofollow":false,"robots_noimageindex":false,"robots_noodp":false,"robots_notranslate":false,"robots_max_snippet":null,"robots_max_videopreview":null,"robots_max_imagepreview":"large","priority":null,"frequency":null,"location":null,"local_seo":null,"breadcrumb_settings":null,"limit_modified_date":false,"ai":null,"created":"2021-01-22 11:18:55","updated":"2025-06-28 22:28:52","focus_keyword":null,"additional_keywords":null,"truseo_locale":null,"seo_analyzer_scan_date":null},"aioseo_breadcrumb":"<div class=\"aioseo-breadcrumbs\"><span class=\"aioseo-breadcrumb\">\n\t\t\t<a href=\"https:\/\/www.patchwork-perles-broderies.com\/blog\" title=\"Accueil\">Accueil<\/a>\n\t\t<\/span><span class=\"aioseo-breadcrumb-separator\">&raquo;<\/span><span class=\"aioseo-breadcrumb\">\n\t\t\t<a href=\"https:\/\/www.patchwork-perles-broderies.com\/blog\/category\/artistes\/\" title=\"Artistes\">Artistes<\/a>\n\t\t<\/span><span class=\"aioseo-breadcrumb-separator\">&raquo;<\/span><span class=\"aioseo-breadcrumb\">\n\t\t\tLes oiseaux de No\u00ebl\n\t\t<\/span><\/div>","aioseo_breadcrumb_json":[{"label":"Accueil","link":"https:\/\/www.patchwork-perles-broderies.com\/blog"},{"label":"Artistes","link":"https:\/\/www.patchwork-perles-broderies.com\/blog\/category\/artistes\/"},{"label":"Les oiseaux de No\u00ebl","link":"https:\/\/www.patchwork-perles-broderies.com\/blog\/2019\/12\/23\/les-oiseaux-de-noel\/"}],"_links":{"self":[{"href":"https:\/\/www.patchwork-perles-broderies.com\/blog\/wp-json\/wp\/v2\/posts\/5223","targetHints":{"allow":["GET"]}}],"collection":[{"href":"https:\/\/www.patchwork-perles-broderies.com\/blog\/wp-json\/wp\/v2\/posts"}],"about":[{"href":"https:\/\/www.patchwork-perles-broderies.com\/blog\/wp-json\/wp\/v2\/types\/post"}],"author":[{"embeddable":true,"href":"https:\/\/www.patchwork-perles-broderies.com\/blog\/wp-json\/wp\/v2\/users\/1"}],"replies":[{"embeddable":true,"href":"https:\/\/www.patchwork-perles-broderies.com\/blog\/wp-json\/wp\/v2\/comments?post=5223"}],"version-history":[{"count":1,"href":"https:\/\/www.patchwork-perles-broderies.com\/blog\/wp-json\/wp\/v2\/posts\/5223\/revisions"}],"predecessor-version":[{"id":5233,"href":"https:\/\/www.patchwork-perles-broderies.com\/blog\/wp-json\/wp\/v2\/posts\/5223\/revisions\/5233"}],"wp:attachment":[{"href":"https:\/\/www.patchwork-perles-broderies.com\/blog\/wp-json\/wp\/v2\/media?parent=5223"}],"wp:term":[{"taxonomy":"category","embeddable":true,"href":"https:\/\/www.patchwork-perles-broderies.com\/blog\/wp-json\/wp\/v2\/categories?post=5223"},{"taxonomy":"post_tag","embeddable":true,"href":"https:\/\/www.patchwork-perles-broderies.com\/blog\/wp-json\/wp\/v2\/tags?post=5223"}],"curies":[{"name":"wp","href":"https:\/\/api.w.org\/{rel}","templated":true}]}}