{"id":5251,"date":"2020-05-22T13:40:37","date_gmt":"2020-05-22T12:40:37","guid":{"rendered":"http:\/\/www.patchwork-perles-broderies.com\/blog\/?p=5251"},"modified":"2020-05-25T15:52:09","modified_gmt":"2020-05-25T14:52:09","slug":"un-nouveau-livre","status":"publish","type":"post","link":"https:\/\/www.patchwork-perles-broderies.com\/blog\/2020\/05\/22\/un-nouveau-livre\/","title":{"rendered":"Un nouveau livre"},"content":{"rendered":"<p style=\"text-align: justify;\"><img loading=\"lazy\" decoding=\"async\" class=\"alignleft size-full wp-image-5254\" src=\"http:\/\/www.patchwork-perles-broderies.com\/blog\/wp-content\/uploads\/2020\/05\/unnamed.jpg\" alt=\"\" width=\"238\" height=\"218\" \/>Celles d&rsquo;entre vous qui me suivent depuis longtemps se sont peut \u00eatre \u00e9tonn\u00e9es de ma disparition. C&rsquo;est parce que j&rsquo;ai pass\u00e9 les 6 derniers mois \u00e0 \u00e9crire un nouveau livre. Cette fois il ne s&rsquo;agit pas de patchwork ce qui a rendu ma t\u00e2che bien plus difficile. Il s&rsquo;agit de chiens.<\/p>\n<p style=\"text-align: justify;\">Depuis plusieurs ann\u00e9es d\u00e9j\u00e0 je fais partie d&rsquo;une association qui s&rsquo;efforce de sauver les l\u00e9vriers espagnols ,(les galgos) du sort terrible qui les attend souvent en Espagne. Cette association travaille avec plusieurs refuges espagnols qui r\u00e9cup\u00e8rent les chiens abandonn\u00e9s et maltrait\u00e9s , essaient de les retaper avant de les proposer \u00e0 l&rsquo;adoption. Et comme beaucoup d&rsquo;associations caritatives nous sommes toujours \u00e0 court d&rsquo;argent. Chaque ann\u00e9e au printemps la fin de la saison de la chasse en Espagne entra\u00eene abandons et massacres et les refuges sont d\u00e9bord\u00e9s. la situation a empir\u00e9 l&rsquo;an dernier avec les inondations qui ont endommag\u00e9\u00a0 les installations de nombreux refuges et d\u00e9truit leurs r\u00e9serves de m\u00e9dicaments et de croquettes. Et\u00a0 nous commencions \u00e0 peine \u00e0 nous remettre de l&rsquo;\u00e9preuve lorsque le coronavirus est arriv\u00e9. Impossible d&rsquo;organiser les collectes de croquettes dans les magasins, impossible\u00a0 d&rsquo;envoyer couvertures ou m\u00e9dicaments en raison du confinement.<\/p>\n<p style=\"text-align: justify;\">Comme la g\u00e9n\u00e9rosit\u00e9 des donateurs est constamment sollicit\u00e9e par une cause ou une autre j&rsquo;ai eu l&rsquo;id\u00e9e d&rsquo;\u00e9crire un livre qui raconterait des histoires de sauvetage &#8211; il y en a des milliers et certaines sont tr\u00e8s \u00e9mouvantes-\u00a0 les b\u00e9n\u00e9fices recueillis devant aller \u00e0 l&rsquo;association.<\/p>\n<p><img loading=\"lazy\" decoding=\"async\" class=\"aligncenter size-full wp-image-5255\" src=\"http:\/\/www.patchwork-perles-broderies.com\/blog\/wp-content\/uploads\/2020\/05\/premi\u00e8re.jpg\" alt=\"\" width=\"496\" height=\"630\" srcset=\"https:\/\/www.patchwork-perles-broderies.com\/blog\/wp-content\/uploads\/2020\/05\/premi\u00e8re.jpg 496w, https:\/\/www.patchwork-perles-broderies.com\/blog\/wp-content\/uploads\/2020\/05\/premi\u00e8re-236x300.jpg 236w\" sizes=\"auto, (max-width: 496px) 100vw, 496px\" \/><\/p>\n<p style=\"text-align: justify;\">Il m&rsquo;a fallu des mois pour recueillir les histoires , les r\u00e9\u00e9crire, les mettre en page . Et puis le probl\u00e8me de l&rsquo;illustration s&rsquo;est pos\u00e9: celles qui m&rsquo;avaient propos\u00e9 leur aide n&rsquo;ont pas pu le faire en raison du confinement et j&rsquo;ai donc du me d\u00e9brouiller seule.<\/p>\n<p style=\"text-align: justify;\">Autant je me sens \u00e0 l&rsquo;aise avec des morceaux de tissu, je suis une experte en appliqu\u00e9 comme vous le savez toutes autant il est difficile pour moi\u00a0 d&rsquo;utiliser le fameux photoshop qui pourtant se contente de faire la m\u00eame chose : on d\u00e9coupe les images on les superpose et on les colle. Facile \u00e0 dire, mais j&rsquo;ai pass\u00e9 des heures et des heures sur chaque dessin et ils ne sont pas tous aussi r\u00e9ussi que je l&rsquo;aurais voulu.<\/p>\n<p>J&rsquo;ai m\u00eame r\u00e9ussi \u00e0\u00a0 inclure deux ou trois patch en d\u00e9coration<br \/>\n<img loading=\"lazy\" decoding=\"async\" class=\"aligncenter size-full wp-image-5256\" src=\"http:\/\/www.patchwork-perles-broderies.com\/blog\/wp-content\/uploads\/2020\/05\/Polka.jpg\" alt=\"\" width=\"569\" height=\"746\" srcset=\"https:\/\/www.patchwork-perles-broderies.com\/blog\/wp-content\/uploads\/2020\/05\/Polka.jpg 569w, https:\/\/www.patchwork-perles-broderies.com\/blog\/wp-content\/uploads\/2020\/05\/Polka-229x300.jpg 229w\" sizes=\"auto, (max-width: 569px) 100vw, 569px\" \/>Le livre co\u00fbte\u00a0 30 euros port compris et les b\u00e9n\u00e9fices seront int\u00e9gralement\u00a0 utilis\u00e9s pour les chiens. Pour ne pas donner une partie du gain \u00e0 un distributeur j&rsquo;ai d\u00e9cid\u00e9 d&rsquo;envoyer le livre moi m\u00eame \u00e0 celles qui en feraient la demande. Envoyez moi un mail pour que je vous donne les infos n\u00e9cessaires<\/p>\n","protected":false},"excerpt":{"rendered":"<p>Celles d&rsquo;entre vous qui me suivent depuis longtemps se sont peut \u00eatre \u00e9tonn\u00e9es de ma disparition. C&rsquo;est parce que j&rsquo;ai pass\u00e9 les 6 derniers mois \u00e0 \u00e9crire un nouveau livre. Cette fois il ne s&rsquo;agit pas de patchwork ce qui a rendu ma t\u00e2che bien plus difficile. Il s&rsquo;agit de chiens. Depuis plusieurs ann\u00e9es d\u00e9j\u00e0 [&hellip;]<\/p>\n","protected":false},"author":1,"featured_media":0,"comment_status":"open","ping_status":"open","sticky":false,"template":"","format":"standard","meta":{"footnotes":""},"categories":[1],"tags":[],"class_list":["post-5251","post","type-post","status-publish","format-standard","hentry","category-non-classe"],"aioseo_notices":[],"_links":{"self":[{"href":"https:\/\/www.patchwork-perles-broderies.com\/blog\/wp-json\/wp\/v2\/posts\/5251","targetHints":{"allow":["GET"]}}],"collection":[{"href":"https:\/\/www.patchwork-perles-broderies.com\/blog\/wp-json\/wp\/v2\/posts"}],"about":[{"href":"https:\/\/www.patchwork-perles-broderies.com\/blog\/wp-json\/wp\/v2\/types\/post"}],"author":[{"embeddable":true,"href":"https:\/\/www.patchwork-perles-broderies.com\/blog\/wp-json\/wp\/v2\/users\/1"}],"replies":[{"embeddable":true,"href":"https:\/\/www.patchwork-perles-broderies.com\/blog\/wp-json\/wp\/v2\/comments?post=5251"}],"version-history":[{"count":5,"href":"https:\/\/www.patchwork-perles-broderies.com\/blog\/wp-json\/wp\/v2\/posts\/5251\/revisions"}],"predecessor-version":[{"id":5259,"href":"https:\/\/www.patchwork-perles-broderies.com\/blog\/wp-json\/wp\/v2\/posts\/5251\/revisions\/5259"}],"wp:attachment":[{"href":"https:\/\/www.patchwork-perles-broderies.com\/blog\/wp-json\/wp\/v2\/media?parent=5251"}],"wp:term":[{"taxonomy":"category","embeddable":true,"href":"https:\/\/www.patchwork-perles-broderies.com\/blog\/wp-json\/wp\/v2\/categories?post=5251"},{"taxonomy":"post_tag","embeddable":true,"href":"https:\/\/www.patchwork-perles-broderies.com\/blog\/wp-json\/wp\/v2\/tags?post=5251"}],"curies":[{"name":"wp","href":"https:\/\/api.w.org\/{rel}","templated":true}]}}