{"id":5497,"date":"2021-01-22T13:11:37","date_gmt":"2021-01-22T12:11:37","guid":{"rendered":"http:\/\/www.patchwork-perles-broderies.com\/blog\/?p=5497"},"modified":"2021-01-22T13:11:37","modified_gmt":"2021-01-22T12:11:37","slug":"neige","status":"publish","type":"post","link":"https:\/\/www.patchwork-perles-broderies.com\/blog\/2021\/01\/22\/neige\/","title":{"rendered":"Neige"},"content":{"rendered":"<p style=\"text-align: justify;\">\n<p><img loading=\"lazy\" decoding=\"async\" class=\"size-full wp-image-5504 alignleft\" src=\"http:\/\/www.patchwork-perles-broderies.com\/blog\/wp-content\/uploads\/2021\/01\/Winter-Wonderland-quilt-Henry-Glass.png\" alt=\"\" width=\"356\" height=\"400\" srcset=\"https:\/\/www.patchwork-perles-broderies.com\/blog\/wp-content\/uploads\/2021\/01\/Winter-Wonderland-quilt-Henry-Glass.png 356w, https:\/\/www.patchwork-perles-broderies.com\/blog\/wp-content\/uploads\/2021\/01\/Winter-Wonderland-quilt-Henry-Glass-267x300.png 267w\" sizes=\"auto, (max-width: 356px) 100vw, 356px\" \/><\/p>\n<p>&nbsp;<\/p>\n<p>&nbsp;<\/p>\n<p>&nbsp;<\/p>\n<p>&nbsp;<\/p>\n<p style=\"text-align: justify;\">L&rsquo;hiver est l\u00e0 avec son cort\u00e8ge de froid de verglas et de neige. Personnellement je n&rsquo;aime la neige que lorsque je la vois tr\u00e8s loin sur les montagnes.<\/p>\n<p style=\"text-align: justify;\">Lorsqu&rsquo;elle vient chez moi \u00e7a me complique trop la vie.<\/p>\n<p style=\"text-align: justify;\">Mais si je n&rsquo;aime pas la neige , je trouve que le flocon de neige est une source d&rsquo;inspiration merveilleuse pour les quilteuses. Une seule difficult\u00e9: les flocons de neige ont obligatoirement 6 branches ce qui oblige \u00e0 travailler des formes hexagonales.<\/p>\n<p>&nbsp;<\/p>\n<p>Par exemple ce quilt et son bloc.<\/p>\n<p style=\"text-align: justify;\"><img loading=\"lazy\" decoding=\"async\" class=\"aligncenter size-full wp-image-5506\" src=\"http:\/\/www.patchwork-perles-broderies.com\/blog\/wp-content\/uploads\/2021\/01\/snowy-day.jpg\" alt=\"\" width=\"624\" height=\"626\" srcset=\"https:\/\/www.patchwork-perles-broderies.com\/blog\/wp-content\/uploads\/2021\/01\/snowy-day.jpg 624w, https:\/\/www.patchwork-perles-broderies.com\/blog\/wp-content\/uploads\/2021\/01\/snowy-day-300x300.jpg 300w, https:\/\/www.patchwork-perles-broderies.com\/blog\/wp-content\/uploads\/2021\/01\/snowy-day-150x150.jpg 150w\" sizes=\"auto, (max-width: 624px) 100vw, 624px\" \/><\/p>\n<p style=\"text-align: justify;\"><img loading=\"lazy\" decoding=\"async\" class=\"aligncenter size-medium wp-image-5501\" src=\"http:\/\/www.patchwork-perles-broderies.com\/blog\/wp-content\/uploads\/2021\/01\/snowflake1-300x300.jpg\" alt=\"\" width=\"300\" height=\"300\" srcset=\"https:\/\/www.patchwork-perles-broderies.com\/blog\/wp-content\/uploads\/2021\/01\/snowflake1-300x300.jpg 300w, https:\/\/www.patchwork-perles-broderies.com\/blog\/wp-content\/uploads\/2021\/01\/snowflake1-150x150.jpg 150w, https:\/\/www.patchwork-perles-broderies.com\/blog\/wp-content\/uploads\/2021\/01\/snowflake1-624x624.jpg 624w, https:\/\/www.patchwork-perles-broderies.com\/blog\/wp-content\/uploads\/2021\/01\/snowflake1.jpg 768w\" sizes=\"auto, (max-width: 300px) 100vw, 300px\" \/><\/p>\n<p style=\"text-align: justify;\">Le pi\u00e9\u00e7age papier rend les assemblages bien plus faciles.<\/p>\n<p style=\"text-align: justify;\">Voici un autre exemple beaucoup plus difficile \u00e0 ex\u00e9cuter et le triangle qui permet de l&rsquo;ex\u00e9cuter<\/p>\n<p>Snowflakes, designed by Barbara Fiedler and Sherri Driver.<\/p>\n<p><img loading=\"lazy\" decoding=\"async\" class=\"aligncenter size-full wp-image-5503\" src=\"http:\/\/www.patchwork-perles-broderies.com\/blog\/wp-content\/uploads\/2021\/01\/SNOWFLAKES0800.gif\" alt=\"\" width=\"450\" height=\"528\" \/><\/p>\n<p>autre bloc\u00a0 g\u00e9n\u00e9reusement partag\u00e9<\/p>\n<p>https:\/\/fr.scribd.com\/doc\/50648287\/Patchwork-Quilting-Snowflakes<\/p>\n<p><img loading=\"lazy\" decoding=\"async\" class=\"aligncenter size-full wp-image-5499\" src=\"http:\/\/www.patchwork-perles-broderies.com\/blog\/wp-content\/uploads\/2021\/01\/free-quilt-pattern1.jpg\" alt=\"\" width=\"474\" height=\"587\" srcset=\"https:\/\/www.patchwork-perles-broderies.com\/blog\/wp-content\/uploads\/2021\/01\/free-quilt-pattern1.jpg 474w, https:\/\/www.patchwork-perles-broderies.com\/blog\/wp-content\/uploads\/2021\/01\/free-quilt-pattern1-242x300.jpg 242w\" sizes=\"auto, (max-width: 474px) 100vw, 474px\" \/><\/p>\n<p style=\"text-align: justify;\">L\u00e0 aussi\u00a0 l&rsquo;auteur du dessin partage g\u00e9n\u00e9reusement le patron avec vous. Vous pouvez t\u00e9l\u00e9charger le PDF sur https:\/\/www.isewfree.com\/free-quilt-pattern-snowflake-6\/<\/p>\n<p><img loading=\"lazy\" decoding=\"async\" class=\"aligncenter size-medium wp-image-5498\" src=\"http:\/\/www.patchwork-perles-broderies.com\/blog\/wp-content\/uploads\/2021\/01\/free-quilt-pattern-268x300.jpg\" alt=\"\" width=\"268\" height=\"300\" srcset=\"https:\/\/www.patchwork-perles-broderies.com\/blog\/wp-content\/uploads\/2021\/01\/free-quilt-pattern-268x300.jpg 268w, https:\/\/www.patchwork-perles-broderies.com\/blog\/wp-content\/uploads\/2021\/01\/free-quilt-pattern.jpg 356w\" sizes=\"auto, (max-width: 268px) 100vw, 268px\" \/><\/p>\n<p style=\"text-align: justify;\">On\u00a0 peut aussi\u00a0 tricher un peu et utiliser des motifs d&rsquo;\u00e9toiles pour faire un \u00a0\u00bb quilt d&rsquo;hiver\u00a0\u00bb. Ce sont les coloris choisi qui donnent un sentiment d&rsquo;hiver et de froid.<\/p>\n<p style=\"text-align: justify;\"><img loading=\"lazy\" decoding=\"async\" class=\"aligncenter size-full wp-image-5502\" src=\"http:\/\/www.patchwork-perles-broderies.com\/blog\/wp-content\/uploads\/2021\/01\/snowflakes-quilts.jpg\" alt=\"\" width=\"635\" height=\"810\" srcset=\"https:\/\/www.patchwork-perles-broderies.com\/blog\/wp-content\/uploads\/2021\/01\/snowflakes-quilts.jpg 635w, https:\/\/www.patchwork-perles-broderies.com\/blog\/wp-content\/uploads\/2021\/01\/snowflakes-quilts-235x300.jpg 235w, https:\/\/www.patchwork-perles-broderies.com\/blog\/wp-content\/uploads\/2021\/01\/snowflakes-quilts-624x796.jpg 624w\" sizes=\"auto, (max-width: 635px) 100vw, 635px\" \/><\/p>\n<p style=\"text-align: justify;\">On peut aussi, comme moi, tricher et faire des flocons avec des morceaux de guipure. Ils seront ensuite\u00a0 appliqu\u00e9s sur le fond.<\/p>\n<p><img loading=\"lazy\" decoding=\"async\" class=\"aligncenter size-large wp-image-5508\" src=\"http:\/\/www.patchwork-perles-broderies.com\/blog\/wp-content\/uploads\/2021\/01\/DSCF0256-1024x1019.jpg\" alt=\"\" width=\"625\" height=\"622\" srcset=\"https:\/\/www.patchwork-perles-broderies.com\/blog\/wp-content\/uploads\/2021\/01\/DSCF0256-1024x1019.jpg 1024w, https:\/\/www.patchwork-perles-broderies.com\/blog\/wp-content\/uploads\/2021\/01\/DSCF0256-300x298.jpg 300w, https:\/\/www.patchwork-perles-broderies.com\/blog\/wp-content\/uploads\/2021\/01\/DSCF0256-150x150.jpg 150w, https:\/\/www.patchwork-perles-broderies.com\/blog\/wp-content\/uploads\/2021\/01\/DSCF0256-768x764.jpg 768w, https:\/\/www.patchwork-perles-broderies.com\/blog\/wp-content\/uploads\/2021\/01\/DSCF0256-1536x1528.jpg 1536w, https:\/\/www.patchwork-perles-broderies.com\/blog\/wp-content\/uploads\/2021\/01\/DSCF0256-624x621.jpg 624w, https:\/\/www.patchwork-perles-broderies.com\/blog\/wp-content\/uploads\/2021\/01\/DSCF0256-1320x1313.jpg 1320w, https:\/\/www.patchwork-perles-broderies.com\/blog\/wp-content\/uploads\/2021\/01\/DSCF0256.jpg 1716w\" sizes=\"auto, (max-width: 625px) 100vw, 625px\" \/><\/p>\n<p>&nbsp;<\/p>\n<p>&nbsp;<\/p>\n<p>&nbsp;<\/p>\n<p>&nbsp;<\/p>\n","protected":false},"excerpt":{"rendered":"<p>&nbsp; &nbsp; &nbsp; &nbsp; L&rsquo;hiver est l\u00e0 avec son cort\u00e8ge de froid de verglas et de neige. Personnellement je n&rsquo;aime la neige que lorsque je la vois tr\u00e8s loin sur les montagnes. Lorsqu&rsquo;elle vient chez moi \u00e7a me complique trop la vie. Mais si je n&rsquo;aime pas la neige , je trouve que le flocon [&hellip;]<\/p>\n","protected":false},"author":1,"featured_media":0,"comment_status":"open","ping_status":"open","sticky":false,"template":"","format":"standard","meta":{"footnotes":""},"categories":[1],"tags":[],"class_list":["post-5497","post","type-post","status-publish","format-standard","hentry","category-non-classe"],"aioseo_notices":[],"aioseo_head":"\n\t\t<!-- All in One SEO 5.0.1.1 - aioseo.com -->\n\t<meta name=\"description\" content=\"L&#039;hiver est l\u00e0 avec son cort\u00e8ge de froid de verglas et de neige. Personnellement je n&#039;aime la neige que lorsque je la vois tr\u00e8s loin sur les montagnes. Lorsqu&#039;elle vient chez moi \u00e7a me complique trop la vie. Mais si je n&#039;aime pas la neige , je trouve que le flocon\" \/>\n\t<meta name=\"robots\" content=\"max-image-preview:large\" \/>\n\t<meta name=\"author\" content=\"admin\"\/>\n\t<link rel=\"canonical\" href=\"https:\/\/www.patchwork-perles-broderies.com\/blog\/2021\/01\/22\/neige\/\" \/>\n\t<meta name=\"generator\" content=\"All in One SEO (AIOSEO) 5.0.1.1\" \/>\n\t\t<meta property=\"og:locale\" content=\"fr_FR\" \/>\n\t\t<meta property=\"og:site_name\" content=\"Patchwork Perles et Broderies - Le Blog |  La Passion du Patch Orn\u00e9 ( Website : patchwork-perles-broderies.com )\" \/>\n\t\t<meta property=\"og:type\" content=\"article\" \/>\n\t\t<meta property=\"og:title\" content=\"Neige | Patchwork Perles et Broderies - Le Blog\" \/>\n\t\t<meta property=\"og:description\" content=\"L&#039;hiver est l\u00e0 avec son cort\u00e8ge de froid de verglas et de neige. Personnellement je n&#039;aime la neige que lorsque je la vois tr\u00e8s loin sur les montagnes. Lorsqu&#039;elle vient chez moi \u00e7a me complique trop la vie. Mais si je n&#039;aime pas la neige , je trouve que le flocon\" \/>\n\t\t<meta property=\"og:url\" content=\"https:\/\/www.patchwork-perles-broderies.com\/blog\/2021\/01\/22\/neige\/\" \/>\n\t\t<meta property=\"article:published_time\" content=\"2021-01-22T12:11:37+00:00\" \/>\n\t\t<meta property=\"article:modified_time\" content=\"2021-01-22T12:11:37+00:00\" \/>\n\t\t<meta name=\"twitter:card\" content=\"summary\" \/>\n\t\t<meta name=\"twitter:title\" content=\"Neige | Patchwork Perles et Broderies - Le Blog\" \/>\n\t\t<meta name=\"twitter:description\" content=\"L&#039;hiver est l\u00e0 avec son cort\u00e8ge de froid de verglas et de neige. Personnellement je n&#039;aime la neige que lorsque je la vois tr\u00e8s loin sur les montagnes. Lorsqu&#039;elle vient chez moi \u00e7a me complique trop la vie. Mais si je n&#039;aime pas la neige , je trouve que le flocon\" \/>\n\t\t<script type=\"application\/ld+json\" class=\"aioseo-schema\">\n\t\t\t{\"@context\":\"https:\\\/\\\/schema.org\",\"@graph\":[{\"@type\":\"Article\",\"@id\":\"https:\\\/\\\/www.patchwork-perles-broderies.com\\\/blog\\\/2021\\\/01\\\/22\\\/neige\\\/#article\",\"name\":\"Neige | Patchwork Perles et Broderies - Le Blog\",\"headline\":\"Neige\",\"author\":{\"@id\":\"https:\\\/\\\/www.patchwork-perles-broderies.com\\\/blog\\\/author\\\/admin\\\/#author\"},\"publisher\":{\"@id\":\"https:\\\/\\\/www.patchwork-perles-broderies.com\\\/blog\\\/#person\"},\"image\":{\"@type\":\"ImageObject\",\"url\":\"https:\\\/\\\/www.patchwork-perles-broderies.com\\\/blog\\\/wp-content\\\/uploads\\\/2021\\\/01\\\/Winter-Wonderland-quilt-Henry-Glass.png\",\"@id\":\"https:\\\/\\\/www.patchwork-perles-broderies.com\\\/blog\\\/2021\\\/01\\\/22\\\/neige\\\/#articleImage\",\"width\":356,\"height\":400},\"datePublished\":\"2021-01-22T13:11:37+01:00\",\"dateModified\":\"2021-01-22T13:11:37+01:00\",\"inLanguage\":\"fr-FR\",\"commentCount\":4,\"mainEntityOfPage\":{\"@id\":\"https:\\\/\\\/www.patchwork-perles-broderies.com\\\/blog\\\/2021\\\/01\\\/22\\\/neige\\\/#webpage\"},\"isPartOf\":{\"@id\":\"https:\\\/\\\/www.patchwork-perles-broderies.com\\\/blog\\\/2021\\\/01\\\/22\\\/neige\\\/#webpage\"},\"articleSection\":\"Non class\\u00e9\"},{\"@type\":\"BreadcrumbList\",\"@id\":\"https:\\\/\\\/www.patchwork-perles-broderies.com\\\/blog\\\/2021\\\/01\\\/22\\\/neige\\\/#breadcrumblist\",\"itemListElement\":[{\"@type\":\"ListItem\",\"@id\":\"https:\\\/\\\/www.patchwork-perles-broderies.com\\\/blog#listItem\",\"position\":1,\"name\":\"Accueil\",\"item\":\"https:\\\/\\\/www.patchwork-perles-broderies.com\\\/blog\",\"nextItem\":{\"@type\":\"ListItem\",\"@id\":\"https:\\\/\\\/www.patchwork-perles-broderies.com\\\/blog\\\/category\\\/non-classe\\\/#listItem\",\"name\":\"Non class\\u00e9\"}},{\"@type\":\"ListItem\",\"@id\":\"https:\\\/\\\/www.patchwork-perles-broderies.com\\\/blog\\\/category\\\/non-classe\\\/#listItem\",\"position\":2,\"name\":\"Non class\\u00e9\",\"item\":\"https:\\\/\\\/www.patchwork-perles-broderies.com\\\/blog\\\/category\\\/non-classe\\\/\",\"nextItem\":{\"@type\":\"ListItem\",\"@id\":\"https:\\\/\\\/www.patchwork-perles-broderies.com\\\/blog\\\/2021\\\/01\\\/22\\\/neige\\\/#listItem\",\"name\":\"Neige\"},\"previousItem\":{\"@type\":\"ListItem\",\"@id\":\"https:\\\/\\\/www.patchwork-perles-broderies.com\\\/blog#listItem\",\"name\":\"Accueil\"}},{\"@type\":\"ListItem\",\"@id\":\"https:\\\/\\\/www.patchwork-perles-broderies.com\\\/blog\\\/2021\\\/01\\\/22\\\/neige\\\/#listItem\",\"position\":3,\"name\":\"Neige\",\"previousItem\":{\"@type\":\"ListItem\",\"@id\":\"https:\\\/\\\/www.patchwork-perles-broderies.com\\\/blog\\\/category\\\/non-classe\\\/#listItem\",\"name\":\"Non class\\u00e9\"}}]},{\"@type\":\"Person\",\"@id\":\"https:\\\/\\\/www.patchwork-perles-broderies.com\\\/blog\\\/#person\",\"name\":\"admin\",\"image\":{\"@type\":\"ImageObject\",\"@id\":\"https:\\\/\\\/www.patchwork-perles-broderies.com\\\/blog\\\/2021\\\/01\\\/22\\\/neige\\\/#personImage\",\"url\":\"https:\\\/\\\/secure.gravatar.com\\\/avatar\\\/f8283cc8f0bd73ad8d4a00aade7fefd9b739f96e8a9e5f8fa202319c0962314e?s=96&d=identicon&r=g\",\"width\":96,\"height\":96,\"caption\":\"admin\"}},{\"@type\":\"Person\",\"@id\":\"https:\\\/\\\/www.patchwork-perles-broderies.com\\\/blog\\\/author\\\/admin\\\/#author\",\"url\":\"https:\\\/\\\/www.patchwork-perles-broderies.com\\\/blog\\\/author\\\/admin\\\/\",\"name\":\"admin\",\"image\":{\"@type\":\"ImageObject\",\"@id\":\"https:\\\/\\\/www.patchwork-perles-broderies.com\\\/blog\\\/2021\\\/01\\\/22\\\/neige\\\/#authorImage\",\"url\":\"https:\\\/\\\/secure.gravatar.com\\\/avatar\\\/f8283cc8f0bd73ad8d4a00aade7fefd9b739f96e8a9e5f8fa202319c0962314e?s=96&d=identicon&r=g\",\"width\":96,\"height\":96,\"caption\":\"admin\"}},{\"@type\":\"WebPage\",\"@id\":\"https:\\\/\\\/www.patchwork-perles-broderies.com\\\/blog\\\/2021\\\/01\\\/22\\\/neige\\\/#webpage\",\"url\":\"https:\\\/\\\/www.patchwork-perles-broderies.com\\\/blog\\\/2021\\\/01\\\/22\\\/neige\\\/\",\"name\":\"Neige | Patchwork Perles et Broderies - Le Blog\",\"description\":\"L'hiver est l\\u00e0 avec son cort\\u00e8ge de froid de verglas et de neige. Personnellement je n'aime la neige que lorsque je la vois tr\\u00e8s loin sur les montagnes. Lorsqu'elle vient chez moi \\u00e7a me complique trop la vie. Mais si je n'aime pas la neige , je trouve que le flocon\",\"inLanguage\":\"fr-FR\",\"isPartOf\":{\"@id\":\"https:\\\/\\\/www.patchwork-perles-broderies.com\\\/blog\\\/#website\"},\"breadcrumb\":{\"@id\":\"https:\\\/\\\/www.patchwork-perles-broderies.com\\\/blog\\\/2021\\\/01\\\/22\\\/neige\\\/#breadcrumblist\"},\"author\":{\"@id\":\"https:\\\/\\\/www.patchwork-perles-broderies.com\\\/blog\\\/author\\\/admin\\\/#author\"},\"creator\":{\"@id\":\"https:\\\/\\\/www.patchwork-perles-broderies.com\\\/blog\\\/author\\\/admin\\\/#author\"},\"datePublished\":\"2021-01-22T13:11:37+01:00\",\"dateModified\":\"2021-01-22T13:11:37+01:00\"},{\"@type\":\"WebSite\",\"@id\":\"https:\\\/\\\/www.patchwork-perles-broderies.com\\\/blog\\\/#website\",\"url\":\"https:\\\/\\\/www.patchwork-perles-broderies.com\\\/blog\\\/\",\"name\":\"Patchwork Perles et Broderies\",\"description\":\"La Passion du Patch Orn\\u00e9 ( Website : patchwork-perles-broderies.com )\",\"inLanguage\":\"fr-FR\",\"publisher\":{\"@id\":\"https:\\\/\\\/www.patchwork-perles-broderies.com\\\/blog\\\/#person\"}}]}\n\t\t<\/script>\n\t\t<!-- All in One SEO -->\n\n","aioseo_head_json":{"title":"Neige | Patchwork Perles et Broderies - Le Blog","description":"L'hiver est l\u00e0 avec son cort\u00e8ge de froid de verglas et de neige. Personnellement je n'aime la neige que lorsque je la vois tr\u00e8s loin sur les montagnes. Lorsqu'elle vient chez moi \u00e7a me complique trop la vie. Mais si je n'aime pas la neige , je trouve que le flocon","canonical_url":"https:\/\/www.patchwork-perles-broderies.com\/blog\/2021\/01\/22\/neige\/","robots":"max-image-preview:large","keywords":"","webmasterTools":{"miscellaneous":""},"schema":{"@context":"https:\/\/schema.org","@graph":[{"@type":"Article","@id":"https:\/\/www.patchwork-perles-broderies.com\/blog\/2021\/01\/22\/neige\/#article","name":"Neige | Patchwork Perles et Broderies - Le Blog","headline":"Neige","author":{"@id":"https:\/\/www.patchwork-perles-broderies.com\/blog\/author\/admin\/#author"},"publisher":{"@id":"https:\/\/www.patchwork-perles-broderies.com\/blog\/#person"},"image":{"@type":"ImageObject","url":"https:\/\/www.patchwork-perles-broderies.com\/blog\/wp-content\/uploads\/2021\/01\/Winter-Wonderland-quilt-Henry-Glass.png","@id":"https:\/\/www.patchwork-perles-broderies.com\/blog\/2021\/01\/22\/neige\/#articleImage","width":356,"height":400},"datePublished":"2021-01-22T13:11:37+01:00","dateModified":"2021-01-22T13:11:37+01:00","inLanguage":"fr-FR","commentCount":4,"mainEntityOfPage":{"@id":"https:\/\/www.patchwork-perles-broderies.com\/blog\/2021\/01\/22\/neige\/#webpage"},"isPartOf":{"@id":"https:\/\/www.patchwork-perles-broderies.com\/blog\/2021\/01\/22\/neige\/#webpage"},"articleSection":"Non class\u00e9"},{"@type":"BreadcrumbList","@id":"https:\/\/www.patchwork-perles-broderies.com\/blog\/2021\/01\/22\/neige\/#breadcrumblist","itemListElement":[{"@type":"ListItem","@id":"https:\/\/www.patchwork-perles-broderies.com\/blog#listItem","position":1,"name":"Accueil","item":"https:\/\/www.patchwork-perles-broderies.com\/blog","nextItem":{"@type":"ListItem","@id":"https:\/\/www.patchwork-perles-broderies.com\/blog\/category\/non-classe\/#listItem","name":"Non class\u00e9"}},{"@type":"ListItem","@id":"https:\/\/www.patchwork-perles-broderies.com\/blog\/category\/non-classe\/#listItem","position":2,"name":"Non class\u00e9","item":"https:\/\/www.patchwork-perles-broderies.com\/blog\/category\/non-classe\/","nextItem":{"@type":"ListItem","@id":"https:\/\/www.patchwork-perles-broderies.com\/blog\/2021\/01\/22\/neige\/#listItem","name":"Neige"},"previousItem":{"@type":"ListItem","@id":"https:\/\/www.patchwork-perles-broderies.com\/blog#listItem","name":"Accueil"}},{"@type":"ListItem","@id":"https:\/\/www.patchwork-perles-broderies.com\/blog\/2021\/01\/22\/neige\/#listItem","position":3,"name":"Neige","previousItem":{"@type":"ListItem","@id":"https:\/\/www.patchwork-perles-broderies.com\/blog\/category\/non-classe\/#listItem","name":"Non class\u00e9"}}]},{"@type":"Person","@id":"https:\/\/www.patchwork-perles-broderies.com\/blog\/#person","name":"admin","image":{"@type":"ImageObject","@id":"https:\/\/www.patchwork-perles-broderies.com\/blog\/2021\/01\/22\/neige\/#personImage","url":"https:\/\/secure.gravatar.com\/avatar\/f8283cc8f0bd73ad8d4a00aade7fefd9b739f96e8a9e5f8fa202319c0962314e?s=96&d=identicon&r=g","width":96,"height":96,"caption":"admin"}},{"@type":"Person","@id":"https:\/\/www.patchwork-perles-broderies.com\/blog\/author\/admin\/#author","url":"https:\/\/www.patchwork-perles-broderies.com\/blog\/author\/admin\/","name":"admin","image":{"@type":"ImageObject","@id":"https:\/\/www.patchwork-perles-broderies.com\/blog\/2021\/01\/22\/neige\/#authorImage","url":"https:\/\/secure.gravatar.com\/avatar\/f8283cc8f0bd73ad8d4a00aade7fefd9b739f96e8a9e5f8fa202319c0962314e?s=96&d=identicon&r=g","width":96,"height":96,"caption":"admin"}},{"@type":"WebPage","@id":"https:\/\/www.patchwork-perles-broderies.com\/blog\/2021\/01\/22\/neige\/#webpage","url":"https:\/\/www.patchwork-perles-broderies.com\/blog\/2021\/01\/22\/neige\/","name":"Neige | Patchwork Perles et Broderies - Le Blog","description":"L'hiver est l\u00e0 avec son cort\u00e8ge de froid de verglas et de neige. Personnellement je n'aime la neige que lorsque je la vois tr\u00e8s loin sur les montagnes. Lorsqu'elle vient chez moi \u00e7a me complique trop la vie. Mais si je n'aime pas la neige , je trouve que le flocon","inLanguage":"fr-FR","isPartOf":{"@id":"https:\/\/www.patchwork-perles-broderies.com\/blog\/#website"},"breadcrumb":{"@id":"https:\/\/www.patchwork-perles-broderies.com\/blog\/2021\/01\/22\/neige\/#breadcrumblist"},"author":{"@id":"https:\/\/www.patchwork-perles-broderies.com\/blog\/author\/admin\/#author"},"creator":{"@id":"https:\/\/www.patchwork-perles-broderies.com\/blog\/author\/admin\/#author"},"datePublished":"2021-01-22T13:11:37+01:00","dateModified":"2021-01-22T13:11:37+01:00"},{"@type":"WebSite","@id":"https:\/\/www.patchwork-perles-broderies.com\/blog\/#website","url":"https:\/\/www.patchwork-perles-broderies.com\/blog\/","name":"Patchwork Perles et Broderies","description":"La Passion du Patch Orn\u00e9 ( Website : patchwork-perles-broderies.com )","inLanguage":"fr-FR","publisher":{"@id":"https:\/\/www.patchwork-perles-broderies.com\/blog\/#person"}}]},"og:locale":"fr_FR","og:site_name":"Patchwork Perles et Broderies - Le Blog |  La Passion du Patch Orn\u00e9 ( Website : patchwork-perles-broderies.com )","og:type":"article","og:title":"Neige | Patchwork Perles et Broderies - Le Blog","og:description":"L'hiver est l\u00e0 avec son cort\u00e8ge de froid de verglas et de neige. Personnellement je n'aime la neige que lorsque je la vois tr\u00e8s loin sur les montagnes. Lorsqu'elle vient chez moi \u00e7a me complique trop la vie. Mais si je n'aime pas la neige , je trouve que le flocon","og:url":"https:\/\/www.patchwork-perles-broderies.com\/blog\/2021\/01\/22\/neige\/","article:published_time":"2021-01-22T12:11:37+00:00","article:modified_time":"2021-01-22T12:11:37+00:00","twitter:card":"summary","twitter:title":"Neige | Patchwork Perles et Broderies - Le Blog","twitter:description":"L'hiver est l\u00e0 avec son cort\u00e8ge de froid de verglas et de neige. Personnellement je n'aime la neige que lorsque je la vois tr\u00e8s loin sur les montagnes. Lorsqu'elle vient chez moi \u00e7a me complique trop la vie. Mais si je n'aime pas la neige , je trouve que le flocon"},"aioseo_meta_data":{"post_id":"5497","title":null,"description":null,"keywords":[],"keyphrases":{"focus":[],"additional":[]},"primary_term":null,"canonical_url":null,"og_title":null,"og_description":null,"og_object_type":"default","og_image_type":"default","og_image_url":null,"og_image_width":null,"og_image_height":null,"og_image_custom_url":null,"og_image_custom_fields":null,"og_video":"","og_custom_url":null,"og_article_section":null,"og_article_tags":[],"twitter_use_og":false,"twitter_card":"default","twitter_image_type":"default","twitter_image_url":null,"twitter_image_custom_url":null,"twitter_image_custom_fields":null,"twitter_title":null,"twitter_description":null,"schema":{"blockGraphs":[],"customGraphs":[],"default":{"data":{"Article":[],"Course":[],"Dataset":[],"FAQPage":[],"Movie":[],"Person":[],"Product":[],"ProductReview":[],"Car":[],"Recipe":[],"Service":[],"SoftwareApplication":[],"WebPage":[]},"graphName":"","isEnabled":true},"graphs":[],"defaultGraph":"","defaultPostTypeGraph":""},"schema_type":"none","schema_type_options":"{\"webPage\":{\"webPageType\":\"WebPage\"},\"article\":{\"articleType\":\"BlogPosting\"},\"book\":[],\"course\":[],\"event\":[],\"jobPosting\":[],\"music\":[],\"person\":[],\"product\":[],\"recipe\":[],\"restaurant\":[],\"service\":[],\"software\":[],\"video\":[]}","pillar_content":false,"robots_default":true,"robots_noindex":false,"robots_noarchive":false,"robots_nosnippet":false,"robots_nofollow":false,"robots_noimageindex":false,"robots_noodp":false,"robots_notranslate":false,"robots_max_snippet":"-1","robots_max_videopreview":"-1","robots_max_imagepreview":"large","priority":null,"frequency":"default","location":null,"local_seo":{"businessInfo":{"name":"","urls":{"website":"","aboutPage":"","contactPage":""},"address":{"line1":"","line2":"","zip":"","city":"","state":"","country":""},"contact":{"email":"","phone":"","fax":""},"ids":{"vatID":"","taxID":"","chamberID":""},"payment":{"priceIndication":"","currenciesAccepted":"","methodsAccepted":""},"areaServed":""},"openingHours":{"show":false,"closedLabel":"","open24h":false,"open24hLabel":"","open247":false,"use24hFormat":false,"twoSets":false,"timezone":"","hours":[]}},"breadcrumb_settings":null,"limit_modified_date":false,"ai":null,"created":"2021-01-22 11:16:26","updated":"2025-06-28 22:33:52","focus_keyword":null,"additional_keywords":null,"truseo_locale":null,"seo_analyzer_scan_date":null},"aioseo_breadcrumb":"<div class=\"aioseo-breadcrumbs\"><span class=\"aioseo-breadcrumb\">\n\t\t\t<a href=\"https:\/\/www.patchwork-perles-broderies.com\/blog\" title=\"Accueil\">Accueil<\/a>\n\t\t<\/span><span class=\"aioseo-breadcrumb-separator\">&raquo;<\/span><span class=\"aioseo-breadcrumb\">\n\t\t\t<a href=\"https:\/\/www.patchwork-perles-broderies.com\/blog\/category\/non-classe\/\" title=\"Non class\u00e9\">Non class\u00e9<\/a>\n\t\t<\/span><span class=\"aioseo-breadcrumb-separator\">&raquo;<\/span><span class=\"aioseo-breadcrumb\">\n\t\t\tNeige\n\t\t<\/span><\/div>","aioseo_breadcrumb_json":[{"label":"Accueil","link":"https:\/\/www.patchwork-perles-broderies.com\/blog"},{"label":"Non class\u00e9","link":"https:\/\/www.patchwork-perles-broderies.com\/blog\/category\/non-classe\/"},{"label":"Neige","link":"https:\/\/www.patchwork-perles-broderies.com\/blog\/2021\/01\/22\/neige\/"}],"_links":{"self":[{"href":"https:\/\/www.patchwork-perles-broderies.com\/blog\/wp-json\/wp\/v2\/posts\/5497","targetHints":{"allow":["GET"]}}],"collection":[{"href":"https:\/\/www.patchwork-perles-broderies.com\/blog\/wp-json\/wp\/v2\/posts"}],"about":[{"href":"https:\/\/www.patchwork-perles-broderies.com\/blog\/wp-json\/wp\/v2\/types\/post"}],"author":[{"embeddable":true,"href":"https:\/\/www.patchwork-perles-broderies.com\/blog\/wp-json\/wp\/v2\/users\/1"}],"replies":[{"embeddable":true,"href":"https:\/\/www.patchwork-perles-broderies.com\/blog\/wp-json\/wp\/v2\/comments?post=5497"}],"version-history":[{"count":3,"href":"https:\/\/www.patchwork-perles-broderies.com\/blog\/wp-json\/wp\/v2\/posts\/5497\/revisions"}],"predecessor-version":[{"id":5510,"href":"https:\/\/www.patchwork-perles-broderies.com\/blog\/wp-json\/wp\/v2\/posts\/5497\/revisions\/5510"}],"wp:attachment":[{"href":"https:\/\/www.patchwork-perles-broderies.com\/blog\/wp-json\/wp\/v2\/media?parent=5497"}],"wp:term":[{"taxonomy":"category","embeddable":true,"href":"https:\/\/www.patchwork-perles-broderies.com\/blog\/wp-json\/wp\/v2\/categories?post=5497"},{"taxonomy":"post_tag","embeddable":true,"href":"https:\/\/www.patchwork-perles-broderies.com\/blog\/wp-json\/wp\/v2\/tags?post=5497"}],"curies":[{"name":"wp","href":"https:\/\/api.w.org\/{rel}","templated":true}]}}