{"id":5527,"date":"2021-03-04T10:44:41","date_gmt":"2021-03-04T09:44:41","guid":{"rendered":"http:\/\/www.patchwork-perles-broderies.com\/blog\/?p=5527"},"modified":"2021-03-05T09:00:28","modified_gmt":"2021-03-05T08:00:28","slug":"des-coeurs-pour-toutes-saisons","status":"publish","type":"post","link":"https:\/\/www.patchwork-perles-broderies.com\/blog\/2021\/03\/04\/des-coeurs-pour-toutes-saisons\/","title":{"rendered":"Des coeurs pour toutes saisons"},"content":{"rendered":"<p style=\"text-align: justify;\">Je vous avais pr\u00e9par\u00e9 un article \u00ab\u00a0sp\u00e9cial coeurs\u00a0\u00bb pour la Saint Valentin. Mais mon mois de F\u00e9vrier a \u00e9t\u00e9 tr\u00e8s chaotique en raison des probl\u00e8mes de sant\u00e9 de mon mari suivis d&rsquo;une op\u00e9ration. Maintenant tout va bien, il est entr\u00e9 en convalescence et je me suis demand\u00e9 si je devais publier mon article ou le mettre de c\u00f4t\u00e9 pour l&rsquo;an prochain. Ensuite j&rsquo;ai pens\u00e9 que l&rsquo;amour ne se limite pas au 14 F\u00e9vrier, qu&rsquo;on peut donner son coeur n&rsquo;importe quand dans l&rsquo;ann\u00e9e\u00a0 et j&rsquo;ai d\u00e9cid\u00e9 de le faire tout de m\u00eame.<br \/>\nCelles qui font des coussins coeur pour les h\u00f4pitaux pourront s&rsquo;inspirer\u00a0 des mod\u00e8les pr\u00e9sent\u00e9s.<\/p>\n<p>Le th\u00e8me a toujours inspir\u00e9 les quilteuses. Et elles ont utilis\u00e9 toutes les techniques disponibles pour les r\u00e9aliser.<\/p>\n<p><strong>Le travail de bandes style log cabin<\/strong><\/p>\n<p>comme les coeurs de Danielle Michon<\/p>\n<p><img loading=\"lazy\" decoding=\"async\" class=\"aligncenter wp-image-5538\" src=\"http:\/\/www.patchwork-perles-broderies.com\/blog\/wp-content\/uploads\/2021\/03\/coeurs-Danielle1-1024x553.jpg\" alt=\"\" width=\"546\" height=\"295\" srcset=\"https:\/\/www.patchwork-perles-broderies.com\/blog\/wp-content\/uploads\/2021\/03\/coeurs-Danielle1-1024x553.jpg 1024w, https:\/\/www.patchwork-perles-broderies.com\/blog\/wp-content\/uploads\/2021\/03\/coeurs-Danielle1-300x162.jpg 300w, https:\/\/www.patchwork-perles-broderies.com\/blog\/wp-content\/uploads\/2021\/03\/coeurs-Danielle1-768x415.jpg 768w, https:\/\/www.patchwork-perles-broderies.com\/blog\/wp-content\/uploads\/2021\/03\/coeurs-Danielle1-624x337.jpg 624w, https:\/\/www.patchwork-perles-broderies.com\/blog\/wp-content\/uploads\/2021\/03\/coeurs-Danielle1.jpg 1123w\" sizes=\"auto, (max-width: 546px) 100vw, 546px\" \/><\/p>\n<p>ou ceux d&rsquo;une grand m\u00e8re inconnue<img loading=\"lazy\" decoding=\"async\" class=\"aligncenter size-full wp-image-5533\" src=\"http:\/\/www.patchwork-perles-broderies.com\/blog\/wp-content\/uploads\/2021\/03\/heart3.jpg\" alt=\"\" width=\"550\" height=\"667\" srcset=\"https:\/\/www.patchwork-perles-broderies.com\/blog\/wp-content\/uploads\/2021\/03\/heart3.jpg 550w, https:\/\/www.patchwork-perles-broderies.com\/blog\/wp-content\/uploads\/2021\/03\/heart3-247x300.jpg 247w\" sizes=\"auto, (max-width: 550px) 100vw, 550px\" \/><\/p>\n<p><strong>Les carr\u00e9s<\/strong><\/p>\n<p><img loading=\"lazy\" decoding=\"async\" class=\"aligncenter size-full wp-image-5534\" src=\"http:\/\/www.patchwork-perles-broderies.com\/blog\/wp-content\/uploads\/2021\/03\/heart.png\" alt=\"\" width=\"531\" height=\"768\" srcset=\"https:\/\/www.patchwork-perles-broderies.com\/blog\/wp-content\/uploads\/2021\/03\/heart.png 531w, https:\/\/www.patchwork-perles-broderies.com\/blog\/wp-content\/uploads\/2021\/03\/heart-207x300.png 207w\" sizes=\"auto, (max-width: 531px) 100vw, 531px\" \/><\/p>\n<p><strong><img loading=\"lazy\" decoding=\"async\" class=\"aligncenter wp-image-5540 \" src=\"http:\/\/www.patchwork-perles-broderies.com\/blog\/wp-content\/uploads\/2021\/03\/coeurs-en-liberty.jpg\" alt=\"\" width=\"536\" height=\"478\" srcset=\"https:\/\/www.patchwork-perles-broderies.com\/blog\/wp-content\/uploads\/2021\/03\/coeurs-en-liberty.jpg 794w, https:\/\/www.patchwork-perles-broderies.com\/blog\/wp-content\/uploads\/2021\/03\/coeurs-en-liberty-300x268.jpg 300w, https:\/\/www.patchwork-perles-broderies.com\/blog\/wp-content\/uploads\/2021\/03\/coeurs-en-liberty-768x686.jpg 768w, https:\/\/www.patchwork-perles-broderies.com\/blog\/wp-content\/uploads\/2021\/03\/coeurs-en-liberty-624x557.jpg 624w\" sizes=\"auto, (max-width: 536px) 100vw, 536px\" \/>Les triangles<\/strong><\/p>\n<p><img loading=\"lazy\" decoding=\"async\" class=\"aligncenter wp-image-5531\" src=\"http:\/\/www.patchwork-perles-broderies.com\/blog\/wp-content\/uploads\/2021\/03\/heart1.png\" alt=\"\" width=\"512\" height=\"542\" \/><\/p>\n<p><strong><img loading=\"lazy\" decoding=\"async\" class=\"aligncenter size-full wp-image-5541\" src=\"http:\/\/www.patchwork-perles-broderies.com\/blog\/wp-content\/uploads\/2021\/03\/Pats-heart.jpg\" alt=\"\" width=\"500\" height=\"500\" srcset=\"https:\/\/www.patchwork-perles-broderies.com\/blog\/wp-content\/uploads\/2021\/03\/Pats-heart.jpg 500w, https:\/\/www.patchwork-perles-broderies.com\/blog\/wp-content\/uploads\/2021\/03\/Pats-heart-300x300.jpg 300w, https:\/\/www.patchwork-perles-broderies.com\/blog\/wp-content\/uploads\/2021\/03\/Pats-heart-150x150.jpg 150w\" sizes=\"auto, (max-width: 500px) 100vw, 500px\" \/>Le Bargello.\u00a0<\/strong><\/p>\n<p>Je vous ai pr\u00e9par\u00e9 quelques dessins pour vous montrer comment on peut r\u00e9aliser un coeur spectaculaire \u00e0 partir d&rsquo;une combinaison de bandes Bargello. L&rsquo;avantage \u00e9tant qu&rsquo;on peut faire d&#8217;embl\u00e9e un grand m\u00e9daillon<\/p>\n<p>-1 On dessine un coeur\u00a0 qui donnera le gabarit<\/p>\n<p><img loading=\"lazy\" decoding=\"async\" class=\"aligncenter size-full wp-image-5528\" src=\"http:\/\/www.patchwork-perles-broderies.com\/blog\/wp-content\/uploads\/2021\/03\/coeur-.jpg\" alt=\"\" width=\"425\" height=\"394\" srcset=\"https:\/\/www.patchwork-perles-broderies.com\/blog\/wp-content\/uploads\/2021\/03\/coeur-.jpg 425w, https:\/\/www.patchwork-perles-broderies.com\/blog\/wp-content\/uploads\/2021\/03\/coeur--300x278.jpg 300w\" sizes=\"auto, (max-width: 425px) 100vw, 425px\" \/><\/p>\n<p>-2 On pr\u00e9pare une s\u00e9rie de bandes en cr\u00e9ant le mouvement qu&rsquo;on d\u00e9sire et on pose le gabarit dessus<\/p>\n<p><img loading=\"lazy\" decoding=\"async\" class=\"aligncenter size-full wp-image-5529\" src=\"http:\/\/www.patchwork-perles-broderies.com\/blog\/wp-content\/uploads\/2021\/03\/coeur1.jpg\" alt=\"\" width=\"425\" height=\"487\" srcset=\"https:\/\/www.patchwork-perles-broderies.com\/blog\/wp-content\/uploads\/2021\/03\/coeur1.jpg 425w, https:\/\/www.patchwork-perles-broderies.com\/blog\/wp-content\/uploads\/2021\/03\/coeur1-262x300.jpg 262w\" sizes=\"auto, (max-width: 425px) 100vw, 425px\" \/><\/p>\n<p>3 On\u00a0 d\u00e9coupe. Votre coeur est pr\u00eat<\/p>\n<p><img loading=\"lazy\" decoding=\"async\" class=\"aligncenter size-full wp-image-5530\" src=\"http:\/\/www.patchwork-perles-broderies.com\/blog\/wp-content\/uploads\/2021\/03\/coeur2.jpg\" alt=\"\" width=\"425\" height=\"390\" srcset=\"https:\/\/www.patchwork-perles-broderies.com\/blog\/wp-content\/uploads\/2021\/03\/coeur2.jpg 425w, https:\/\/www.patchwork-perles-broderies.com\/blog\/wp-content\/uploads\/2021\/03\/coeur2-300x275.jpg 300w\" sizes=\"auto, (max-width: 425px) 100vw, 425px\" \/><\/p>\n<p>&nbsp;<\/p>\n","protected":false},"excerpt":{"rendered":"<p>Je vous avais pr\u00e9par\u00e9 un article \u00ab\u00a0sp\u00e9cial coeurs\u00a0\u00bb pour la Saint Valentin. Mais mon mois de F\u00e9vrier a \u00e9t\u00e9 tr\u00e8s chaotique en raison des probl\u00e8mes de sant\u00e9 de mon mari suivis d&rsquo;une op\u00e9ration. Maintenant tout va bien, il est entr\u00e9 en convalescence et je me suis demand\u00e9 si je devais publier mon article ou le [&hellip;]<\/p>\n","protected":false},"author":1,"featured_media":0,"comment_status":"open","ping_status":"open","sticky":false,"template":"","format":"standard","meta":{"footnotes":""},"categories":[12],"tags":[61,287],"class_list":["post-5527","post","type-post","status-publish","format-standard","hentry","category-quilts","tag-coeur","tag-heart"],"aioseo_notices":[],"_links":{"self":[{"href":"https:\/\/www.patchwork-perles-broderies.com\/blog\/wp-json\/wp\/v2\/posts\/5527","targetHints":{"allow":["GET"]}}],"collection":[{"href":"https:\/\/www.patchwork-perles-broderies.com\/blog\/wp-json\/wp\/v2\/posts"}],"about":[{"href":"https:\/\/www.patchwork-perles-broderies.com\/blog\/wp-json\/wp\/v2\/types\/post"}],"author":[{"embeddable":true,"href":"https:\/\/www.patchwork-perles-broderies.com\/blog\/wp-json\/wp\/v2\/users\/1"}],"replies":[{"embeddable":true,"href":"https:\/\/www.patchwork-perles-broderies.com\/blog\/wp-json\/wp\/v2\/comments?post=5527"}],"version-history":[{"count":4,"href":"https:\/\/www.patchwork-perles-broderies.com\/blog\/wp-json\/wp\/v2\/posts\/5527\/revisions"}],"predecessor-version":[{"id":5542,"href":"https:\/\/www.patchwork-perles-broderies.com\/blog\/wp-json\/wp\/v2\/posts\/5527\/revisions\/5542"}],"wp:attachment":[{"href":"https:\/\/www.patchwork-perles-broderies.com\/blog\/wp-json\/wp\/v2\/media?parent=5527"}],"wp:term":[{"taxonomy":"category","embeddable":true,"href":"https:\/\/www.patchwork-perles-broderies.com\/blog\/wp-json\/wp\/v2\/categories?post=5527"},{"taxonomy":"post_tag","embeddable":true,"href":"https:\/\/www.patchwork-perles-broderies.com\/blog\/wp-json\/wp\/v2\/tags?post=5527"}],"curies":[{"name":"wp","href":"https:\/\/api.w.org\/{rel}","templated":true}]}}