{"id":5706,"date":"2022-01-20T21:42:11","date_gmt":"2022-01-20T20:42:11","guid":{"rendered":"http:\/\/www.patchwork-perles-broderies.com\/blog\/?p=5706"},"modified":"2022-01-20T21:42:11","modified_gmt":"2022-01-20T20:42:11","slug":"liberty","status":"publish","type":"post","link":"https:\/\/www.patchwork-perles-broderies.com\/blog\/2022\/01\/20\/liberty\/","title":{"rendered":"Liberty"},"content":{"rendered":"<p>L&rsquo;autre jour je rangeais mes placards et j&rsquo;ai retrouv\u00e9 avec \u00e9motion ma collection de Liberty. Ce merveilleux tissu est bien pass\u00e9 de mode aujourd&rsquo;hui, c&rsquo;est tout juste si on en trouve encore quelques rouleaux dans le magasin qui porte son nom. Disparus tous les accessoires qu&rsquo;on fabriquait avec lui, pochettes,\u00a0 cadres, pr\u00e9cieuses boites recouvertes de tissus etc. L e fameux \u00ab\u00a0Liberty of London\u00a0\u00bb est devenu une grande surface ordinaire. Je n&rsquo;y suis plus all\u00e9e depuis sa conversion, \u00e7a me brisait le coeur!<\/p>\n<p>Les plus fameux des tissus Liberty \u00e9taient les \u00ab\u00a0tana lawn\u00a0\u00bb, tissus de coton tr\u00e8s fin avec lesquels on confectionnait chemisiers ou robes d&rsquo;\u00e9t\u00e9. On les reconnaissait imm\u00e9diatement \u00e0 leurs extraordinaires impressions florales. Malheureusement ils \u00e9taient \u00e0 la fois tr\u00e8s co\u00fbteux et fragiles. Heureusement il y avait dans le magasin une petite salle consacr\u00e9e aux fins de s\u00e9ries lors des changements de collection, ce qui permettait de les acqu\u00e9rir \u00e0 un prix abordable!<\/p>\n<p>La beaut\u00e9 et la richesse des impressions permettent de r\u00e9aliser de tr\u00e8s beaux quilts et je ne me suis pas fait faute de les utiliser ainsi que d&rsquo;autres quilteuses.<\/p>\n<div id=\"attachment_5713\" style=\"width: 610px\" class=\"wp-caption aligncenter\"><img loading=\"lazy\" decoding=\"async\" aria-describedby=\"caption-attachment-5713\" class=\"wp-image-5713\" src=\"http:\/\/www.patchwork-perles-broderies.com\/blog\/wp-content\/uploads\/2022\/01\/Jewel-Palace-Whole-Quilt_crop_Alice-et-Caroline.jpg\" alt=\"\" width=\"600\" height=\"350\" srcset=\"https:\/\/www.patchwork-perles-broderies.com\/blog\/wp-content\/uploads\/2022\/01\/Jewel-Palace-Whole-Quilt_crop_Alice-et-Caroline.jpg 1000w, https:\/\/www.patchwork-perles-broderies.com\/blog\/wp-content\/uploads\/2022\/01\/Jewel-Palace-Whole-Quilt_crop_Alice-et-Caroline-300x175.jpg 300w, https:\/\/www.patchwork-perles-broderies.com\/blog\/wp-content\/uploads\/2022\/01\/Jewel-Palace-Whole-Quilt_crop_Alice-et-Caroline-768x449.jpg 768w, https:\/\/www.patchwork-perles-broderies.com\/blog\/wp-content\/uploads\/2022\/01\/Jewel-Palace-Whole-Quilt_crop_Alice-et-Caroline-624x364.jpg 624w\" sizes=\"auto, (max-width: 600px) 100vw, 600px\" \/><p id=\"caption-attachment-5713\" class=\"wp-caption-text\">Jewel Palace quilt Alice et caroline<\/p><\/div>\n<div id=\"attachment_5715\" style=\"width: 610px\" class=\"wp-caption aligncenter\"><img loading=\"lazy\" decoding=\"async\" aria-describedby=\"caption-attachment-5715\" class=\"wp-image-5715\" src=\"http:\/\/www.patchwork-perles-broderies.com\/blog\/wp-content\/uploads\/2022\/01\/Radiant-Stars-quilt-complete-hanging_LQ.jpg\" alt=\"\" width=\"600\" height=\"575\" srcset=\"https:\/\/www.patchwork-perles-broderies.com\/blog\/wp-content\/uploads\/2022\/01\/Radiant-Stars-quilt-complete-hanging_LQ.jpg 1000w, https:\/\/www.patchwork-perles-broderies.com\/blog\/wp-content\/uploads\/2022\/01\/Radiant-Stars-quilt-complete-hanging_LQ-300x288.jpg 300w, https:\/\/www.patchwork-perles-broderies.com\/blog\/wp-content\/uploads\/2022\/01\/Radiant-Stars-quilt-complete-hanging_LQ-768x737.jpg 768w, https:\/\/www.patchwork-perles-broderies.com\/blog\/wp-content\/uploads\/2022\/01\/Radiant-Stars-quilt-complete-hanging_LQ-624x598.jpg 624w\" sizes=\"auto, (max-width: 600px) 100vw, 600px\" \/><p id=\"caption-attachment-5715\" class=\"wp-caption-text\">Radiant Star&#8211;Quilt_Alice et Caroline<\/p><\/div>\n<div id=\"attachment_5711\" style=\"width: 600px\" class=\"wp-caption aligncenter\"><img loading=\"lazy\" decoding=\"async\" aria-describedby=\"caption-attachment-5711\" class=\"wp-image-5711 size-full\" src=\"http:\/\/www.patchwork-perles-broderies.com\/blog\/wp-content\/uploads\/2022\/01\/etoiles-salon.jpg\" alt=\"\" width=\"590\" height=\"1020\" srcset=\"https:\/\/www.patchwork-perles-broderies.com\/blog\/wp-content\/uploads\/2022\/01\/etoiles-salon.jpg 590w, https:\/\/www.patchwork-perles-broderies.com\/blog\/wp-content\/uploads\/2022\/01\/etoiles-salon-174x300.jpg 174w\" sizes=\"auto, (max-width: 590px) 100vw, 590px\" \/><p id=\"caption-attachment-5711\" class=\"wp-caption-text\">quilt fait sur mesure pour un mur \u00e9troit situ\u00e9 au nord<\/p><\/div>\n<div id=\"attachment_5710\" style=\"width: 574px\" class=\"wp-caption aligncenter\"><img loading=\"lazy\" decoding=\"async\" aria-describedby=\"caption-attachment-5710\" class=\"wp-image-5710 size-full\" src=\"http:\/\/www.patchwork-perles-broderies.com\/blog\/wp-content\/uploads\/2022\/01\/dress-quilt.jpg\" alt=\"\" width=\"564\" height=\"673\" srcset=\"https:\/\/www.patchwork-perles-broderies.com\/blog\/wp-content\/uploads\/2022\/01\/dress-quilt.jpg 564w, https:\/\/www.patchwork-perles-broderies.com\/blog\/wp-content\/uploads\/2022\/01\/dress-quilt-251x300.jpg 251w\" sizes=\"auto, (max-width: 564px) 100vw, 564px\" \/><p id=\"caption-attachment-5710\" class=\"wp-caption-text\">materialise.typepad.com<\/p><\/div>\n<p><img loading=\"lazy\" decoding=\"async\" class=\"alignleft wp-image-5719 size-medium\" src=\"http:\/\/www.patchwork-perles-broderies.com\/blog\/wp-content\/uploads\/2022\/01\/deidre-231x300.jpg\" alt=\"\" width=\"231\" height=\"300\" srcset=\"https:\/\/www.patchwork-perles-broderies.com\/blog\/wp-content\/uploads\/2022\/01\/deidre-231x300.jpg 231w, https:\/\/www.patchwork-perles-broderies.com\/blog\/wp-content\/uploads\/2022\/01\/deidre-789x1024.jpg 789w, https:\/\/www.patchwork-perles-broderies.com\/blog\/wp-content\/uploads\/2022\/01\/deidre-768x997.jpg 768w, https:\/\/www.patchwork-perles-broderies.com\/blog\/wp-content\/uploads\/2022\/01\/deidre-1184x1536.jpg 1184w, https:\/\/www.patchwork-perles-broderies.com\/blog\/wp-content\/uploads\/2022\/01\/deidre-624x810.jpg 624w, https:\/\/www.patchwork-perles-broderies.com\/blog\/wp-content\/uploads\/2022\/01\/deidre.jpg 1233w\" sizes=\"auto, (max-width: 231px) 100vw, 231px\" \/>Mais c&rsquo;est sans doute\u00a0 l&rsquo;artiste anglaise Deirdre Amsden qui\u00a0 a le\u00a0 mieux utilis\u00e9 les propri\u00e9t\u00e9s de ces tissus extraordinaires. Elle cr\u00e9ait des d\u00e9grad\u00e9s et des\u00a0 contrastes \u00e9tonnants dans ses \u00ab\u00a0colourwash\u00a0\u00bb.\u00a0 \u00a0Des effets qu&rsquo;il n&rsquo;est possible d&rsquo;obtenir qu&rsquo;avec ces tissus. La richesse de l&rsquo;imprim\u00e9 adoucit les formes et permet un effet de\u00a0 \u00ab\u00a0fusion\u00a0\u00bb\u00a0 il y a un choix tel qu&rsquo;on peut aller du clair au fonc\u00e9 et donc cr\u00e9er des contrastes. Et l&rsquo;unit\u00e9 de style donne \u00e0 l&rsquo;ensemble une coh\u00e9rence in\u00e9gal\u00e9e.<\/p>\n<p>Son approche innovante de la couleur et des formes a eu un succ\u00e8s ph\u00e9nom\u00e9nal. Ses quilts sont tous sous copyright et ne peuvent \u00eatre reproduits m\u00eame si je prend le risque de montrer celui-ci trouv\u00e9 sur pinterest.<\/p>\n<div id=\"attachment_5712\" style=\"width: 510px\" class=\"wp-caption alignnone\"><img loading=\"lazy\" decoding=\"async\" aria-describedby=\"caption-attachment-5712\" class=\"wp-image-5712\" src=\"http:\/\/www.patchwork-perles-broderies.com\/blog\/wp-content\/uploads\/2022\/01\/colourwash-cubes.jpg\" alt=\"\" width=\"500\" height=\"536\" \/><p id=\"caption-attachment-5712\" class=\"wp-caption-text\">Colourwash cubes Deirdre Amsden<\/p><\/div>\n<p>Comme beaucoup de ses admiratrices je me suis essay\u00e9e aux colourwash . Je me suis follement amus\u00e9e, m\u00eame s&rsquo;il n&rsquo;\u00e9tait pas toujours \u00e9vident d&rsquo;obtenir le r\u00e9sultat que je d\u00e9sirais et si je n&rsquo;ai jamais \u00e9gal\u00e9 la sophistication de ses oeuvres.<\/p>\n<p><img loading=\"lazy\" decoding=\"async\" class=\"aligncenter size-full wp-image-5708\" src=\"http:\/\/www.patchwork-perles-broderies.com\/blog\/wp-content\/uploads\/2022\/01\/colourwash.jpg\" alt=\"\" width=\"692\" height=\"790\" srcset=\"https:\/\/www.patchwork-perles-broderies.com\/blog\/wp-content\/uploads\/2022\/01\/colourwash.jpg 692w, https:\/\/www.patchwork-perles-broderies.com\/blog\/wp-content\/uploads\/2022\/01\/colourwash-263x300.jpg 263w, https:\/\/www.patchwork-perles-broderies.com\/blog\/wp-content\/uploads\/2022\/01\/colourwash-624x712.jpg 624w\" sizes=\"auto, (max-width: 692px) 100vw, 692px\" \/><\/p>\n<p><img loading=\"lazy\" decoding=\"async\" class=\"aligncenter size-full wp-image-5709\" src=\"http:\/\/www.patchwork-perles-broderies.com\/blog\/wp-content\/uploads\/2022\/01\/colourwash2.jpg\" alt=\"\" width=\"1160\" height=\"1455\" srcset=\"https:\/\/www.patchwork-perles-broderies.com\/blog\/wp-content\/uploads\/2022\/01\/colourwash2.jpg 1160w, https:\/\/www.patchwork-perles-broderies.com\/blog\/wp-content\/uploads\/2022\/01\/colourwash2-239x300.jpg 239w, https:\/\/www.patchwork-perles-broderies.com\/blog\/wp-content\/uploads\/2022\/01\/colourwash2-816x1024.jpg 816w, https:\/\/www.patchwork-perles-broderies.com\/blog\/wp-content\/uploads\/2022\/01\/colourwash2-768x963.jpg 768w, https:\/\/www.patchwork-perles-broderies.com\/blog\/wp-content\/uploads\/2022\/01\/colourwash2-624x783.jpg 624w\" sizes=\"auto, (max-width: 1160px) 100vw, 1160px\" \/><\/p>\n<p>&nbsp;<\/p>\n<p>J&rsquo;ai tristement regard\u00e9 mes tissus. Ils sont toujours aussi beaux . Mais les temps ont chang\u00e9. Leur romantisme\u00a0 est pass\u00e9 de mode. Et ma vue ne me permet plus de quilter autant que je le voudrais.\u00a0 Dommage.<\/p>\n","protected":false},"excerpt":{"rendered":"<p>L&rsquo;autre jour je rangeais mes placards et j&rsquo;ai retrouv\u00e9 avec \u00e9motion ma collection de Liberty. Ce merveilleux tissu est bien pass\u00e9 de mode aujourd&rsquo;hui, c&rsquo;est tout juste si on en trouve encore quelques rouleaux dans le magasin qui porte son nom. Disparus tous les accessoires qu&rsquo;on fabriquait avec lui, pochettes,\u00a0 cadres, pr\u00e9cieuses boites recouvertes de [&hellip;]<\/p>\n","protected":false},"author":1,"featured_media":0,"comment_status":"open","ping_status":"open","sticky":false,"template":"","format":"standard","meta":{"footnotes":""},"categories":[1,13],"tags":[297],"class_list":["post-5706","post","type-post","status-publish","format-standard","hentry","category-non-classe","category-technique-patch","tag-liberty-fabrics"],"aioseo_notices":[],"_links":{"self":[{"href":"https:\/\/www.patchwork-perles-broderies.com\/blog\/wp-json\/wp\/v2\/posts\/5706","targetHints":{"allow":["GET"]}}],"collection":[{"href":"https:\/\/www.patchwork-perles-broderies.com\/blog\/wp-json\/wp\/v2\/posts"}],"about":[{"href":"https:\/\/www.patchwork-perles-broderies.com\/blog\/wp-json\/wp\/v2\/types\/post"}],"author":[{"embeddable":true,"href":"https:\/\/www.patchwork-perles-broderies.com\/blog\/wp-json\/wp\/v2\/users\/1"}],"replies":[{"embeddable":true,"href":"https:\/\/www.patchwork-perles-broderies.com\/blog\/wp-json\/wp\/v2\/comments?post=5706"}],"version-history":[{"count":4,"href":"https:\/\/www.patchwork-perles-broderies.com\/blog\/wp-json\/wp\/v2\/posts\/5706\/revisions"}],"predecessor-version":[{"id":5721,"href":"https:\/\/www.patchwork-perles-broderies.com\/blog\/wp-json\/wp\/v2\/posts\/5706\/revisions\/5721"}],"wp:attachment":[{"href":"https:\/\/www.patchwork-perles-broderies.com\/blog\/wp-json\/wp\/v2\/media?parent=5706"}],"wp:term":[{"taxonomy":"category","embeddable":true,"href":"https:\/\/www.patchwork-perles-broderies.com\/blog\/wp-json\/wp\/v2\/categories?post=5706"},{"taxonomy":"post_tag","embeddable":true,"href":"https:\/\/www.patchwork-perles-broderies.com\/blog\/wp-json\/wp\/v2\/tags?post=5706"}],"curies":[{"name":"wp","href":"https:\/\/api.w.org\/{rel}","templated":true}]}}