{"id":6000,"date":"2024-04-13T17:25:00","date_gmt":"2024-04-13T16:25:00","guid":{"rendered":"https:\/\/www.patchwork-perles-broderies.com\/blog\/?p=6000"},"modified":"2024-04-13T17:31:05","modified_gmt":"2024-04-13T16:31:05","slug":"ecureuils","status":"publish","type":"post","link":"https:\/\/www.patchwork-perles-broderies.com\/blog\/2024\/04\/13\/ecureuils\/","title":{"rendered":"Ecureuils"},"content":{"rendered":"<p>L&rsquo;agriculture intensive d\u00e9truit peu \u00e0 peu toute la vie sauvage autour de chez moi.<br \/>\nAussi, lorsque il y a quelques jours j&rsquo;ai vu un \u00e9cureuil sauter dans les arbres j&rsquo;ai cru assister \u00e0 un miracle . Et il m&rsquo;a sembl\u00e9 n\u00e9cessaire de l&rsquo;immortaliser. J&rsquo;ai un peu trich\u00e9. j&rsquo;avais fait cet arbre il y a longtemps, je me suis content\u00e9e d&rsquo;ajouter les \u00e9cureuils.<\/p>\n<p><img loading=\"lazy\" decoding=\"async\" class=\"aligncenter size-large wp-image-6001\" src=\"https:\/\/www.patchwork-perles-broderies.com\/blog\/wp-content\/uploads\/2024\/04\/larbre-aux-ecureuils-806x1024.jpg\" alt=\"\" width=\"625\" height=\"794\" srcset=\"https:\/\/www.patchwork-perles-broderies.com\/blog\/wp-content\/uploads\/2024\/04\/larbre-aux-ecureuils-806x1024.jpg 806w, https:\/\/www.patchwork-perles-broderies.com\/blog\/wp-content\/uploads\/2024\/04\/larbre-aux-ecureuils-236x300.jpg 236w, https:\/\/www.patchwork-perles-broderies.com\/blog\/wp-content\/uploads\/2024\/04\/larbre-aux-ecureuils-768x976.jpg 768w, https:\/\/www.patchwork-perles-broderies.com\/blog\/wp-content\/uploads\/2024\/04\/larbre-aux-ecureuils-1209x1536.jpg 1209w, https:\/\/www.patchwork-perles-broderies.com\/blog\/wp-content\/uploads\/2024\/04\/larbre-aux-ecureuils-1612x2048.jpg 1612w, https:\/\/www.patchwork-perles-broderies.com\/blog\/wp-content\/uploads\/2024\/04\/larbre-aux-ecureuils-624x793.jpg 624w, https:\/\/www.patchwork-perles-broderies.com\/blog\/wp-content\/uploads\/2024\/04\/larbre-aux-ecureuils-1320x1677.jpg 1320w, https:\/\/www.patchwork-perles-broderies.com\/blog\/wp-content\/uploads\/2024\/04\/larbre-aux-ecureuils.jpg 1896w\" sizes=\"auto, (max-width: 625px) 100vw, 625px\" \/><\/p>\n","protected":false},"excerpt":{"rendered":"<p>L&rsquo;agriculture intensive d\u00e9truit peu \u00e0 peu toute la vie sauvage autour de chez moi. Aussi, lorsque il y a quelques jours j&rsquo;ai vu un \u00e9cureuil sauter dans les arbres j&rsquo;ai cru assister \u00e0 un miracle . Et il m&rsquo;a sembl\u00e9 n\u00e9cessaire de l&rsquo;immortaliser. J&rsquo;ai un peu trich\u00e9. j&rsquo;avais fait cet arbre il y a longtemps, [&hellip;]<\/p>\n","protected":false},"author":1,"featured_media":0,"comment_status":"open","ping_status":"open","sticky":false,"template":"","format":"standard","meta":{"footnotes":""},"categories":[2],"tags":[306],"class_list":["post-6000","post","type-post","status-publish","format-standard","hentry","category-applique","tag-ecureuils"],"aioseo_notices":[],"_links":{"self":[{"href":"https:\/\/www.patchwork-perles-broderies.com\/blog\/wp-json\/wp\/v2\/posts\/6000","targetHints":{"allow":["GET"]}}],"collection":[{"href":"https:\/\/www.patchwork-perles-broderies.com\/blog\/wp-json\/wp\/v2\/posts"}],"about":[{"href":"https:\/\/www.patchwork-perles-broderies.com\/blog\/wp-json\/wp\/v2\/types\/post"}],"author":[{"embeddable":true,"href":"https:\/\/www.patchwork-perles-broderies.com\/blog\/wp-json\/wp\/v2\/users\/1"}],"replies":[{"embeddable":true,"href":"https:\/\/www.patchwork-perles-broderies.com\/blog\/wp-json\/wp\/v2\/comments?post=6000"}],"version-history":[{"count":3,"href":"https:\/\/www.patchwork-perles-broderies.com\/blog\/wp-json\/wp\/v2\/posts\/6000\/revisions"}],"predecessor-version":[{"id":6004,"href":"https:\/\/www.patchwork-perles-broderies.com\/blog\/wp-json\/wp\/v2\/posts\/6000\/revisions\/6004"}],"wp:attachment":[{"href":"https:\/\/www.patchwork-perles-broderies.com\/blog\/wp-json\/wp\/v2\/media?parent=6000"}],"wp:term":[{"taxonomy":"category","embeddable":true,"href":"https:\/\/www.patchwork-perles-broderies.com\/blog\/wp-json\/wp\/v2\/categories?post=6000"},{"taxonomy":"post_tag","embeddable":true,"href":"https:\/\/www.patchwork-perles-broderies.com\/blog\/wp-json\/wp\/v2\/tags?post=6000"}],"curies":[{"name":"wp","href":"https:\/\/api.w.org\/{rel}","templated":true}]}}