{"id":6026,"date":"2025-04-21T19:19:46","date_gmt":"2025-04-21T18:19:46","guid":{"rendered":"https:\/\/www.patchwork-perles-broderies.com\/blog\/?p=6026"},"modified":"2025-04-22T11:49:41","modified_gmt":"2025-04-22T10:49:41","slug":"sauvetage-dun-patch","status":"publish","type":"post","link":"https:\/\/www.patchwork-perles-broderies.com\/blog\/2025\/04\/21\/sauvetage-dun-patch\/","title":{"rendered":"Sauvetage d&rsquo;un patch"},"content":{"rendered":"<p>Une de mes petites amies est venue me voir l&rsquo;autre jour. Elle tenait \u00e0 la main un patch qui lui avait \u00e9t\u00e9 offert pour la naissance de son premier b\u00e9b\u00e9 et \u00e9tait au bord des larmes&#8230;. Le patch n&rsquo;\u00e9tait pas vraiment s\u00e9duisant avec ses coutures de travers et un matelassage inexistant, les couleurs semblaient ternes et il fallait regarder de pr\u00e8s pour voir les motifs d&rsquo;animaux qui se fondaient dans les blocs. De plus, le premier lavage avait fait l\u00e2cher plusieurs coutures. Elle n&rsquo;osait pas le jeter car il avait \u00e9t\u00e9 fabriqu\u00e9 par une vieille amie de sa m\u00e8re mais il \u00e9tait inutilisable.<\/p>\n<p><img loading=\"lazy\" decoding=\"async\" class=\"aligncenter size-large wp-image-6032\" src=\"https:\/\/www.patchwork-perles-broderies.com\/blog\/wp-content\/uploads\/2025\/04\/patch-pour-Nathalie-original-777x1024.jpg\" alt=\"\" width=\"625\" height=\"824\" srcset=\"https:\/\/www.patchwork-perles-broderies.com\/blog\/wp-content\/uploads\/2025\/04\/patch-pour-Nathalie-original-777x1024.jpg 777w, https:\/\/www.patchwork-perles-broderies.com\/blog\/wp-content\/uploads\/2025\/04\/patch-pour-Nathalie-original-228x300.jpg 228w, https:\/\/www.patchwork-perles-broderies.com\/blog\/wp-content\/uploads\/2025\/04\/patch-pour-Nathalie-original-768x1012.jpg 768w, https:\/\/www.patchwork-perles-broderies.com\/blog\/wp-content\/uploads\/2025\/04\/patch-pour-Nathalie-original-624x823.jpg 624w, https:\/\/www.patchwork-perles-broderies.com\/blog\/wp-content\/uploads\/2025\/04\/patch-pour-Nathalie-original.jpg 795w\" sizes=\"auto, (max-width: 625px) 100vw, 625px\" \/><br \/>\nNous nous sommes\u00a0 mises au travail pour\u00a0 s\u00e9parer le top du fond ! Puis nous avons\u00a0 recousu les morceaux du fond et remis d&rsquo;aplomb autant que possible le top\u00a0 endommag\u00e9 ( sans pour autant tout refaire, certains carr\u00e9s ne sont pas vraiment carr\u00e9s!). Top et fond avaient \u00e9t\u00e9 cousus en mettant les morceaux endroit contre endroit puis en retournant le tout. Le r\u00e9sultat \u00e9tant qu&rsquo;il y avait peu de marge de manoeuvre\u00a0 car les 2 morceaux \u00e9taient exactement de la m\u00eame dimension. J&rsquo;ai du rogner un peu la bande ext\u00e9rieure\u00a0 du top.\u00a0 Nous avons alors matelass\u00e9 machine puis termin\u00e9 avec un joyeux biais rouge. Quelle transformation! Le matelassage donne un aspect confortable et fait ressortir les motifs des tissus. Elle \u00e9tait ravie Maintenant le b\u00e9b\u00e9 aura un joli patchwork pour son lit et sa maman pourra le laver sans probl\u00e8mes.<\/p>\n<p><img loading=\"lazy\" decoding=\"async\" class=\"aligncenter size-full wp-image-6035\" src=\"https:\/\/www.patchwork-perles-broderies.com\/blog\/wp-content\/uploads\/2025\/04\/patch-pour-Nathalie1.jpg\" alt=\"\" width=\"709\" height=\"945\" srcset=\"https:\/\/www.patchwork-perles-broderies.com\/blog\/wp-content\/uploads\/2025\/04\/patch-pour-Nathalie1.jpg 709w, https:\/\/www.patchwork-perles-broderies.com\/blog\/wp-content\/uploads\/2025\/04\/patch-pour-Nathalie1-225x300.jpg 225w, https:\/\/www.patchwork-perles-broderies.com\/blog\/wp-content\/uploads\/2025\/04\/patch-pour-Nathalie1-624x832.jpg 624w\" sizes=\"auto, (max-width: 709px) 100vw, 709px\" \/><br \/>\nEt moi, \u00e7a m&rsquo;a donn\u00e9 envie de recommencer \u00e0 en faire. Bien s\u00fbr il me faut utiliser loupe et enfile aiguille, mais\u00a0 je pourrai peut \u00eatre tout de m\u00eame faire quelque chose.<\/p>\n","protected":false},"excerpt":{"rendered":"<p>Une de mes petites amies est venue me voir l&rsquo;autre jour. Elle tenait \u00e0 la main un patch qui lui avait \u00e9t\u00e9 offert pour la naissance de son premier b\u00e9b\u00e9 et \u00e9tait au bord des larmes&#8230;. Le patch n&rsquo;\u00e9tait pas vraiment s\u00e9duisant avec ses coutures de travers et un matelassage inexistant, les couleurs semblaient ternes [&hellip;]<\/p>\n","protected":false},"author":1,"featured_media":0,"comment_status":"open","ping_status":"open","sticky":false,"template":"","format":"standard","meta":{"footnotes":""},"categories":[1],"tags":[],"class_list":["post-6026","post","type-post","status-publish","format-standard","hentry","category-non-classe"],"aioseo_notices":[],"_links":{"self":[{"href":"https:\/\/www.patchwork-perles-broderies.com\/blog\/wp-json\/wp\/v2\/posts\/6026","targetHints":{"allow":["GET"]}}],"collection":[{"href":"https:\/\/www.patchwork-perles-broderies.com\/blog\/wp-json\/wp\/v2\/posts"}],"about":[{"href":"https:\/\/www.patchwork-perles-broderies.com\/blog\/wp-json\/wp\/v2\/types\/post"}],"author":[{"embeddable":true,"href":"https:\/\/www.patchwork-perles-broderies.com\/blog\/wp-json\/wp\/v2\/users\/1"}],"replies":[{"embeddable":true,"href":"https:\/\/www.patchwork-perles-broderies.com\/blog\/wp-json\/wp\/v2\/comments?post=6026"}],"version-history":[{"count":6,"href":"https:\/\/www.patchwork-perles-broderies.com\/blog\/wp-json\/wp\/v2\/posts\/6026\/revisions"}],"predecessor-version":[{"id":6036,"href":"https:\/\/www.patchwork-perles-broderies.com\/blog\/wp-json\/wp\/v2\/posts\/6026\/revisions\/6036"}],"wp:attachment":[{"href":"https:\/\/www.patchwork-perles-broderies.com\/blog\/wp-json\/wp\/v2\/media?parent=6026"}],"wp:term":[{"taxonomy":"category","embeddable":true,"href":"https:\/\/www.patchwork-perles-broderies.com\/blog\/wp-json\/wp\/v2\/categories?post=6026"},{"taxonomy":"post_tag","embeddable":true,"href":"https:\/\/www.patchwork-perles-broderies.com\/blog\/wp-json\/wp\/v2\/tags?post=6026"}],"curies":[{"name":"wp","href":"https:\/\/api.w.org\/{rel}","templated":true}]}}